{"id":13499,"date":"2021-04-09T09:23:15","date_gmt":"2021-04-09T07:23:15","guid":{"rendered":"http:\/\/serveiseducatius.xtec.cat\/pladurgell\/?p=13499"},"modified":"2022-08-08T16:13:45","modified_gmt":"2022-08-08T14:13:45","slug":"xiii-jornada-de-programacio-i-robotica-educativa","status":"publish","type":"post","link":"https:\/\/serveiseducatius.xtec.cat\/pladurgell\/general\/xiii-jornada-de-programacio-i-robotica-educativa\/","title":{"rendered":"XIII Jornada de programaci\u00f3 i rob\u00f2tica educativa"},"content":{"rendered":"<p><a href=\"https:\/\/serveiseducatius.xtec.cat\/pladurgell\/wp-content\/uploads\/usu1141\/2021\/04\/jpre21.jpg_1637373458.jpg\"><img loading=\"lazy\" decoding=\"async\" class=\"aligncenter wp-image-13500\" src=\"https:\/\/serveiseducatius.xtec.cat\/pladurgell\/wp-content\/uploads\/usu1141\/2021\/04\/jpre21.jpg_1637373458-300x201.jpg\" alt=\"\" width=\"400\" height=\"268\" srcset=\"https:\/\/serveiseducatius.xtec.cat\/pladurgell\/wp-content\/uploads\/usu1141\/2021\/04\/jpre21.jpg_1637373458-300x201.jpg 300w, https:\/\/serveiseducatius.xtec.cat\/pladurgell\/wp-content\/uploads\/usu1141\/2021\/04\/jpre21.jpg_1637373458.jpg 410w\" sizes=\"auto, (max-width: 400px) 100vw, 400px\" \/><\/a><\/p>\n<p style=\"text-align: justify;\">El dissabte, dia\u00a0<strong>29 de maig de 2021<\/strong>\u00a0se celebrar\u00e0 la tretzena\u00a0<strong>edici\u00f3<\/strong>\u00a0de la\u00a0<strong>Jornada Programa<\/strong>, dedicada a l\u2019intercanvi d\u2019experi\u00e8ncies did\u00e0ctiques on s\u2019empren entorns de programaci\u00f3 i de rob\u00f2tica educatives. Aquest any de nou ser\u00e0 una edici\u00f3\u00a0<strong>completament virtual<\/strong>\u00a0i amb un horari \u00fanicament de mat\u00ed, on totes les pon\u00e8ncies, els tallers i la fira d\u2019alumnes s\u2019emetran per streaming.<!--more--><\/p>\n<p style=\"text-align: justify;\">Us animem a presentar les vostres\u00a0<b>propostes<\/b>\u00a0per a pon\u00e8ncies, fira, tallers emplenant aquest\u00a0<a href=\"https:\/\/forms.gle\/Zq6hrasMwfJbFhhj6\">formulari<\/a>\u00a0fins a<b>l 9 de maig a les 24 h<\/b>.<\/p>\n<p style=\"text-align: justify;\">Aquesta trobada est\u00e0 especialment adre\u00e7ada als docents de\u00a0prim\u00e0ria i de secund\u00e0ria interessats en l\u2019\u00fas de la programaci\u00f3 i la rob\u00f2tica en els seus entorns d\u2019aula, per\u00f2 tamb\u00e9 est\u00e0 oberta a altres professionals interessats en la tem\u00e0tica. Tanmateix, des de fa uns anys, tamb\u00e9 hi participen alumnes, acompanyats pels seus professors, en la mostra de treballs realitzats per l\u2019alumnat.<\/p>\n<p>Tota la informaci\u00f3 al\u00a0 <a href=\"https:\/\/blocs.xtec.cat\/jornadaprograma\/?_ga=2.102035527.757745772.1617877000-1729961191.1536075616\" target=\"_blank\" rel=\"noopener noreferrer\">Web de l&#8217;esdeveniment.<\/a><\/p>\n","protected":false},"excerpt":{"rendered":"<p>El dissabte, dia\u00a029 de maig de 2021\u00a0se celebrar\u00e0 la tretzena\u00a0edici\u00f3\u00a0de la\u00a0Jornada Programa, dedicada a l\u2019intercanvi d\u2019experi\u00e8ncies did\u00e0ctiques on s\u2019empren entorns [&hellip;]<\/p>\n","protected":false},"author":1,"featured_media":13500,"comment_status":"open","ping_status":"closed","sticky":false,"template":"","format":"standard","meta":{"_bbp_topic_count":0,"_bbp_reply_count":0,"_bbp_total_topic_count":0,"_bbp_total_reply_count":0,"_bbp_voice_count":0,"_bbp_anonymous_reply_count":0,"_bbp_topic_count_hidden":0,"_bbp_reply_count_hidden":0,"_bbp_forum_subforum_count":0,"site-sidebar-layout":"default","site-content-layout":"","ast-site-content-layout":"","site-content-style":"default","site-sidebar-style":"default","ast-global-header-display":"","ast-banner-title-visibility":"","ast-main-header-display":"","ast-hfb-above-header-display":"","ast-hfb-below-header-display":"","ast-hfb-mobile-header-display":"","site-post-title":"","ast-breadcrumbs-content":"","ast-featured-img":"","footer-sml-layout":"","theme-transparent-header-meta":"","adv-header-id-meta":"","stick-header-meta":"","header-above-stick-meta":"","header-main-stick-meta":"","header-below-stick-meta":"","astra-migrate-meta-layouts":"default","ast-page-background-enabled":"default","ast-page-background-meta":{"desktop":{"background-color":"var(--ast-global-color-4)","background-image":"","background-repeat":"repeat","background-position":"center center","background-size":"auto","background-attachment":"scroll","background-type":"","background-media":"","overlay-type":"","overlay-color":"","overlay-opacity":"","overlay-gradient":""},"tablet":{"background-color":"","background-image":"","background-repeat":"repeat","background-position":"center center","background-size":"auto","background-attachment":"scroll","background-type":"","background-media":"","overlay-type":"","overlay-color":"","overlay-opacity":"","overlay-gradient":""},"mobile":{"background-color":"","background-image":"","background-repeat":"repeat","background-position":"center center","background-size":"auto","background-attachment":"scroll","background-type":"","background-media":"","overlay-type":"","overlay-color":"","overlay-opacity":"","overlay-gradient":""}},"ast-content-background-meta":{"desktop":{"background-color":"var(--ast-global-color-5)","background-image":"","background-repeat":"repeat","background-position":"center center","background-size":"auto","background-attachment":"scroll","background-type":"","background-media":"","overlay-type":"","overlay-color":"","overlay-opacity":"","overlay-gradient":""},"tablet":{"background-color":"var(--ast-global-color-5)","background-image":"","background-repeat":"repeat","background-position":"center center","background-size":"auto","background-attachment":"scroll","background-type":"","background-media":"","overlay-type":"","overlay-color":"","overlay-opacity":"","overlay-gradient":""},"mobile":{"background-color":"var(--ast-global-color-5)","background-image":"","background-repeat":"repeat","background-position":"center center","background-size":"auto","background-attachment":"scroll","background-type":"","background-media":"","overlay-type":"","overlay-color":"","overlay-opacity":"","overlay-gradient":""}},"footnotes":""},"categories":[1,29],"tags":[172,179,500,109],"class_list":["post-13499","post","type-post","status-publish","format-standard","has-post-thumbnail","hentry","category-general","category-portada","tag-educacio-primaria","tag-educacio-secundaria","tag-pensament-computacional","tag-robotica"],"post_mailing_queue_ids":[],"_links":{"self":[{"href":"https:\/\/serveiseducatius.xtec.cat\/pladurgell\/wp-json\/wp\/v2\/posts\/13499","targetHints":{"allow":["GET"]}}],"collection":[{"href":"https:\/\/serveiseducatius.xtec.cat\/pladurgell\/wp-json\/wp\/v2\/posts"}],"about":[{"href":"https:\/\/serveiseducatius.xtec.cat\/pladurgell\/wp-json\/wp\/v2\/types\/post"}],"author":[{"embeddable":true,"href":"https:\/\/serveiseducatius.xtec.cat\/pladurgell\/wp-json\/wp\/v2\/users\/1"}],"replies":[{"embeddable":true,"href":"https:\/\/serveiseducatius.xtec.cat\/pladurgell\/wp-json\/wp\/v2\/comments?post=13499"}],"version-history":[{"count":2,"href":"https:\/\/serveiseducatius.xtec.cat\/pladurgell\/wp-json\/wp\/v2\/posts\/13499\/revisions"}],"predecessor-version":[{"id":13504,"href":"https:\/\/serveiseducatius.xtec.cat\/pladurgell\/wp-json\/wp\/v2\/posts\/13499\/revisions\/13504"}],"wp:featuredmedia":[{"embeddable":true,"href":"https:\/\/serveiseducatius.xtec.cat\/pladurgell\/wp-json\/wp\/v2\/media\/13500"}],"wp:attachment":[{"href":"https:\/\/serveiseducatius.xtec.cat\/pladurgell\/wp-json\/wp\/v2\/media?parent=13499"}],"wp:term":[{"taxonomy":"category","embeddable":true,"href":"https:\/\/serveiseducatius.xtec.cat\/pladurgell\/wp-json\/wp\/v2\/categories?post=13499"},{"taxonomy":"post_tag","embeddable":true,"href":"https:\/\/serveiseducatius.xtec.cat\/pladurgell\/wp-json\/wp\/v2\/tags?post=13499"}],"curies":[{"name":"wp","href":"https:\/\/api.w.org\/{rel}","templated":true}]}}