{"id":13476,"date":"2021-04-08T10:00:02","date_gmt":"2021-04-08T08:00:02","guid":{"rendered":"http:\/\/serveiseducatius.xtec.cat\/pladurgell\/?p=13476"},"modified":"2021-04-08T11:39:14","modified_gmt":"2021-04-08T09:39:14","slug":"seminari-estrategias-educativas-hacia-la-sostenibilidad-caminos-de-futuro","status":"publish","type":"post","link":"https:\/\/serveiseducatius.xtec.cat\/pladurgell\/portada\/seminari-estrategias-educativas-hacia-la-sostenibilidad-caminos-de-futuro\/","title":{"rendered":"Seminari &#8220;Estrategias educativas hacia la sostenibilidad. Caminos de futuro&#8221;"},"content":{"rendered":"<p><a href=\"https:\/\/serveiseducatius.xtec.cat\/pladurgell\/wp-content\/uploads\/usu1141\/2021\/04\/Estrategias.jpg\"><img loading=\"lazy\" decoding=\"async\" class=\"aligncenter wp-image-13477\" src=\"https:\/\/serveiseducatius.xtec.cat\/pladurgell\/wp-content\/uploads\/usu1141\/2021\/04\/Estrategias.jpg\" alt=\"\" width=\"333\" height=\"235\" \/><\/a><\/p>\n<p style=\"text-align: justify;\">El\u00a0Ministeri d&#8217;Educaci\u00f3 i Formaci\u00f3 Professional (MEFP), ha organitzat el seminari web sobre Educaci\u00f3 per al Desenvolupament Sostenible,\u00a0&#8220;Estrategias educativas hacia la sostenibilidad. Caminos de futuro&#8221;.\u00a0Aquest seminari web, es\u00a0<strong>celebrar\u00e0 els dies 22, 27 i 29 d&#8217;abril de 2021<\/strong>,\u00a0<strong>en horari de tarda de 17 a 19 hores<\/strong>. El format ser\u00e0 per videoconfer\u00e8ncia a trav\u00e9s de la plataforma Zoom.<\/p>\n<p style=\"text-align: justify;\">Us compartim l&#8217;enlla\u00e7 a la inscripci\u00f3:<\/p>\n<p style=\"text-align: justify;\"><a href=\"https:\/\/www.educacionyfp.gob.es\/servicios-al-ciudadano\/catalogo\/profesorado\/profesorado-no-universitario\/cursos-y-jornadas\/estrategias-sostenibilidad.html\" data-saferedirecturl=\"https:\/\/www.google.com\/url?q=https:\/\/www.educacionyfp.gob.es\/servicios-al-ciudadano\/catalogo\/profesorado\/profesorado-no-universitario\/cursos-y-jornadas\/estrategias-sostenibilidad.html&amp;source=gmail&amp;ust=1617952574398000&amp;usg=AFQjCNFkuwIjVBvEFuKOHQ6y_RWz9HAiNQ\">https:\/\/www.educacionyfp.gob.es\/servicios-al-ciudadano\/catalogo\/profesorado\/profesorado-no-universitario\/cursos-y-jornadas\/estrategias-sostenibilidad.html<\/a><\/p>\n<p style=\"text-align: justify;\">Trobareu tota la informaci\u00f3 a la p\u00e0gina web:<\/p>\n<p style=\"text-align: justify;\"><a href=\"http:\/\/www.educacionyfp.gob.es\/mc\/sgctie\/comunicacion\/blog\/marzo2021\/seminario-sostenibilidad.html\" data-saferedirecturl=\"https:\/\/www.google.com\/url?q=http:\/\/www.educacionyfp.gob.es\/mc\/sgctie\/comunicacion\/blog\/marzo2021\/seminario-sostenibilidad.html&amp;source=gmail&amp;ust=1617952574398000&amp;usg=AFQjCNFvMGaXCWer3aYiXJvg5Ki_jQhRMA\">http:\/\/www.educacionyfp.gob.es\/mc\/sgctie\/comunicacion\/blog\/marzo2021\/seminario-sostenibilidad.html<\/a><\/p>\n","protected":false},"excerpt":{"rendered":"<p>El\u00a0Ministeri d&#8217;Educaci\u00f3 i Formaci\u00f3 Professional (MEFP), ha organitzat el seminari web sobre Educaci\u00f3 per al Desenvolupament Sostenible,\u00a0&#8220;Estrategias educativas hacia la [&hellip;]<\/p>\n","protected":false},"author":1,"featured_media":13477,"comment_status":"open","ping_status":"closed","sticky":false,"template":"","format":"standard","meta":{"_bbp_topic_count":0,"_bbp_reply_count":0,"_bbp_total_topic_count":0,"_bbp_total_reply_count":0,"_bbp_voice_count":0,"_bbp_anonymous_reply_count":0,"_bbp_topic_count_hidden":0,"_bbp_reply_count_hidden":0,"_bbp_forum_subforum_count":0,"site-sidebar-layout":"default","site-content-layout":"","ast-site-content-layout":"","site-content-style":"default","site-sidebar-style":"default","ast-global-header-display":"","ast-banner-title-visibility":"","ast-main-header-display":"","ast-hfb-above-header-display":"","ast-hfb-below-header-display":"","ast-hfb-mobile-header-display":"","site-post-title":"","ast-breadcrumbs-content":"","ast-featured-img":"","footer-sml-layout":"","theme-transparent-header-meta":"","adv-header-id-meta":"","stick-header-meta":"","header-above-stick-meta":"","header-main-stick-meta":"","header-below-stick-meta":"","astra-migrate-meta-layouts":"default","ast-page-background-enabled":"default","ast-page-background-meta":{"desktop":{"background-color":"var(--ast-global-color-4)","background-image":"","background-repeat":"repeat","background-position":"center center","background-size":"auto","background-attachment":"scroll","background-type":"","background-media":"","overlay-type":"","overlay-color":"","overlay-opacity":"","overlay-gradient":""},"tablet":{"background-color":"","background-image":"","background-repeat":"repeat","background-position":"center center","background-size":"auto","background-attachment":"scroll","background-type":"","background-media":"","overlay-type":"","overlay-color":"","overlay-opacity":"","overlay-gradient":""},"mobile":{"background-color":"","background-image":"","background-repeat":"repeat","background-position":"center center","background-size":"auto","background-attachment":"scroll","background-type":"","background-media":"","overlay-type":"","overlay-color":"","overlay-opacity":"","overlay-gradient":""}},"ast-content-background-meta":{"desktop":{"background-color":"var(--ast-global-color-5)","background-image":"","background-repeat":"repeat","background-position":"center center","background-size":"auto","background-attachment":"scroll","background-type":"","background-media":"","overlay-type":"","overlay-color":"","overlay-opacity":"","overlay-gradient":""},"tablet":{"background-color":"var(--ast-global-color-5)","background-image":"","background-repeat":"repeat","background-position":"center center","background-size":"auto","background-attachment":"scroll","background-type":"","background-media":"","overlay-type":"","overlay-color":"","overlay-opacity":"","overlay-gradient":""},"mobile":{"background-color":"var(--ast-global-color-5)","background-image":"","background-repeat":"repeat","background-position":"center center","background-size":"auto","background-attachment":"scroll","background-type":"","background-media":"","overlay-type":"","overlay-color":"","overlay-opacity":"","overlay-gradient":""}},"footnotes":""},"categories":[29,398],"tags":[],"class_list":["post-13476","post","type-post","status-publish","format-standard","has-post-thumbnail","hentry","category-portada","category-sostenibilitat"],"post_mailing_queue_ids":[],"_links":{"self":[{"href":"https:\/\/serveiseducatius.xtec.cat\/pladurgell\/wp-json\/wp\/v2\/posts\/13476","targetHints":{"allow":["GET"]}}],"collection":[{"href":"https:\/\/serveiseducatius.xtec.cat\/pladurgell\/wp-json\/wp\/v2\/posts"}],"about":[{"href":"https:\/\/serveiseducatius.xtec.cat\/pladurgell\/wp-json\/wp\/v2\/types\/post"}],"author":[{"embeddable":true,"href":"https:\/\/serveiseducatius.xtec.cat\/pladurgell\/wp-json\/wp\/v2\/users\/1"}],"replies":[{"embeddable":true,"href":"https:\/\/serveiseducatius.xtec.cat\/pladurgell\/wp-json\/wp\/v2\/comments?post=13476"}],"version-history":[{"count":3,"href":"https:\/\/serveiseducatius.xtec.cat\/pladurgell\/wp-json\/wp\/v2\/posts\/13476\/revisions"}],"predecessor-version":[{"id":13492,"href":"https:\/\/serveiseducatius.xtec.cat\/pladurgell\/wp-json\/wp\/v2\/posts\/13476\/revisions\/13492"}],"wp:featuredmedia":[{"embeddable":true,"href":"https:\/\/serveiseducatius.xtec.cat\/pladurgell\/wp-json\/wp\/v2\/media\/13477"}],"wp:attachment":[{"href":"https:\/\/serveiseducatius.xtec.cat\/pladurgell\/wp-json\/wp\/v2\/media?parent=13476"}],"wp:term":[{"taxonomy":"category","embeddable":true,"href":"https:\/\/serveiseducatius.xtec.cat\/pladurgell\/wp-json\/wp\/v2\/categories?post=13476"},{"taxonomy":"post_tag","embeddable":true,"href":"https:\/\/serveiseducatius.xtec.cat\/pladurgell\/wp-json\/wp\/v2\/tags?post=13476"}],"curies":[{"name":"wp","href":"https:\/\/api.w.org\/{rel}","templated":true}]}}