{"id":13461,"date":"2021-04-07T12:15:29","date_gmt":"2021-04-07T10:15:29","guid":{"rendered":"http:\/\/serveiseducatius.xtec.cat\/pladurgell\/?p=13461"},"modified":"2021-04-08T11:41:17","modified_gmt":"2021-04-08T09:41:17","slug":"vi-jornades-de-llengua-i-literatura-catalanes","status":"publish","type":"post","link":"https:\/\/serveiseducatius.xtec.cat\/pladurgell\/portada\/vi-jornades-de-llengua-i-literatura-catalanes\/","title":{"rendered":"VI Jornades de Llengua i Literatura Catalanes"},"content":{"rendered":"<p>&nbsp;<\/p>\n<p><a href=\"https:\/\/serveiseducatius.xtec.cat\/pladurgell\/wp-content\/uploads\/usu1141\/2021\/04\/jornades-1.jpg\"><img loading=\"lazy\" decoding=\"async\" class=\"aligncenter wp-image-13463\" src=\"https:\/\/serveiseducatius.xtec.cat\/pladurgell\/wp-content\/uploads\/usu1141\/2021\/04\/jornades-1-300x112.jpg\" alt=\"\" width=\"469\" height=\"175\" srcset=\"https:\/\/serveiseducatius.xtec.cat\/pladurgell\/wp-content\/uploads\/usu1141\/2021\/04\/jornades-1-300x112.jpg 300w, https:\/\/serveiseducatius.xtec.cat\/pladurgell\/wp-content\/uploads\/usu1141\/2021\/04\/jornades-1.jpg 366w\" sizes=\"auto, (max-width: 469px) 100vw, 469px\" \/><\/a><\/p>\n<p>&nbsp;<\/p>\n<p style=\"text-align: justify;\">El Col\u00b7legi \u00a0Oficial de Doctors i Llicenciats en Filosofia i Lletres i en Ci\u00e8ncies de Catalunya ha organitzat les<strong><em><a href=\"https:\/\/www.cdl.cat\/cursos-i-activitats?of=1335\" data-saferedirecturl=\"https:\/\/www.google.com\/url?q=https:\/\/www.cdl.cat\/cursos-i-activitats?of%3D1335&amp;source=gmail&amp;ust=1617873932699000&amp;usg=AFQjCNGlbFgB4fi8_7Q0P5DkHgFrxNHbsQ\"> VI Jornades de Llengua i literatura catalanes<\/a><\/em>,<\/strong> enguany sota el t\u00edtol <em>Com usem la llengua catalana als centres d\u2019ensenyament?<\/em>, i que giraran entorn l\u2019\u00fas social de la llengua.<!--more--><\/p>\n<p style=\"text-align: justify;\">Durant les jornades que celebrarem els propers <strong>dies 27 i 29 d\u2019abril<\/strong> en format virtual, analitzarem l\u2019estat de la q\u00fcesti\u00f3 als centres educatius anys despr\u00e9s de la immersi\u00f3 ling\u00fc\u00edstica i dels programes\u00a0<em>LICS<\/em> i ens aproximarem a les accions que des dels centres d\u2019ensenyament i de les aules, tant de prim\u00e0ria com de secund\u00e0ria, es realitzen per a afavorir-ne l\u2019\u00fas i el prestigi; coneixerem diferents realitats de centre, diferents projectes ling\u00fc\u00edstics i interdisciplinaris adre\u00e7ats a potenciar i millorar l\u2019\u00fas del catal\u00e0 com a llengua vehicular entre el nostre alumnat.<\/p>\n<p style=\"text-align: justify;\">Us convidem a consultar el programa i a formalitzar la vostra inscripci\u00f3 mitjan\u00e7ant el <strong><a href=\"https:\/\/www.cdl.cat\/cursos-i-activitats?of=1335\" data-saferedirecturl=\"https:\/\/www.google.com\/url?q=https:\/\/www.cdl.cat\/cursos-i-activitats?of%3D1335&amp;source=gmail&amp;ust=1617873932699000&amp;usg=AFQjCNGlbFgB4fi8_7Q0P5DkHgFrxNHbsQ\">seg\u00fcent enlla\u00e7.<\/a><\/strong><\/p>\n","protected":false},"excerpt":{"rendered":"<p>&nbsp; &nbsp; El Col\u00b7legi \u00a0Oficial de Doctors i Llicenciats en Filosofia i Lletres i en Ci\u00e8ncies de Catalunya ha organitzat [&hellip;]<\/p>\n","protected":false},"author":1,"featured_media":13463,"comment_status":"open","ping_status":"closed","sticky":false,"template":"","format":"standard","meta":{"_bbp_topic_count":0,"_bbp_reply_count":0,"_bbp_total_topic_count":0,"_bbp_total_reply_count":0,"_bbp_voice_count":0,"_bbp_anonymous_reply_count":0,"_bbp_topic_count_hidden":0,"_bbp_reply_count_hidden":0,"_bbp_forum_subforum_count":0,"site-sidebar-layout":"default","site-content-layout":"","ast-site-content-layout":"","site-content-style":"default","site-sidebar-style":"default","ast-global-header-display":"","ast-banner-title-visibility":"","ast-main-header-display":"","ast-hfb-above-header-display":"","ast-hfb-below-header-display":"","ast-hfb-mobile-header-display":"","site-post-title":"","ast-breadcrumbs-content":"","ast-featured-img":"","footer-sml-layout":"","theme-transparent-header-meta":"","adv-header-id-meta":"","stick-header-meta":"","header-above-stick-meta":"","header-main-stick-meta":"","header-below-stick-meta":"","astra-migrate-meta-layouts":"default","ast-page-background-enabled":"default","ast-page-background-meta":{"desktop":{"background-color":"var(--ast-global-color-4)","background-image":"","background-repeat":"repeat","background-position":"center center","background-size":"auto","background-attachment":"scroll","background-type":"","background-media":"","overlay-type":"","overlay-color":"","overlay-opacity":"","overlay-gradient":""},"tablet":{"background-color":"","background-image":"","background-repeat":"repeat","background-position":"center center","background-size":"auto","background-attachment":"scroll","background-type":"","background-media":"","overlay-type":"","overlay-color":"","overlay-opacity":"","overlay-gradient":""},"mobile":{"background-color":"","background-image":"","background-repeat":"repeat","background-position":"center center","background-size":"auto","background-attachment":"scroll","background-type":"","background-media":"","overlay-type":"","overlay-color":"","overlay-opacity":"","overlay-gradient":""}},"ast-content-background-meta":{"desktop":{"background-color":"var(--ast-global-color-5)","background-image":"","background-repeat":"repeat","background-position":"center center","background-size":"auto","background-attachment":"scroll","background-type":"","background-media":"","overlay-type":"","overlay-color":"","overlay-opacity":"","overlay-gradient":""},"tablet":{"background-color":"var(--ast-global-color-5)","background-image":"","background-repeat":"repeat","background-position":"center center","background-size":"auto","background-attachment":"scroll","background-type":"","background-media":"","overlay-type":"","overlay-color":"","overlay-opacity":"","overlay-gradient":""},"mobile":{"background-color":"var(--ast-global-color-5)","background-image":"","background-repeat":"repeat","background-position":"center center","background-size":"auto","background-attachment":"scroll","background-type":"","background-media":"","overlay-type":"","overlay-color":"","overlay-opacity":"","overlay-gradient":""}},"footnotes":""},"categories":[497,29],"tags":[292,236],"class_list":["post-13461","post","type-post","status-publish","format-standard","has-post-thumbnail","hentry","category-llengua-i-literatura","category-portada","tag-literatura","tag-llengua-catalana"],"post_mailing_queue_ids":[],"_links":{"self":[{"href":"https:\/\/serveiseducatius.xtec.cat\/pladurgell\/wp-json\/wp\/v2\/posts\/13461","targetHints":{"allow":["GET"]}}],"collection":[{"href":"https:\/\/serveiseducatius.xtec.cat\/pladurgell\/wp-json\/wp\/v2\/posts"}],"about":[{"href":"https:\/\/serveiseducatius.xtec.cat\/pladurgell\/wp-json\/wp\/v2\/types\/post"}],"author":[{"embeddable":true,"href":"https:\/\/serveiseducatius.xtec.cat\/pladurgell\/wp-json\/wp\/v2\/users\/1"}],"replies":[{"embeddable":true,"href":"https:\/\/serveiseducatius.xtec.cat\/pladurgell\/wp-json\/wp\/v2\/comments?post=13461"}],"version-history":[{"count":3,"href":"https:\/\/serveiseducatius.xtec.cat\/pladurgell\/wp-json\/wp\/v2\/posts\/13461\/revisions"}],"predecessor-version":[{"id":13494,"href":"https:\/\/serveiseducatius.xtec.cat\/pladurgell\/wp-json\/wp\/v2\/posts\/13461\/revisions\/13494"}],"wp:featuredmedia":[{"embeddable":true,"href":"https:\/\/serveiseducatius.xtec.cat\/pladurgell\/wp-json\/wp\/v2\/media\/13463"}],"wp:attachment":[{"href":"https:\/\/serveiseducatius.xtec.cat\/pladurgell\/wp-json\/wp\/v2\/media?parent=13461"}],"wp:term":[{"taxonomy":"category","embeddable":true,"href":"https:\/\/serveiseducatius.xtec.cat\/pladurgell\/wp-json\/wp\/v2\/categories?post=13461"},{"taxonomy":"post_tag","embeddable":true,"href":"https:\/\/serveiseducatius.xtec.cat\/pladurgell\/wp-json\/wp\/v2\/tags?post=13461"}],"curies":[{"name":"wp","href":"https:\/\/api.w.org\/{rel}","templated":true}]}}