{"id":13435,"date":"2021-04-06T11:05:49","date_gmt":"2021-04-06T09:05:49","guid":{"rendered":"http:\/\/serveiseducatius.xtec.cat\/pladurgell\/?p=13435"},"modified":"2021-04-08T10:24:47","modified_gmt":"2021-04-08T08:24:47","slug":"ambaixadors-i-ambaixadores-robocat","status":"publish","type":"post","link":"https:\/\/serveiseducatius.xtec.cat\/pladurgell\/portada\/ambaixadors-i-ambaixadores-robocat\/","title":{"rendered":"Ambaixadors i ambaixadores ROBOCAT"},"content":{"rendered":"<p><a href=\"https:\/\/serveiseducatius.xtec.cat\/pladurgell\/wp-content\/uploads\/usu1141\/2021\/04\/robo.png\"><img loading=\"lazy\" decoding=\"async\" class=\"aligncenter wp-image-13436\" src=\"https:\/\/serveiseducatius.xtec.cat\/pladurgell\/wp-content\/uploads\/usu1141\/2021\/04\/robo-300x55.png\" alt=\"\" width=\"425\" height=\"78\" srcset=\"https:\/\/serveiseducatius.xtec.cat\/pladurgell\/wp-content\/uploads\/usu1141\/2021\/04\/robo-300x55.png 300w, https:\/\/serveiseducatius.xtec.cat\/pladurgell\/wp-content\/uploads\/usu1141\/2021\/04\/robo-768x142.png 768w, https:\/\/serveiseducatius.xtec.cat\/pladurgell\/wp-content\/uploads\/usu1141\/2021\/04\/robo-1024x189.png 1024w, https:\/\/serveiseducatius.xtec.cat\/pladurgell\/wp-content\/uploads\/usu1141\/2021\/04\/robo.png 1990w\" sizes=\"auto, (max-width: 425px) 100vw, 425px\" \/><\/a><\/p>\n<p>&nbsp;<\/p>\n<p class=\"gmail_default\" style=\"text-align: justify;\">L&#8217;associaci\u00f3 El Rac\u00f3 dels Robotaires, entitat organitzadora de la ROBOCAT, El Campionat de Rob\u00f2tica de Catalunya, ha obert la convocat\u00f2ria per a participar en el\u00a0programa<b>\u00a0Ambaixadors i Ambaixadores ROBOCAT\u00a0<\/b>durant el curs 2021-22,\u00a0a<span style=\"font-family: arial, sans-serif;\">dre\u00e7ada a estudiants a qui els hi agradi la tecnologia i la rob\u00f2tica, i que tinguin ganes de participar en la promoci\u00f3 de la <a href=\"https:\/\/robocat.cat\/index.html\">ROBOCAT<\/a> a la seva escola, institut o universitat.<\/span><!--more--><\/p>\n<p class=\"gmail_default\" style=\"text-align: justify;\"><span style=\"font-family: arial, sans-serif;\"><u>Com a part de l&#8217;experi\u00e8ncia podreu:<\/u><\/span><\/p>\n<ul style=\"text-align: justify;\">\n<li><span lang=\"CA\">Formar part d&#8217;un projecte pioner a Europa que promou una rob\u00f2tica lliure, assequible, sostenible i de difusi\u00f3 del patrimoni cultural, natural i art\u00edstic de Catalunya<\/span><\/li>\n<li><span lang=\"CA\">Descobrir les oportunitats que t\u2019ofereix la ROBOCAT i promoure-les entre els teus companys i companyes<\/span><\/li>\n<li><span lang=\"CA\">Con\u00e8ixer gent nova amb les mateixes inquietuds que tu. Passa-t&#8217;ho b\u00e9 mentre adquireixes noves habilitats professionals<\/span><\/li>\n<li><span lang=\"CA\">Aconseguir experi\u00e8ncia laboral durant els teus estudis a trav\u00e9s d\u2019un c\u00e0rrec de responsabilitat<\/span><\/li>\n<li><span lang=\"CA\">Fer contactes amb empreses, entitats i institucions d\u2019arreu del territori<\/span><\/li>\n<li><span lang=\"CA\">Desenvolupar les teves capacitats d\u2019orat\u00f2ria, comunicaci\u00f3, m\u00e0rqueting i recursos humans<\/span><\/li>\n<li><span lang=\"CA\">Rebre formaci\u00f3 especialitzada durant tot el programa d\u2019ambaixadors\/es<\/span><\/li>\n<li><span lang=\"CA\">Obtenir la Distinci\u00f3 d\u2019Ambaixador\/a ROBOCAT de la teva escola, institut o universitat, i una carta de recomanaci\u00f3 basada en els teus resultats<\/span><\/li>\n<\/ul>\n<p class=\"gmail_default\" style=\"text-align: justify;\">Trobareu tota la informaci\u00f3 sobre el programa en el <a href=\"https:\/\/drive.google.com\/file\/d\/1HAGjaVqxiwiPAHw1Rj3if3rzq3B7Dnzo\/view?usp=sharing\">document que us compartim<\/a>.<\/p>\n<p class=\"gmail_default\" style=\"text-align: justify;\">Podeu realitzar la vostra sol\u00b7licitud entre el 6 d&#8217;abril i el 30 d&#8217;abril de 2021 a trav\u00e9s del seg\u00fcent <a href=\"https:\/\/forms.gle\/Me2tBuK43TTy4HbU8\" target=\"_blank\" rel=\"noopener noreferrer\" data-saferedirecturl=\"https:\/\/www.google.com\/url?q=https:\/\/forms.gle\/Me2tBuK43TTy4HbU8&amp;source=gmail&amp;ust=1617779750615000&amp;usg=AFQjCNG9nu_3uhCpSe2IgVTqdU9gCaTBjg\">formulari<\/a>.<\/p>\n","protected":false},"excerpt":{"rendered":"<p>&nbsp; L&#8217;associaci\u00f3 El Rac\u00f3 dels Robotaires, entitat organitzadora de la ROBOCAT, El Campionat de Rob\u00f2tica de Catalunya, ha obert la [&hellip;]<\/p>\n","protected":false},"author":1,"featured_media":13436,"comment_status":"open","ping_status":"closed","sticky":false,"template":"","format":"standard","meta":{"_bbp_topic_count":0,"_bbp_reply_count":0,"_bbp_total_topic_count":0,"_bbp_total_reply_count":0,"_bbp_voice_count":0,"_bbp_anonymous_reply_count":0,"_bbp_topic_count_hidden":0,"_bbp_reply_count_hidden":0,"_bbp_forum_subforum_count":0,"site-sidebar-layout":"default","site-content-layout":"","ast-site-content-layout":"","site-content-style":"default","site-sidebar-style":"default","ast-global-header-display":"","ast-banner-title-visibility":"","ast-main-header-display":"","ast-hfb-above-header-display":"","ast-hfb-below-header-display":"","ast-hfb-mobile-header-display":"","site-post-title":"","ast-breadcrumbs-content":"","ast-featured-img":"","footer-sml-layout":"","theme-transparent-header-meta":"","adv-header-id-meta":"","stick-header-meta":"","header-above-stick-meta":"","header-main-stick-meta":"","header-below-stick-meta":"","astra-migrate-meta-layouts":"default","ast-page-background-enabled":"default","ast-page-background-meta":{"desktop":{"background-color":"var(--ast-global-color-4)","background-image":"","background-repeat":"repeat","background-position":"center center","background-size":"auto","background-attachment":"scroll","background-type":"","background-media":"","overlay-type":"","overlay-color":"","overlay-opacity":"","overlay-gradient":""},"tablet":{"background-color":"","background-image":"","background-repeat":"repeat","background-position":"center center","background-size":"auto","background-attachment":"scroll","background-type":"","background-media":"","overlay-type":"","overlay-color":"","overlay-opacity":"","overlay-gradient":""},"mobile":{"background-color":"","background-image":"","background-repeat":"repeat","background-position":"center center","background-size":"auto","background-attachment":"scroll","background-type":"","background-media":"","overlay-type":"","overlay-color":"","overlay-opacity":"","overlay-gradient":""}},"ast-content-background-meta":{"desktop":{"background-color":"var(--ast-global-color-5)","background-image":"","background-repeat":"repeat","background-position":"center center","background-size":"auto","background-attachment":"scroll","background-type":"","background-media":"","overlay-type":"","overlay-color":"","overlay-opacity":"","overlay-gradient":""},"tablet":{"background-color":"var(--ast-global-color-5)","background-image":"","background-repeat":"repeat","background-position":"center center","background-size":"auto","background-attachment":"scroll","background-type":"","background-media":"","overlay-type":"","overlay-color":"","overlay-opacity":"","overlay-gradient":""},"mobile":{"background-color":"var(--ast-global-color-5)","background-image":"","background-repeat":"repeat","background-position":"center center","background-size":"auto","background-attachment":"scroll","background-type":"","background-media":"","overlay-type":"","overlay-color":"","overlay-opacity":"","overlay-gradient":""}},"footnotes":""},"categories":[29],"tags":[361,172,179,109,296],"class_list":["post-13435","post","type-post","status-publish","format-standard","has-post-thumbnail","hentry","category-portada","tag-concurs","tag-educacio-primaria","tag-educacio-secundaria","tag-robotica","tag-tecnologia"],"post_mailing_queue_ids":[],"_links":{"self":[{"href":"https:\/\/serveiseducatius.xtec.cat\/pladurgell\/wp-json\/wp\/v2\/posts\/13435","targetHints":{"allow":["GET"]}}],"collection":[{"href":"https:\/\/serveiseducatius.xtec.cat\/pladurgell\/wp-json\/wp\/v2\/posts"}],"about":[{"href":"https:\/\/serveiseducatius.xtec.cat\/pladurgell\/wp-json\/wp\/v2\/types\/post"}],"author":[{"embeddable":true,"href":"https:\/\/serveiseducatius.xtec.cat\/pladurgell\/wp-json\/wp\/v2\/users\/1"}],"replies":[{"embeddable":true,"href":"https:\/\/serveiseducatius.xtec.cat\/pladurgell\/wp-json\/wp\/v2\/comments?post=13435"}],"version-history":[{"count":3,"href":"https:\/\/serveiseducatius.xtec.cat\/pladurgell\/wp-json\/wp\/v2\/posts\/13435\/revisions"}],"predecessor-version":[{"id":13485,"href":"https:\/\/serveiseducatius.xtec.cat\/pladurgell\/wp-json\/wp\/v2\/posts\/13435\/revisions\/13485"}],"wp:featuredmedia":[{"embeddable":true,"href":"https:\/\/serveiseducatius.xtec.cat\/pladurgell\/wp-json\/wp\/v2\/media\/13436"}],"wp:attachment":[{"href":"https:\/\/serveiseducatius.xtec.cat\/pladurgell\/wp-json\/wp\/v2\/media?parent=13435"}],"wp:term":[{"taxonomy":"category","embeddable":true,"href":"https:\/\/serveiseducatius.xtec.cat\/pladurgell\/wp-json\/wp\/v2\/categories?post=13435"},{"taxonomy":"post_tag","embeddable":true,"href":"https:\/\/serveiseducatius.xtec.cat\/pladurgell\/wp-json\/wp\/v2\/tags?post=13435"}],"curies":[{"name":"wp","href":"https:\/\/api.w.org\/{rel}","templated":true}]}}