{"id":13351,"date":"2021-03-17T11:54:04","date_gmt":"2021-03-17T10:54:04","guid":{"rendered":"http:\/\/serveiseducatius.xtec.cat\/pladurgell\/?p=13351"},"modified":"2021-03-17T11:55:48","modified_gmt":"2021-03-17T10:55:48","slug":"viii-edicio-del-lets-clean-up-europe","status":"publish","type":"post","link":"https:\/\/serveiseducatius.xtec.cat\/pladurgell\/portada\/viii-edicio-del-lets-clean-up-europe\/","title":{"rendered":"VIII edici\u00f3 del\u00a0Let\u2019s Clean Up Europe!"},"content":{"rendered":"<p><a href=\"https:\/\/serveiseducatius.xtec.cat\/pladurgell\/wp-content\/uploads\/usu1141\/2021\/03\/lets.png\"><img loading=\"lazy\" decoding=\"async\" class=\"aligncenter size-full wp-image-13352\" src=\"https:\/\/serveiseducatius.xtec.cat\/pladurgell\/wp-content\/uploads\/usu1141\/2021\/03\/lets.png\" alt=\"\" width=\"486\" height=\"104\" srcset=\"https:\/\/serveiseducatius.xtec.cat\/pladurgell\/wp-content\/uploads\/usu1141\/2021\/03\/lets.png 486w, https:\/\/serveiseducatius.xtec.cat\/pladurgell\/wp-content\/uploads\/usu1141\/2021\/03\/lets-300x64.png 300w\" sizes=\"auto, (max-width: 486px) 100vw, 486px\" \/><\/a><\/p>\n<p style=\"text-align: justify;\"><span style=\"color: #000000; font-family: arial, sans-serif;\">Del 7 al 9 de maig de 2021 se celebra la <b>VIII edici\u00f3 del<\/b>\u00a0<b>Let\u2019s Clean Up Europe!<\/b>. Aquesta campanya consisteix en l&#8217;organitzaci\u00f3 una acci\u00f3 a nivell de centre, comunitat educativa&#8230; que se sumi a l&#8217;acci\u00f3 comuna a tot Europa per conscienciar sobre la quantitat de residus que llencem de forma incontrolada a la natura, alhora que promoure accions de sensibilitzaci\u00f3 a trav\u00e9s de la recollida d&#8217;aquests residus abocats il\u00b7legalment als boscos, platges, marges de rius, etc.<br \/>\n<\/span><\/p>\n<p style=\"text-align: justify;\"><span style=\"color: #000000; font-family: arial, sans-serif;\">En el marc d&#8217;aquesta edici\u00f3 des de l&#8217;ARC, el proper <b>22 de mar\u00e7 a les 17.30h<\/b>, organitzen un webinar per tal d&#8217;aprofitar la campanya europea\u00a0<b>Let&#8217;s Clean up<\/b> per anar m\u00e9s enll\u00e0 d&#8217;una recollida puntual de residus. Us facilitem el <a href=\"https:\/\/docs.google.com\/forms\/d\/e\/1FAIpQLScq-jJVIv9sqoQTNW883sCkdnFrsgIjxbIqtMUT4cznGpUwLw\/viewform?gxids=7628\">formulari d&#8217;inscripci\u00f3<\/a> <\/span>a la webinar.<\/p>\n<p>Podeu inscriure les vostres accions, de l&#8217;1 al 31 de mar\u00e7, i trobar m<span style=\"color: #000000;\">\u00e9s informaci\u00f3 a la <a href=\"http:\/\/residus.gencat.cat\/ca\/ambits_dactuacio\/prevencio\/setmana_europea\/lets_clean_up_europe\/\">web de l&#8217;Ag\u00e8ncia de residus de Catalunya<\/a>.<\/span><\/p>\n<p><span style=\"font-family: arial, sans-serif;\"><span style=\"color: #000000;\">Us annexem el programa i us\u00a0compartim el<\/span>\u00a0<a href=\"https:\/\/www.youtube.com\/watch?v=naXAVQ6ZHqU\" target=\"_blank\" rel=\"noopener noreferrer\" data-saferedirecturl=\"https:\/\/www.google.com\/url?q=https:\/\/www.youtube.com\/watch?v%3DnaXAVQ6ZHqU&amp;source=gmail&amp;ust=1616058419081000&amp;usg=AFQjCNFbONaL1l0wyHBTOdp62m3ByeNpVw\">v\u00eddeo promocional d&#8217;aquesta edici\u00f3<\/a>.<\/span><\/p>\n","protected":false},"excerpt":{"rendered":"<p>Del 7 al 9 de maig de 2021 se celebra la VIII edici\u00f3 del\u00a0Let\u2019s Clean Up Europe!. Aquesta campanya consisteix [&hellip;]<\/p>\n","protected":false},"author":1,"featured_media":13352,"comment_status":"open","ping_status":"closed","sticky":false,"template":"","format":"standard","meta":{"_bbp_topic_count":0,"_bbp_reply_count":0,"_bbp_total_topic_count":0,"_bbp_total_reply_count":0,"_bbp_voice_count":0,"_bbp_anonymous_reply_count":0,"_bbp_topic_count_hidden":0,"_bbp_reply_count_hidden":0,"_bbp_forum_subforum_count":0,"site-sidebar-layout":"default","site-content-layout":"","ast-site-content-layout":"","site-content-style":"default","site-sidebar-style":"default","ast-global-header-display":"","ast-banner-title-visibility":"","ast-main-header-display":"","ast-hfb-above-header-display":"","ast-hfb-below-header-display":"","ast-hfb-mobile-header-display":"","site-post-title":"","ast-breadcrumbs-content":"","ast-featured-img":"","footer-sml-layout":"","theme-transparent-header-meta":"","adv-header-id-meta":"","stick-header-meta":"","header-above-stick-meta":"","header-main-stick-meta":"","header-below-stick-meta":"","astra-migrate-meta-layouts":"default","ast-page-background-enabled":"default","ast-page-background-meta":{"desktop":{"background-color":"var(--ast-global-color-4)","background-image":"","background-repeat":"repeat","background-position":"center center","background-size":"auto","background-attachment":"scroll","background-type":"","background-media":"","overlay-type":"","overlay-color":"","overlay-opacity":"","overlay-gradient":""},"tablet":{"background-color":"","background-image":"","background-repeat":"repeat","background-position":"center center","background-size":"auto","background-attachment":"scroll","background-type":"","background-media":"","overlay-type":"","overlay-color":"","overlay-opacity":"","overlay-gradient":""},"mobile":{"background-color":"","background-image":"","background-repeat":"repeat","background-position":"center center","background-size":"auto","background-attachment":"scroll","background-type":"","background-media":"","overlay-type":"","overlay-color":"","overlay-opacity":"","overlay-gradient":""}},"ast-content-background-meta":{"desktop":{"background-color":"var(--ast-global-color-5)","background-image":"","background-repeat":"repeat","background-position":"center center","background-size":"auto","background-attachment":"scroll","background-type":"","background-media":"","overlay-type":"","overlay-color":"","overlay-opacity":"","overlay-gradient":""},"tablet":{"background-color":"var(--ast-global-color-5)","background-image":"","background-repeat":"repeat","background-position":"center center","background-size":"auto","background-attachment":"scroll","background-type":"","background-media":"","overlay-type":"","overlay-color":"","overlay-opacity":"","overlay-gradient":""},"mobile":{"background-color":"var(--ast-global-color-5)","background-image":"","background-repeat":"repeat","background-position":"center center","background-size":"auto","background-attachment":"scroll","background-type":"","background-media":"","overlay-type":"","overlay-color":"","overlay-opacity":"","overlay-gradient":""}},"footnotes":""},"categories":[450,29],"tags":[413,163,172,179,295],"class_list":["post-13351","post","type-post","status-publish","format-standard","has-post-thumbnail","hentry","category-educacio-per-a-la-sostenibilitat","category-portada","tag-escolesverdes","tag-educacio-infantil","tag-educacio-primaria","tag-educacio-secundaria","tag-medi-ambient"],"post_mailing_queue_ids":[],"_links":{"self":[{"href":"https:\/\/serveiseducatius.xtec.cat\/pladurgell\/wp-json\/wp\/v2\/posts\/13351","targetHints":{"allow":["GET"]}}],"collection":[{"href":"https:\/\/serveiseducatius.xtec.cat\/pladurgell\/wp-json\/wp\/v2\/posts"}],"about":[{"href":"https:\/\/serveiseducatius.xtec.cat\/pladurgell\/wp-json\/wp\/v2\/types\/post"}],"author":[{"embeddable":true,"href":"https:\/\/serveiseducatius.xtec.cat\/pladurgell\/wp-json\/wp\/v2\/users\/1"}],"replies":[{"embeddable":true,"href":"https:\/\/serveiseducatius.xtec.cat\/pladurgell\/wp-json\/wp\/v2\/comments?post=13351"}],"version-history":[{"count":1,"href":"https:\/\/serveiseducatius.xtec.cat\/pladurgell\/wp-json\/wp\/v2\/posts\/13351\/revisions"}],"predecessor-version":[{"id":13353,"href":"https:\/\/serveiseducatius.xtec.cat\/pladurgell\/wp-json\/wp\/v2\/posts\/13351\/revisions\/13353"}],"wp:featuredmedia":[{"embeddable":true,"href":"https:\/\/serveiseducatius.xtec.cat\/pladurgell\/wp-json\/wp\/v2\/media\/13352"}],"wp:attachment":[{"href":"https:\/\/serveiseducatius.xtec.cat\/pladurgell\/wp-json\/wp\/v2\/media?parent=13351"}],"wp:term":[{"taxonomy":"category","embeddable":true,"href":"https:\/\/serveiseducatius.xtec.cat\/pladurgell\/wp-json\/wp\/v2\/categories?post=13351"},{"taxonomy":"post_tag","embeddable":true,"href":"https:\/\/serveiseducatius.xtec.cat\/pladurgell\/wp-json\/wp\/v2\/tags?post=13351"}],"curies":[{"name":"wp","href":"https:\/\/api.w.org\/{rel}","templated":true}]}}