{"id":13302,"date":"2021-03-11T16:32:01","date_gmt":"2021-03-11T15:32:01","guid":{"rendered":"http:\/\/serveiseducatius.xtec.cat\/pladurgell\/?p=13302"},"modified":"2021-03-11T16:34:53","modified_gmt":"2021-03-11T15:34:53","slug":"pla-les-escoles-lliures-de-violencies","status":"publish","type":"post","link":"https:\/\/serveiseducatius.xtec.cat\/pladurgell\/general\/pla-les-escoles-lliures-de-violencies\/","title":{"rendered":"Pla les escoles lliures de viol\u00e8ncies"},"content":{"rendered":"<table style=\"height: 276px; width: 440px;\" width=\"209\">\n<tbody>\n<tr>\n<td style=\"width: 435.2px; background-color: #b5fa84; text-align: center;\"><a href=\"https:\/\/serveiseducatius.xtec.cat\/pladurgell\/wp-content\/uploads\/usu1141\/2021\/03\/Lliures-de-viol\u00e8ncia.png\"><img loading=\"lazy\" decoding=\"async\" class=\"size-medium wp-image-13303\" src=\"https:\/\/serveiseducatius.xtec.cat\/pladurgell\/wp-content\/uploads\/usu1141\/2021\/03\/Lliures-de-viol\u00e8ncia-228x300.png\" alt=\"\" width=\"228\" height=\"300\" srcset=\"https:\/\/serveiseducatius.xtec.cat\/pladurgell\/wp-content\/uploads\/usu1141\/2021\/03\/Lliures-de-viol\u00e8ncia-228x300.png 228w, https:\/\/serveiseducatius.xtec.cat\/pladurgell\/wp-content\/uploads\/usu1141\/2021\/03\/Lliures-de-viol\u00e8ncia.png 490w\" sizes=\"auto, (max-width: 228px) 100vw, 228px\" \/><\/a><\/td>\n<\/tr>\n<\/tbody>\n<\/table>\n<div class=\"col-sm-8 basic_text_peq\">\n<div class=\"pd-15x\">\n<p style=\"text-align: justify;\">El passat 10 de mar\u00e7, el Departament d&#8217;Educaci\u00f3 va posar en funcionament el<strong>\u00a0Pla les escoles lliures de viol\u00e8ncies <\/strong>que ha de donar resposta a totes les situacions de viol\u00e8ncia en l&#8217;\u00e0mbit educatiu.<\/p>\n<p style=\"text-align: justify;\">L&#8217;objecte d&#8217;aquest pla \u00e9s la prevenci\u00f3, intervenci\u00f3 i seguiment de les situacions de viol\u00e8ncia que afecten menors. Aquest pla posa l&#8217;alumnat i el seu benestar en la centralitat de les actuacions que se&#8217;n desprenen per garantir la protecci\u00f3 i l&#8217;inter\u00e8s superior del menor. Inclou una avaluaci\u00f3 objectiva de la realitat d&#8217;aquestes viol\u00e8ncies, compartida amb entitats del sector i la comunitat educativa.<\/p>\n<\/div>\n<\/div>\n<div class=\"col-sm-4 center-block \" style=\"text-align: justify;\">\n<p class=\"basic_text_descarregar\"><a class=\"tit\" title=\"Les escoles lliures de viol\u00e8ncies (LELV)\" href=\"http:\/\/educacio.gencat.cat\/web\/.content\/home\/departament\/linies-estrategiques\/escoles-lliures-violencies\/escoles-lliures-violencia.pdf\">Les escoles lliures de viol\u00e8ncies (LELV)<\/a><\/p>\n<\/div>\n<p style=\"text-align: justify;\">M\u00e9s informaci\u00f3 en aquest <a href=\"http:\/\/educacio.gencat.cat\/ca\/departament\/linies-estrategiques\/escoles-lliures-de-violencies\/index.html\">enlla\u00e7 a l&#8217;Xtec.<\/a><\/p>\n","protected":false},"excerpt":{"rendered":"<p>El passat 10 de mar\u00e7, el Departament d&#8217;Educaci\u00f3 va posar en funcionament el\u00a0Pla les escoles lliures de viol\u00e8ncies que ha [&hellip;]<\/p>\n","protected":false},"author":1,"featured_media":13303,"comment_status":"open","ping_status":"closed","sticky":false,"template":"","format":"standard","meta":{"_bbp_topic_count":0,"_bbp_reply_count":0,"_bbp_total_topic_count":0,"_bbp_total_reply_count":0,"_bbp_voice_count":0,"_bbp_anonymous_reply_count":0,"_bbp_topic_count_hidden":0,"_bbp_reply_count_hidden":0,"_bbp_forum_subforum_count":0,"site-sidebar-layout":"default","site-content-layout":"","ast-site-content-layout":"","site-content-style":"default","site-sidebar-style":"default","ast-global-header-display":"","ast-banner-title-visibility":"","ast-main-header-display":"","ast-hfb-above-header-display":"","ast-hfb-below-header-display":"","ast-hfb-mobile-header-display":"","site-post-title":"","ast-breadcrumbs-content":"","ast-featured-img":"","footer-sml-layout":"","theme-transparent-header-meta":"","adv-header-id-meta":"","stick-header-meta":"","header-above-stick-meta":"","header-main-stick-meta":"","header-below-stick-meta":"","astra-migrate-meta-layouts":"default","ast-page-background-enabled":"default","ast-page-background-meta":{"desktop":{"background-color":"var(--ast-global-color-4)","background-image":"","background-repeat":"repeat","background-position":"center center","background-size":"auto","background-attachment":"scroll","background-type":"","background-media":"","overlay-type":"","overlay-color":"","overlay-opacity":"","overlay-gradient":""},"tablet":{"background-color":"","background-image":"","background-repeat":"repeat","background-position":"center center","background-size":"auto","background-attachment":"scroll","background-type":"","background-media":"","overlay-type":"","overlay-color":"","overlay-opacity":"","overlay-gradient":""},"mobile":{"background-color":"","background-image":"","background-repeat":"repeat","background-position":"center center","background-size":"auto","background-attachment":"scroll","background-type":"","background-media":"","overlay-type":"","overlay-color":"","overlay-opacity":"","overlay-gradient":""}},"ast-content-background-meta":{"desktop":{"background-color":"var(--ast-global-color-5)","background-image":"","background-repeat":"repeat","background-position":"center center","background-size":"auto","background-attachment":"scroll","background-type":"","background-media":"","overlay-type":"","overlay-color":"","overlay-opacity":"","overlay-gradient":""},"tablet":{"background-color":"var(--ast-global-color-5)","background-image":"","background-repeat":"repeat","background-position":"center center","background-size":"auto","background-attachment":"scroll","background-type":"","background-media":"","overlay-type":"","overlay-color":"","overlay-opacity":"","overlay-gradient":""},"mobile":{"background-color":"var(--ast-global-color-5)","background-image":"","background-repeat":"repeat","background-position":"center center","background-size":"auto","background-attachment":"scroll","background-type":"","background-media":"","overlay-type":"","overlay-color":"","overlay-opacity":"","overlay-gradient":""}},"footnotes":""},"categories":[154,1,29],"tags":[],"class_list":["post-13302","post","type-post","status-publish","format-standard","has-post-thumbnail","hentry","category-formacio","category-general","category-portada"],"post_mailing_queue_ids":[],"_links":{"self":[{"href":"https:\/\/serveiseducatius.xtec.cat\/pladurgell\/wp-json\/wp\/v2\/posts\/13302","targetHints":{"allow":["GET"]}}],"collection":[{"href":"https:\/\/serveiseducatius.xtec.cat\/pladurgell\/wp-json\/wp\/v2\/posts"}],"about":[{"href":"https:\/\/serveiseducatius.xtec.cat\/pladurgell\/wp-json\/wp\/v2\/types\/post"}],"author":[{"embeddable":true,"href":"https:\/\/serveiseducatius.xtec.cat\/pladurgell\/wp-json\/wp\/v2\/users\/1"}],"replies":[{"embeddable":true,"href":"https:\/\/serveiseducatius.xtec.cat\/pladurgell\/wp-json\/wp\/v2\/comments?post=13302"}],"version-history":[{"count":3,"href":"https:\/\/serveiseducatius.xtec.cat\/pladurgell\/wp-json\/wp\/v2\/posts\/13302\/revisions"}],"predecessor-version":[{"id":13307,"href":"https:\/\/serveiseducatius.xtec.cat\/pladurgell\/wp-json\/wp\/v2\/posts\/13302\/revisions\/13307"}],"wp:featuredmedia":[{"embeddable":true,"href":"https:\/\/serveiseducatius.xtec.cat\/pladurgell\/wp-json\/wp\/v2\/media\/13303"}],"wp:attachment":[{"href":"https:\/\/serveiseducatius.xtec.cat\/pladurgell\/wp-json\/wp\/v2\/media?parent=13302"}],"wp:term":[{"taxonomy":"category","embeddable":true,"href":"https:\/\/serveiseducatius.xtec.cat\/pladurgell\/wp-json\/wp\/v2\/categories?post=13302"},{"taxonomy":"post_tag","embeddable":true,"href":"https:\/\/serveiseducatius.xtec.cat\/pladurgell\/wp-json\/wp\/v2\/tags?post=13302"}],"curies":[{"name":"wp","href":"https:\/\/api.w.org\/{rel}","templated":true}]}}