{"id":13278,"date":"2021-03-26T11:19:59","date_gmt":"2021-03-26T10:19:59","guid":{"rendered":"http:\/\/serveiseducatius.xtec.cat\/pladurgell\/?p=13278"},"modified":"2021-04-14T10:10:44","modified_gmt":"2021-04-14T08:10:44","slug":"informatiu-abril","status":"publish","type":"post","link":"https:\/\/serveiseducatius.xtec.cat\/pladurgell\/general\/informatiu-abril\/","title":{"rendered":"Informatiu abril"},"content":{"rendered":"<p><a href=\"https:\/\/serveiseducatius.xtec.cat\/pladurgell\/wp-content\/uploads\/usu1141\/2021\/03\/abril-1.png\"><img loading=\"lazy\" decoding=\"async\" class=\"aligncenter size-medium wp-image-13544\" src=\"https:\/\/serveiseducatius.xtec.cat\/pladurgell\/wp-content\/uploads\/usu1141\/2021\/03\/abril-1-255x300.png\" alt=\"\" width=\"255\" height=\"300\" srcset=\"https:\/\/serveiseducatius.xtec.cat\/pladurgell\/wp-content\/uploads\/usu1141\/2021\/03\/abril-1-255x300.png 255w, https:\/\/serveiseducatius.xtec.cat\/pladurgell\/wp-content\/uploads\/usu1141\/2021\/03\/abril-1.png 536w\" sizes=\"auto, (max-width: 255px) 100vw, 255px\" \/><\/a><!--more--><\/p>\n<table style=\"height: 1336px; border-style: solid; width: 862px; border-color: #3b27cf;\">\n<tbody>\n<tr style=\"height: 59px;\">\n<td style=\"border-style: solid; border-color: #2d57ed; height: 36px; background-color: #2cf5c9; text-align: center; width: 420px;\" colspan=\"2\">\n<h4>AGENDA<\/h4>\n<\/td>\n<td style=\"border-style: solid; border-color: #2d57ed; background-color: #f5cfa6; width: 434px; height: 36px; text-align: center;\" colspan=\"2\">\n<h4>PLA DE FORMACI\u00d3 DE ZONA<\/h4>\n<\/td>\n<\/tr>\n<tr style=\"height: 460px;\">\n<td style=\"border-style: solid; border-color: #2d57ed; height: 164px; width: 420px;\" colspan=\"2\"><img loading=\"lazy\" decoding=\"async\" class=\"aligncenter\" src=\"https:\/\/serveiseducatius.xtec.cat\/pladurgell\/wp-content\/uploads\/usu1141\/2020\/11\/agenda-2-974x1024.png\" width=\"154\" height=\"162\" \/><\/p>\n<ul style=\"list-style-type: circle;\">\n<li>De l&#8217;1 al 31 de mar\u00e7, inscripcions de les vostres accions a la campanya<a href=\"https:\/\/serveiseducatius.xtec.cat\/pladurgell\/portada\/viii-edicio-del-lets-clean-up-europe\/\">\u00a0Let&#8217;s Clean Up Europe.<\/a><\/li>\n<li>22 de mar\u00e7, \u00a0publicat el llistat de tots els centres educatius que han rebut el\u00a0<a href=\"https:\/\/projectes.xtec.cat\/internacional\/etwinning\/reconeixements-i-premis-etwinning\/centres-etwinning\/\">segell\u00a0de\u00a0Centre\u00a0eTwinning\u00a0<wbr \/>2021-2022.<\/a><\/li>\n<li>De l&#8217;1 d&#8217;abril al 30 de maig, participa en el\u00a0 <a href=\"https:\/\/serveiseducatius.xtec.cat\/pladurgell\/general\/projecte-medutarraco\/\">Projecte mEduTarraco<\/a>.<\/li>\n<li>Fins el 4 d&#8217;abril, participaci\u00f3 <a href=\"https:\/\/productorscat.cat\/basesjocsfloralsrurals\">Primera edici\u00f3 dels Jocs Florals Rurals.<\/a><\/li>\n<li>Del 12 i el 16 d&#8217;abril i del 26 i al 30 d&#8217;abril, <a href=\"https:\/\/serveiseducatius.xtec.cat\/pladurgell\/general\/visites-virtuals-guiades-a-centres\/\">visites virtuals guiades entre centres<\/a> del Laboratori de Transformaci\u00f3 Edu.<\/li>\n<li>Fins el 26 d&#8217;abril, termini per presentar els treballs als <a href=\"https:\/\/serveiseducatius.xtec.cat\/pladurgell\/general\/viii-jocs-florals-escolars-de-catalunya\/\">VIII Jocs Florals de Catalunya.<\/a><\/li>\n<li>Fins el 9 de maig, inscripcions <a href=\"https:\/\/serveiseducatius.xtec.cat\/pladurgell\/portada\/xxv-edicio-del-concurs-experiencia-fotografica-internacional-dels-monuments\/\">XXV edici\u00f3 concurs Experi\u00e8ncia Fotogr\u00e0fica Internacional dels monuments<\/a>.<\/li>\n<li>Fins el 12 de maig, sol\u00b7licitud participaci\u00f3 <a href=\"https:\/\/serveiseducatius.xtec.cat\/pladurgell\/general\/convocatoria-per-a-la-participacio-en-programes-dinnovacio-pedagogica\/\">Projectes d&#8217;innovaci\u00f3 pedag\u00f2gica.<\/a><\/li>\n<li>Fins el 13 de maig,\u00a0 <a href=\"https:\/\/serveiseducatius.xtec.cat\/pladurgell\/general\/convocatoria-11a-edicio-concurs-de-videos-cientifics-xprimenta\/\">X(p)perimenta, concurs de v\u00eddeos cient\u00edfics.\u00a0<\/a><\/li>\n<\/ul>\n<\/td>\n<td style=\"border-style: solid; border-color: #2d57ed; width: 434px; height: 164px;\" colspan=\"2\"><a href=\"https:\/\/serveiseducatius.xtec.cat\/pladurgell\/wp-content\/uploads\/usu1141\/2020\/09\/PFZ_gran_trans-300x247-1.png\"><img loading=\"lazy\" decoding=\"async\" class=\"aligncenter wp-image-12069\" src=\"https:\/\/serveiseducatius.xtec.cat\/pladurgell\/wp-content\/uploads\/usu1141\/2020\/09\/PFZ_gran_trans-300x247-1-300x247.png\" alt=\"\" width=\"218\" height=\"179\" \/><\/a>Agenda d&#8217;activitats en curs:<\/p>\n<ul style=\"list-style-type: circle;\">\n<li>13.04.21 Grup de treball Maria Merc\u00e8 Mar\u00e7al a les aules II<\/li>\n<li>21.04.21 Seminari Caps d&#8217;Estudis al Pla d&#8217;Urgell<\/li>\n<li>21.04.21 Seminari de Secretaria centres Pla d&#8217;Urgell<\/li>\n<li>22.04.21 Seminari Educaci\u00f3 musical a prim\u00e0ria<\/li>\n<li>26.04.21 Seminari llengua anglesa al Pla d&#8217;Urgell<\/li>\n<li>8\/14.04.21 Jornades d&#8217;atletisme 2n ESO<\/li>\n<li>06\/20\/27.04.21 Taller- <b>Coeducaci\u00f3, classe social i aprenentatges<\/b><\/li>\n<li>7\/19.04.21 Taller d&#8217;equips de centre- <strong>Pla d&#8217;Ed. Digital de Catalunya (Moodle)<\/strong><\/li>\n<li>12\/26.04.21 Taller d&#8217;equips de centre- <strong>Pla d&#8217;Ed. Digital de Catalunya (Classroom)<\/strong><\/li>\n<\/ul>\n<\/td>\n<\/tr>\n<tr style=\"height: 32px;\">\n<td style=\"border-color: #2d57ed; height: 32px; background-color: #99f0d9; width: 420px; border-style: solid; text-align: center;\" colspan=\"2\">\n<h4>ACTIVITATS COL\u00b7LABORATIVES:<\/h4>\n<h4>\u00a0 Seminari d&#8217;educaci\u00f3 musical i<\/h4>\n<h4>Seminari d&#8217; educaci\u00f3 f\u00edsica<\/h4>\n<\/td>\n<td style=\"border-color: #2d57ed; background-color: #d1bff2; width: 434px; height: 32px; border-style: solid; text-align: center;\" colspan=\"2\">\n<h4>TALLER<\/h4>\n<h4 class=\"entry-title\">Coeducaci\u00f3, classe social i aprenentatges: eines \u00fatils a l&#8217;escola<\/h4>\n<h5><strong>a c\u00e0rrec de Daniel Gabarr\u00f3<\/strong><\/h5>\n<\/td>\n<\/tr>\n<tr style=\"height: 32px;\">\n<td style=\"height: 183px; background-color: #faf5f5; text-align: center; border-style: solid; border-color: #143df5; width: 207px;\"><a href=\"https:\/\/serveiseducatius.xtec.cat\/pladurgell\/wp-content\/uploads\/usu1141\/2021\/03\/Musiquem-la-comarca.jpg\"><img loading=\"lazy\" decoding=\"async\" class=\"aligncenter size-medium wp-image-13375\" src=\"https:\/\/serveiseducatius.xtec.cat\/pladurgell\/wp-content\/uploads\/usu1141\/2021\/03\/Musiquem-la-comarca-212x300.jpg\" alt=\"\" width=\"212\" height=\"300\" srcset=\"https:\/\/serveiseducatius.xtec.cat\/pladurgell\/wp-content\/uploads\/usu1141\/2021\/03\/Musiquem-la-comarca-212x300.jpg 212w, https:\/\/serveiseducatius.xtec.cat\/pladurgell\/wp-content\/uploads\/usu1141\/2021\/03\/Musiquem-la-comarca.jpg 600w\" sizes=\"auto, (max-width: 212px) 100vw, 212px\" \/><\/a><\/td>\n<td style=\"background-color: #faf5f5; text-align: center; border-style: solid; border-color: #143df5; height: 183px; width: 211px;\"><a href=\"https:\/\/serveiseducatius.xtec.cat\/pladurgell\/wp-content\/uploads\/usu1141\/2021\/03\/Spirit-2.png\"><img loading=\"lazy\" decoding=\"async\" class=\"aligncenter wp-image-13366\" src=\"https:\/\/serveiseducatius.xtec.cat\/pladurgell\/wp-content\/uploads\/usu1141\/2021\/03\/Spirit-2.png\" alt=\"\" width=\"187\" height=\"263\" srcset=\"https:\/\/serveiseducatius.xtec.cat\/pladurgell\/wp-content\/uploads\/usu1141\/2021\/03\/Spirit-2-768x1086.png 768w, https:\/\/serveiseducatius.xtec.cat\/pladurgell\/wp-content\/uploads\/usu1141\/2021\/03\/Spirit-2-724x1024.png 724w\" sizes=\"auto, (max-width: 187px) 100vw, 187px\" \/><\/a><\/td>\n<td style=\"text-align: center; width: 204px; height: 183px; border-style: solid; border-color: #143df5;\"><a href=\"https:\/\/serveiseducatius.xtec.cat\/pladurgell\/wp-content\/uploads\/usu1141\/2021\/03\/Cartell-1.png-redu\u00eft.png\"><img loading=\"lazy\" decoding=\"async\" class=\"aligncenter size-medium wp-image-13370\" src=\"https:\/\/serveiseducatius.xtec.cat\/pladurgell\/wp-content\/uploads\/usu1141\/2021\/03\/Cartell-1.png-redu\u00eft-225x300.png\" alt=\"\" width=\"225\" height=\"300\" srcset=\"https:\/\/serveiseducatius.xtec.cat\/pladurgell\/wp-content\/uploads\/usu1141\/2021\/03\/Cartell-1.png-redu\u00eft-225x300.png 225w, https:\/\/serveiseducatius.xtec.cat\/pladurgell\/wp-content\/uploads\/usu1141\/2021\/03\/Cartell-1.png-redu\u00eft.png 256w\" sizes=\"auto, (max-width: 225px) 100vw, 225px\" \/><\/a><\/td>\n<td style=\"width: 228px; border-color: #2d57ed; height: 183px; border-style: solid; text-align: center;\"><a href=\"https:\/\/serveiseducatius.xtec.cat\/pladurgell\/wp-content\/uploads\/usu1141\/2021\/03\/Cartell-2.png-redu\u00eft.png\"><img loading=\"lazy\" decoding=\"async\" class=\"aligncenter size-medium wp-image-13371\" src=\"https:\/\/serveiseducatius.xtec.cat\/pladurgell\/wp-content\/uploads\/usu1141\/2021\/03\/Cartell-2.png-redu\u00eft-225x300.png\" alt=\"\" width=\"225\" height=\"300\" srcset=\"https:\/\/serveiseducatius.xtec.cat\/pladurgell\/wp-content\/uploads\/usu1141\/2021\/03\/Cartell-2.png-redu\u00eft-225x300.png 225w, https:\/\/serveiseducatius.xtec.cat\/pladurgell\/wp-content\/uploads\/usu1141\/2021\/03\/Cartell-2.png-redu\u00eft.png 256w\" sizes=\"auto, (max-width: 225px) 100vw, 225px\" \/><\/a><\/td>\n<\/tr>\n<tr style=\"height: 59px;\">\n<td style=\"border-style: solid; border-color: #2d57ed; width: 856px; height: 59px; background-color: #ed7b61; text-align: left;\" colspan=\"4\">\n<h4 style=\"text-align: center;\">RECURSOS<\/h4>\n<\/td>\n<\/tr>\n<tr style=\"height: 207px;\">\n<td style=\"border-style: solid; border-color: #2d57ed; text-align: left; height: 207px; width: 207px;\"><img loading=\"lazy\" decoding=\"async\" class=\"aligncenter size-full wp-image-11851\" style=\"text-align: center; background-color: #ffffff;\" src=\"https:\/\/serveiseducatius.xtec.cat\/pladurgell\/wp-content\/uploads\/usu1141\/2020\/06\/Baldiri.jpg\" alt=\"\" width=\"553\" height=\"270\" srcset=\"https:\/\/serveiseducatius.xtec.cat\/pladurgell\/wp-content\/uploads\/usu1141\/2020\/06\/Baldiri.jpg 553w, https:\/\/serveiseducatius.xtec.cat\/pladurgell\/wp-content\/uploads\/usu1141\/2020\/06\/Baldiri-300x146.jpg 300w\" sizes=\"auto, (max-width: 553px) 100vw, 553px\" \/><\/p>\n<p style=\"text-align: center;\"><strong>\u00a0<\/strong><\/p>\n<\/td>\n<td style=\"border-style: solid; border-color: #2d57ed; text-align: left; height: 207px; width: 211px;\">\n<p style=\"text-align: center;\"><strong> <a href=\"https:\/\/serveiseducatius.xtec.cat\/pladurgell\/wp-content\/uploads\/usu1141\/2021\/03\/Lliures-de-viol\u00e8ncia.png\"><img loading=\"lazy\" decoding=\"async\" class=\"aligncenter wp-image-13303\" src=\"https:\/\/serveiseducatius.xtec.cat\/pladurgell\/wp-content\/uploads\/usu1141\/2021\/03\/Lliures-de-viol\u00e8ncia-228x300.png\" alt=\"\" width=\"140\" height=\"184\" srcset=\"https:\/\/serveiseducatius.xtec.cat\/pladurgell\/wp-content\/uploads\/usu1141\/2021\/03\/Lliures-de-viol\u00e8ncia-228x300.png 228w, https:\/\/serveiseducatius.xtec.cat\/pladurgell\/wp-content\/uploads\/usu1141\/2021\/03\/Lliures-de-viol\u00e8ncia.png 490w\" sizes=\"auto, (max-width: 140px) 100vw, 140px\" \/><\/a><\/strong><\/p>\n<\/td>\n<td style=\"width: 204px; border-style: solid; border-color: #2d57ed; text-align: center; height: 207px;\"><a href=\"https:\/\/serveiseducatius.xtec.cat\/pladurgell\/wp-content\/uploads\/usu1141\/2021\/03\/Lab_trans_edu_V1-1-e1614328011930.jpg\"><img loading=\"lazy\" decoding=\"async\" class=\"aligncenter wp-image-13282\" src=\"https:\/\/serveiseducatius.xtec.cat\/pladurgell\/wp-content\/uploads\/usu1141\/2021\/03\/Lab_trans_edu_V1-1-e1614328011930-150x300.jpg\" alt=\"\" width=\"94\" height=\"188\" srcset=\"https:\/\/serveiseducatius.xtec.cat\/pladurgell\/wp-content\/uploads\/usu1141\/2021\/03\/Lab_trans_edu_V1-1-e1614328011930-150x300.jpg 150w, https:\/\/serveiseducatius.xtec.cat\/pladurgell\/wp-content\/uploads\/usu1141\/2021\/03\/Lab_trans_edu_V1-1-e1614328011930-512x1024.jpg 512w, https:\/\/serveiseducatius.xtec.cat\/pladurgell\/wp-content\/uploads\/usu1141\/2021\/03\/Lab_trans_edu_V1-1-e1614328011930.jpg 600w\" sizes=\"auto, (max-width: 94px) 100vw, 94px\" \/><\/a><\/td>\n<td style=\"width: 228px; border-style: solid; border-color: #2d57ed; text-align: center; height: 207px;\"><a href=\"https:\/\/serveiseducatius.xtec.cat\/pladurgell\/wp-content\/uploads\/usu1141\/2021\/03\/EVVlleida.jpg\"><img loading=\"lazy\" decoding=\"async\" class=\"aligncenter size-medium wp-image-13286\" src=\"https:\/\/serveiseducatius.xtec.cat\/pladurgell\/wp-content\/uploads\/usu1141\/2021\/03\/EVVlleida-300x200.jpg\" alt=\"\" width=\"300\" height=\"200\" srcset=\"https:\/\/serveiseducatius.xtec.cat\/pladurgell\/wp-content\/uploads\/usu1141\/2021\/03\/EVVlleida-300x200.jpg 300w, https:\/\/serveiseducatius.xtec.cat\/pladurgell\/wp-content\/uploads\/usu1141\/2021\/03\/EVVlleida.jpg 710w\" sizes=\"auto, (max-width: 300px) 100vw, 300px\" \/><\/a><\/td>\n<\/tr>\n<tr style=\"height: 62px;\">\n<td style=\"border-style: solid; border-color: #2d57ed; text-align: left; height: 62px; width: 207px;\">\n<p style=\"text-align: center;\"><a href=\"https:\/\/serveiseducatius.xtec.cat\/pladurgell\/general\/butlleti-digital-del-bdr-la-lectura-font-de-plaer-i-coneixement-2\/\">Butllet\u00ed digital BDR<\/a><\/p>\n<\/td>\n<td style=\"border-style: solid; border-color: #2d57ed; text-align: left; height: 62px; width: 211px;\">\n<p style=\"text-align: center;\">Nou pla del Departament d&#8217;Educaci\u00f3<\/p>\n<p style=\"text-align: center;\"><a href=\"https:\/\/serveiseducatius.xtec.cat\/pladurgell\/general\/pla-les-escoles-lliures-de-violencies\/\">Les escoles lliures de viol\u00e8ncies<\/a><\/p>\n<\/td>\n<td style=\"width: 204px; border-style: solid; border-color: #2d57ed; text-align: center; height: 62px;\">Col\u00b7lecci\u00f3 de v\u00eddeos del Laboratori de Transformaci\u00f3 Educativa<\/p>\n<p><a href=\"https:\/\/serveiseducatius.xtec.cat\/pladurgell\/general\/transformar-per-innovar\/\">Transformar per innovar<\/a><\/td>\n<td style=\"width: 228px; border-style: solid; border-color: #2d57ed; text-align: center; height: 62px;\">Al bloc de les Escoles Verdes de Lleida<\/p>\n<p><a href=\"https:\/\/serveiseducatius.xtec.cat\/pladurgell\/portada\/11-documentals-sobre-canvi-climatic\/\">11 documentals sobre el canvi clim\u00e0tic<\/a><\/td>\n<\/tr>\n<tr style=\"height: 32px;\">\n<td style=\"border-style: solid; border-color: #2d57ed; height: 32px; background-color: #eddc5c; width: 856px; text-align: center;\" colspan=\"4\">\n<h4>US RECOMANEM !!!<\/h4>\n<\/td>\n<\/tr>\n<tr style=\"height: 32px;\">\n<td style=\"border-style: solid; border-color: #2d57ed; height: 10px; text-align: center; width: 207px;\">\n<p style=\"text-align: left;\"><a href=\"https:\/\/serveiseducatius.xtec.cat\/pladurgell\/wp-content\/uploads\/usu1141\/2021\/03\/la-veu-de-la-terra-300x160.png\"><img loading=\"lazy\" decoding=\"async\" class=\"aligncenter size-medium wp-image-13378\" src=\"https:\/\/serveiseducatius.xtec.cat\/pladurgell\/wp-content\/uploads\/usu1141\/2021\/03\/la-veu-de-la-terra-300x160-300x160.png\" alt=\"\" width=\"300\" height=\"160\" \/><\/a><\/p>\n<\/td>\n<td style=\"border-style: solid; border-color: #2d57ed; text-align: center; width: 211px; height: 10px;\">\n<p style=\"text-align: left;\"><a href=\"https:\/\/serveiseducatius.xtec.cat\/pladurgell\/wp-content\/uploads\/usu1141\/2021\/03\/foto-patrimoni.jpeg\"><img loading=\"lazy\" decoding=\"async\" class=\"aligncenter size-medium wp-image-13275\" src=\"https:\/\/serveiseducatius.xtec.cat\/pladurgell\/wp-content\/uploads\/usu1141\/2021\/03\/foto-patrimoni-300x150.jpeg\" alt=\"\" width=\"300\" height=\"150\" srcset=\"https:\/\/serveiseducatius.xtec.cat\/pladurgell\/wp-content\/uploads\/usu1141\/2021\/03\/foto-patrimoni-300x150.jpeg 300w, https:\/\/serveiseducatius.xtec.cat\/pladurgell\/wp-content\/uploads\/usu1141\/2021\/03\/foto-patrimoni.jpeg 640w\" sizes=\"auto, (max-width: 300px) 100vw, 300px\" \/><\/a><\/p>\n<\/td>\n<td style=\"border-style: solid; border-color: #2d57ed; height: 10px; text-align: center; width: 204px;\"><a href=\"https:\/\/serveiseducatius.xtec.cat\/pladurgell\/wp-content\/uploads\/usu1141\/2021\/03\/experimenta2021.jpg\"><img loading=\"lazy\" decoding=\"async\" class=\"aligncenter size-medium wp-image-13263\" src=\"https:\/\/serveiseducatius.xtec.cat\/pladurgell\/wp-content\/uploads\/usu1141\/2021\/03\/experimenta2021-300x210.jpg\" alt=\"\" width=\"300\" height=\"210\" srcset=\"https:\/\/serveiseducatius.xtec.cat\/pladurgell\/wp-content\/uploads\/usu1141\/2021\/03\/experimenta2021-300x210.jpg 300w, https:\/\/serveiseducatius.xtec.cat\/pladurgell\/wp-content\/uploads\/usu1141\/2021\/03\/experimenta2021.jpg 630w\" sizes=\"auto, (max-width: 300px) 100vw, 300px\" \/><\/a><\/td>\n<td style=\"border-style: solid; border-color: #2d57ed; text-align: center; width: 228px; height: 10px;\"><a href=\"https:\/\/serveiseducatius.xtec.cat\/pladurgell\/wp-content\/uploads\/usu1141\/2021\/03\/jocs.png\"><img loading=\"lazy\" decoding=\"async\" class=\"aligncenter wp-image-13344\" src=\"https:\/\/serveiseducatius.xtec.cat\/pladurgell\/wp-content\/uploads\/usu1141\/2021\/03\/jocs.png\" alt=\"\" width=\"171\" height=\"130\" srcset=\"https:\/\/serveiseducatius.xtec.cat\/pladurgell\/wp-content\/uploads\/usu1141\/2021\/03\/jocs.png 1058w, https:\/\/serveiseducatius.xtec.cat\/pladurgell\/wp-content\/uploads\/usu1141\/2021\/03\/jocs-300x226.png 300w, https:\/\/serveiseducatius.xtec.cat\/pladurgell\/wp-content\/uploads\/usu1141\/2021\/03\/jocs-768x578.png 768w, https:\/\/serveiseducatius.xtec.cat\/pladurgell\/wp-content\/uploads\/usu1141\/2021\/03\/jocs-1024x770.png 1024w\" sizes=\"auto, (max-width: 171px) 100vw, 171px\" \/><\/a><\/td>\n<\/tr>\n<tr style=\"height: 32px;\">\n<td style=\"border-style: solid; border-color: #2d57ed; text-align: center; width: 207px; height: 52px;\">Projecte art\u00edstic<\/p>\n<p><a href=\"https:\/\/serveiseducatius.xtec.cat\/pladurgell\/portada\/la-veu-de-la-terra\/#more-13377\">La Veu de la Terra<\/a><\/td>\n<td style=\"border-style: solid; border-color: #2d57ed; text-align: center; width: 211px; height: 52px;\"><a href=\"https:\/\/serveiseducatius.xtec.cat\/pladurgell\/portada\/xxv-edicio-del-concurs-experiencia-fotografica-internacional-dels-monuments\/\">XXV edici\u00f3 concurs Experi\u00e8ncia Fotogr\u00e0fica Internacional dels monuments<\/a><\/td>\n<td style=\"border-style: solid; border-color: #2d57ed; height: 52px; width: 204px; text-align: center;\"><a href=\"https:\/\/serveiseducatius.xtec.cat\/pladurgell\/general\/convocatoria-11a-edicio-concurs-de-videos-cientifics-xprimenta\/\">X(p)perimenta, concurs de v\u00eddeos cient\u00edfics<\/a><\/td>\n<td style=\"border-style: solid; border-color: #2d57ed; text-align: center; width: 228px; height: 52px;\"><a href=\"https:\/\/productorscat.cat\/basesjocsfloralsrurals\">Primera edici\u00f3 dels Jocs Florals Rurals<\/a><\/td>\n<\/tr>\n<tr style=\"height: 209px;\">\n<td style=\"width: 207px; border-style: solid; border-color: #2d57ed; text-align: center; height: 101px;\"><a href=\"https:\/\/serveiseducatius.xtec.cat\/pladurgell\/wp-content\/uploads\/usu1141\/2021\/03\/cartell-gran-e1615290768661.png\"><img loading=\"lazy\" decoding=\"async\" class=\"aligncenter wp-image-13298\" src=\"https:\/\/serveiseducatius.xtec.cat\/pladurgell\/wp-content\/uploads\/usu1141\/2021\/03\/cartell-gran-e1615290768661.png\" alt=\"\" width=\"184\" height=\"261\" \/><\/a><\/td>\n<td style=\"border-style: solid; border-color: #2d57ed; text-align: center; height: 101px; width: 211px;\"><a href=\"https:\/\/serveiseducatius.xtec.cat\/pladurgell\/wp-content\/uploads\/usu1141\/2021\/03\/logo_JoanTriadu_v.png\"><img loading=\"lazy\" decoding=\"async\" class=\"aligncenter wp-image-13313\" src=\"https:\/\/serveiseducatius.xtec.cat\/pladurgell\/wp-content\/uploads\/usu1141\/2021\/03\/logo_JoanTriadu_v.png\" alt=\"\" width=\"163\" height=\"249\" srcset=\"https:\/\/serveiseducatius.xtec.cat\/pladurgell\/wp-content\/uploads\/usu1141\/2021\/03\/logo_JoanTriadu_v.png 400w, https:\/\/serveiseducatius.xtec.cat\/pladurgell\/wp-content\/uploads\/usu1141\/2021\/03\/logo_JoanTriadu_v-196x300.png 196w\" sizes=\"auto, (max-width: 163px) 100vw, 163px\" \/><\/a><\/td>\n<td style=\"border-style: solid; border-color: #2d57ed; text-align: center; height: 101px; width: 204px;\"><a href=\"https:\/\/serveiseducatius.xtec.cat\/pladurgell\/wp-content\/uploads\/usu1141\/2021\/03\/image.png\"><img loading=\"lazy\" decoding=\"async\" class=\"aligncenter size-medium wp-image-13409\" src=\"https:\/\/serveiseducatius.xtec.cat\/pladurgell\/wp-content\/uploads\/usu1141\/2021\/03\/image-300x290.png\" alt=\"\" width=\"300\" height=\"290\" srcset=\"https:\/\/serveiseducatius.xtec.cat\/pladurgell\/wp-content\/uploads\/usu1141\/2021\/03\/image-300x290.png 300w, https:\/\/serveiseducatius.xtec.cat\/pladurgell\/wp-content\/uploads\/usu1141\/2021\/03\/image.png 561w\" sizes=\"auto, (max-width: 300px) 100vw, 300px\" \/><\/a><\/td>\n<td style=\"border-style: solid; border-color: #2d57ed; text-align: center; height: 101px; width: 228px;\"><a href=\"https:\/\/serveiseducatius.xtec.cat\/pladurgell\/wp-content\/uploads\/usu1141\/2021\/03\/actualitat-553x553-resolucio-innovacio-educativa-2021.jpg_1595044798.jpg\"><img loading=\"lazy\" decoding=\"async\" class=\"aligncenter wp-image-13325\" src=\"https:\/\/serveiseducatius.xtec.cat\/pladurgell\/wp-content\/uploads\/usu1141\/2021\/03\/actualitat-553x553-resolucio-innovacio-educativa-2021.jpg_1595044798.jpg\" alt=\"\" width=\"181\" height=\"181\" srcset=\"https:\/\/serveiseducatius.xtec.cat\/pladurgell\/wp-content\/uploads\/usu1141\/2021\/03\/actualitat-553x553-resolucio-innovacio-educativa-2021.jpg_1595044798.jpg 538w, https:\/\/serveiseducatius.xtec.cat\/pladurgell\/wp-content\/uploads\/usu1141\/2021\/03\/actualitat-553x553-resolucio-innovacio-educativa-2021.jpg_1595044798-150x150.jpg 150w, https:\/\/serveiseducatius.xtec.cat\/pladurgell\/wp-content\/uploads\/usu1141\/2021\/03\/actualitat-553x553-resolucio-innovacio-educativa-2021.jpg_1595044798-300x300.jpg 300w\" sizes=\"auto, (max-width: 181px) 100vw, 181px\" \/><\/a><\/td>\n<\/tr>\n<tr style=\"height: 117px;\">\n<td style=\"width: 207px; border-style: solid; border-color: #2d57ed; text-align: center; height: 10px;\"><a href=\"https:\/\/serveiseducatius.xtec.cat\/pladurgell\/general\/projecte-medutarraco\/\">Projecte mEduTarraco<\/a>.<\/td>\n<td style=\"border-style: solid; border-color: #2d57ed; text-align: center; height: 10px; width: 211px;\">\n<p class=\"entry-title\"><a href=\"https:\/\/serveiseducatius.xtec.cat\/pladurgell\/portada\/2021-any-triadu\/\">2021 any Triad\u00fa<\/a><\/p>\n<\/td>\n<td style=\"border-style: solid; border-color: #2d57ed; text-align: center; height: 10px; width: 204px;\">50\u00e8 aniversari Drac M\u00e0gic <a href=\"https:\/\/serveiseducatius.xtec.cat\/pladurgell\/general\/50e-aniversari-de-drac-magic\/#more-13408\">Noves propostes<\/a><\/td>\n<td style=\"border-style: solid; border-color: #2d57ed; text-align: center; height: 10px; width: 228px;\"><a href=\"https:\/\/serveiseducatius.xtec.cat\/pladurgell\/general\/convocatoria-per-a-la-participacio-en-programes-dinnovacio-pedagogica\/\">Convocat\u00f2ria unificada de programes d&#8217;innovaci\u00f3 pedag\u00f2gica<\/a><\/td>\n<\/tr>\n<tr style=\"height: 388px;\">\n<td style=\"width: 420px; border-style: solid; border-color: #2d57ed; text-align: center; height: 388px;\" colspan=\"2\"><a href=\"https:\/\/serveiseducatius.xtec.cat\/pladurgell\/wp-content\/uploads\/usu1141\/2021\/03\/descarga.jpg\"><img loading=\"lazy\" decoding=\"async\" class=\"aligncenter wp-image-13394\" src=\"https:\/\/serveiseducatius.xtec.cat\/pladurgell\/wp-content\/uploads\/usu1141\/2021\/03\/descarga.jpg\" alt=\"\" width=\"199\" height=\"281\" \/><\/a>Nova publicaci\u00f3<\/p>\n<p><a href=\"https:\/\/serveiseducatius.xtec.cat\/pladurgell\/portada\/estrategia-digital-de-centre\/\">Estrat\u00e8gia Digital de Centre<\/a><\/td>\n<td style=\"border-style: solid; border-color: #2d57ed; text-align: center; width: 434px; height: 388px;\" colspan=\"2\"><a href=\"https:\/\/serveiseducatius.xtec.cat\/pladurgell\/wp-content\/uploads\/usu1141\/2021\/03\/erasmus-.png\"><img loading=\"lazy\" decoding=\"async\" class=\"aligncenter wp-image-13404\" src=\"https:\/\/serveiseducatius.xtec.cat\/pladurgell\/wp-content\/uploads\/usu1141\/2021\/03\/erasmus--223x300.png\" alt=\"\" width=\"211\" height=\"284\" srcset=\"https:\/\/serveiseducatius.xtec.cat\/pladurgell\/wp-content\/uploads\/usu1141\/2021\/03\/erasmus--223x300.png 223w, https:\/\/serveiseducatius.xtec.cat\/pladurgell\/wp-content\/uploads\/usu1141\/2021\/03\/erasmus-.png 679w\" sizes=\"auto, (max-width: 211px) 100vw, 211px\" \/><\/a>Nova guia<\/p>\n<p><a href=\"https:\/\/serveiseducatius.xtec.cat\/pladurgell\/portada\/nova-guia-erasmus-2021-2027\/\">Erasmus+ 2021-2027<\/a><\/td>\n<\/tr>\n<\/tbody>\n<\/table>\n","protected":false},"excerpt":{"rendered":"","protected":false},"author":1,"featured_media":13249,"comment_status":"open","ping_status":"closed","sticky":false,"template":"","format":"standard","meta":{"_bbp_topic_count":0,"_bbp_reply_count":0,"_bbp_total_topic_count":0,"_bbp_total_reply_count":0,"_bbp_voice_count":0,"_bbp_anonymous_reply_count":0,"_bbp_topic_count_hidden":0,"_bbp_reply_count_hidden":0,"_bbp_forum_subforum_count":0,"site-sidebar-layout":"default","site-content-layout":"","ast-site-content-layout":"","site-content-style":"default","site-sidebar-style":"default","ast-global-header-display":"","ast-banner-title-visibility":"","ast-main-header-display":"","ast-hfb-above-header-display":"","ast-hfb-below-header-display":"","ast-hfb-mobile-header-display":"","site-post-title":"","ast-breadcrumbs-content":"","ast-featured-img":"","footer-sml-layout":"","theme-transparent-header-meta":"","adv-header-id-meta":"","stick-header-meta":"","header-above-stick-meta":"","header-main-stick-meta":"","header-below-stick-meta":"","astra-migrate-meta-layouts":"default","ast-page-background-enabled":"default","ast-page-background-meta":{"desktop":{"background-color":"var(--ast-global-color-4)","background-image":"","background-repeat":"repeat","background-position":"center center","background-size":"auto","background-attachment":"scroll","background-type":"","background-media":"","overlay-type":"","overlay-color":"","overlay-opacity":"","overlay-gradient":""},"tablet":{"background-color":"","background-image":"","background-repeat":"repeat","background-position":"center center","background-size":"auto","background-attachment":"scroll","background-type":"","background-media":"","overlay-type":"","overlay-color":"","overlay-opacity":"","overlay-gradient":""},"mobile":{"background-color":"","background-image":"","background-repeat":"repeat","background-position":"center center","background-size":"auto","background-attachment":"scroll","background-type":"","background-media":"","overlay-type":"","overlay-color":"","overlay-opacity":"","overlay-gradient":""}},"ast-content-background-meta":{"desktop":{"background-color":"var(--ast-global-color-5)","background-image":"","background-repeat":"repeat","background-position":"center center","background-size":"auto","background-attachment":"scroll","background-type":"","background-media":"","overlay-type":"","overlay-color":"","overlay-opacity":"","overlay-gradient":""},"tablet":{"background-color":"var(--ast-global-color-5)","background-image":"","background-repeat":"repeat","background-position":"center center","background-size":"auto","background-attachment":"scroll","background-type":"","background-media":"","overlay-type":"","overlay-color":"","overlay-opacity":"","overlay-gradient":""},"mobile":{"background-color":"var(--ast-global-color-5)","background-image":"","background-repeat":"repeat","background-position":"center center","background-size":"auto","background-attachment":"scroll","background-type":"","background-media":"","overlay-type":"","overlay-color":"","overlay-opacity":"","overlay-gradient":""}},"footnotes":""},"categories":[1,303,29],"tags":[490,460,385,361,368,226,304,295],"class_list":["post-13278","post","type-post","status-publish","format-standard","has-post-thumbnail","hentry","category-general","category-fulls-informatius","category-portada","tag-laboratoridetransformacioeducativa","tag-pladeducaciodigital","tag-coeducacio","tag-concurs","tag-educacio-emocional","tag-formacio","tag-informatius","tag-medi-ambient"],"post_mailing_queue_ids":[],"_links":{"self":[{"href":"https:\/\/serveiseducatius.xtec.cat\/pladurgell\/wp-json\/wp\/v2\/posts\/13278","targetHints":{"allow":["GET"]}}],"collection":[{"href":"https:\/\/serveiseducatius.xtec.cat\/pladurgell\/wp-json\/wp\/v2\/posts"}],"about":[{"href":"https:\/\/serveiseducatius.xtec.cat\/pladurgell\/wp-json\/wp\/v2\/types\/post"}],"author":[{"embeddable":true,"href":"https:\/\/serveiseducatius.xtec.cat\/pladurgell\/wp-json\/wp\/v2\/users\/1"}],"replies":[{"embeddable":true,"href":"https:\/\/serveiseducatius.xtec.cat\/pladurgell\/wp-json\/wp\/v2\/comments?post=13278"}],"version-history":[{"count":3,"href":"https:\/\/serveiseducatius.xtec.cat\/pladurgell\/wp-json\/wp\/v2\/posts\/13278\/revisions"}],"predecessor-version":[{"id":13545,"href":"https:\/\/serveiseducatius.xtec.cat\/pladurgell\/wp-json\/wp\/v2\/posts\/13278\/revisions\/13545"}],"wp:featuredmedia":[{"embeddable":true,"href":"https:\/\/serveiseducatius.xtec.cat\/pladurgell\/wp-json\/wp\/v2\/media\/13249"}],"wp:attachment":[{"href":"https:\/\/serveiseducatius.xtec.cat\/pladurgell\/wp-json\/wp\/v2\/media?parent=13278"}],"wp:term":[{"taxonomy":"category","embeddable":true,"href":"https:\/\/serveiseducatius.xtec.cat\/pladurgell\/wp-json\/wp\/v2\/categories?post=13278"},{"taxonomy":"post_tag","embeddable":true,"href":"https:\/\/serveiseducatius.xtec.cat\/pladurgell\/wp-json\/wp\/v2\/tags?post=13278"}],"curies":[{"name":"wp","href":"https:\/\/api.w.org\/{rel}","templated":true}]}}