{"id":13269,"date":"2021-03-01T10:56:30","date_gmt":"2021-03-01T09:56:30","guid":{"rendered":"http:\/\/serveiseducatius.xtec.cat\/pladurgell\/?p=13269"},"modified":"2021-03-01T11:07:11","modified_gmt":"2021-03-01T10:07:11","slug":"projecte-shoa","status":"publish","type":"post","link":"https:\/\/serveiseducatius.xtec.cat\/pladurgell\/portada\/projecte-shoa\/","title":{"rendered":"Projecte Sho\u00e1"},"content":{"rendered":"<p><a href=\"https:\/\/serveiseducatius.xtec.cat\/pladurgell\/wp-content\/uploads\/usu1141\/2021\/03\/sho\u00e1.jpg\"><img loading=\"lazy\" decoding=\"async\" class=\"aligncenter wp-image-13270\" src=\"https:\/\/serveiseducatius.xtec.cat\/pladurgell\/wp-content\/uploads\/usu1141\/2021\/03\/sho\u00e1.jpg\" alt=\"\" width=\"231\" height=\"268\" \/><\/a><\/p>\n<p style=\"font-weight: 400; text-align: justify;\">El &#8220;Projecte Sho\u00e1&#8221; \u00e9s una iniciativa educativa gratu\u00efta fundada al 2009 a l&#8217;Uruguai amb l&#8217;objectiu d&#8217;arribar per con\u00e8ixer de ben a prop en qu\u00e8 va consistir el Sho\u00e1, Holocaust\u00a0\u00a0i, al mateix temps, obrir espais de reflexi\u00f3 sobre els paradigmes mentals i actitudinals de la toler\u00e0ncia, el respecte i la no indifer\u00e8ncia.<!--more--><\/p>\n<p style=\"font-weight: 400; text-align: justify;\">\u00a0A\u00a0l&#8217;Uruguai\u00a0ha arribat a 100.000 adolescents i enguany arriba a Catalunya amb la finalitat de seguir fomentant aquests valors entre el jovent amb una perspectiva humanista i de ciutadania global.<\/p>\n<p style=\"text-align: justify;\">L&#8217;activitat sense cap cost per als centres va\u00a0dirigida\u00a0a l&#8217;alumnat de secund\u00e0ria entre els 14 i 16 anys amb una durada d&#8217;uns 90 minuts aproximadament i amb la intervenci\u00f3 de formadors per part de l&#8217;organitzaci\u00f3 per grup-classe.\u00a0Els centres interessats en participar podran proposar\u00a0data i horari de l&#8217;activitat.<\/p>\n<p style=\"text-align: justify;\">Us annexem la <a href=\"https:\/\/drive.google.com\/file\/d\/1PyytjJe4UKAn9OGPel9HvOsTf3QDTtex\/view?usp=sharing\">presentaci\u00f3 del projecte<\/a>, aix\u00ed com la <a href=\"https:\/\/drive.google.com\/file\/d\/1Jta03LMqoTZx11__ZuX0iQ4SLYwmoOTF\/view?usp=sharing\">tem\u00e0tica de l&#8217;activitat<\/a> del projecte.<\/p>\n<p style=\"font-weight: 400; text-align: justify;\">Per a m\u00e9s informaci\u00f3 podeu dirigir-vos a:\u00a0<a href=\"mailto:bcn@proyectoshoa.com\">bcn@proyectoshoa.com<\/a><\/p>\n","protected":false},"excerpt":{"rendered":"<p>El &#8220;Projecte Sho\u00e1&#8221; \u00e9s una iniciativa educativa gratu\u00efta fundada al 2009 a l&#8217;Uruguai amb l&#8217;objectiu d&#8217;arribar per con\u00e8ixer de ben [&hellip;]<\/p>\n","protected":false},"author":1,"featured_media":13270,"comment_status":"open","ping_status":"closed","sticky":false,"template":"","format":"standard","meta":{"_bbp_topic_count":0,"_bbp_reply_count":0,"_bbp_total_topic_count":0,"_bbp_total_reply_count":0,"_bbp_voice_count":0,"_bbp_anonymous_reply_count":0,"_bbp_topic_count_hidden":0,"_bbp_reply_count_hidden":0,"_bbp_forum_subforum_count":0,"site-sidebar-layout":"default","site-content-layout":"","ast-site-content-layout":"","site-content-style":"default","site-sidebar-style":"default","ast-global-header-display":"","ast-banner-title-visibility":"","ast-main-header-display":"","ast-hfb-above-header-display":"","ast-hfb-below-header-display":"","ast-hfb-mobile-header-display":"","site-post-title":"","ast-breadcrumbs-content":"","ast-featured-img":"","footer-sml-layout":"","theme-transparent-header-meta":"","adv-header-id-meta":"","stick-header-meta":"","header-above-stick-meta":"","header-main-stick-meta":"","header-below-stick-meta":"","astra-migrate-meta-layouts":"default","ast-page-background-enabled":"default","ast-page-background-meta":{"desktop":{"background-color":"var(--ast-global-color-4)","background-image":"","background-repeat":"repeat","background-position":"center center","background-size":"auto","background-attachment":"scroll","background-type":"","background-media":"","overlay-type":"","overlay-color":"","overlay-opacity":"","overlay-gradient":""},"tablet":{"background-color":"","background-image":"","background-repeat":"repeat","background-position":"center center","background-size":"auto","background-attachment":"scroll","background-type":"","background-media":"","overlay-type":"","overlay-color":"","overlay-opacity":"","overlay-gradient":""},"mobile":{"background-color":"","background-image":"","background-repeat":"repeat","background-position":"center center","background-size":"auto","background-attachment":"scroll","background-type":"","background-media":"","overlay-type":"","overlay-color":"","overlay-opacity":"","overlay-gradient":""}},"ast-content-background-meta":{"desktop":{"background-color":"var(--ast-global-color-5)","background-image":"","background-repeat":"repeat","background-position":"center center","background-size":"auto","background-attachment":"scroll","background-type":"","background-media":"","overlay-type":"","overlay-color":"","overlay-opacity":"","overlay-gradient":""},"tablet":{"background-color":"var(--ast-global-color-5)","background-image":"","background-repeat":"repeat","background-position":"center center","background-size":"auto","background-attachment":"scroll","background-type":"","background-media":"","overlay-type":"","overlay-color":"","overlay-opacity":"","overlay-gradient":""},"mobile":{"background-color":"var(--ast-global-color-5)","background-image":"","background-repeat":"repeat","background-position":"center center","background-size":"auto","background-attachment":"scroll","background-type":"","background-media":"","overlay-type":"","overlay-color":"","overlay-opacity":"","overlay-gradient":""}},"footnotes":""},"categories":[286,29],"tags":[288,179],"class_list":["post-13269","post","type-post","status-publish","format-standard","has-post-thumbnail","hentry","category-ciencies-social","category-portada","tag-ciencies-socials","tag-educacio-secundaria"],"post_mailing_queue_ids":[],"_links":{"self":[{"href":"https:\/\/serveiseducatius.xtec.cat\/pladurgell\/wp-json\/wp\/v2\/posts\/13269","targetHints":{"allow":["GET"]}}],"collection":[{"href":"https:\/\/serveiseducatius.xtec.cat\/pladurgell\/wp-json\/wp\/v2\/posts"}],"about":[{"href":"https:\/\/serveiseducatius.xtec.cat\/pladurgell\/wp-json\/wp\/v2\/types\/post"}],"author":[{"embeddable":true,"href":"https:\/\/serveiseducatius.xtec.cat\/pladurgell\/wp-json\/wp\/v2\/users\/1"}],"replies":[{"embeddable":true,"href":"https:\/\/serveiseducatius.xtec.cat\/pladurgell\/wp-json\/wp\/v2\/comments?post=13269"}],"version-history":[{"count":3,"href":"https:\/\/serveiseducatius.xtec.cat\/pladurgell\/wp-json\/wp\/v2\/posts\/13269\/revisions"}],"predecessor-version":[{"id":13273,"href":"https:\/\/serveiseducatius.xtec.cat\/pladurgell\/wp-json\/wp\/v2\/posts\/13269\/revisions\/13273"}],"wp:featuredmedia":[{"embeddable":true,"href":"https:\/\/serveiseducatius.xtec.cat\/pladurgell\/wp-json\/wp\/v2\/media\/13270"}],"wp:attachment":[{"href":"https:\/\/serveiseducatius.xtec.cat\/pladurgell\/wp-json\/wp\/v2\/media?parent=13269"}],"wp:term":[{"taxonomy":"category","embeddable":true,"href":"https:\/\/serveiseducatius.xtec.cat\/pladurgell\/wp-json\/wp\/v2\/categories?post=13269"},{"taxonomy":"post_tag","embeddable":true,"href":"https:\/\/serveiseducatius.xtec.cat\/pladurgell\/wp-json\/wp\/v2\/tags?post=13269"}],"curies":[{"name":"wp","href":"https:\/\/api.w.org\/{rel}","templated":true}]}}