{"id":13211,"date":"2021-02-24T12:47:01","date_gmt":"2021-02-24T11:47:01","guid":{"rendered":"http:\/\/serveiseducatius.xtec.cat\/pladurgell\/?p=13211"},"modified":"2025-10-29T13:54:12","modified_gmt":"2025-10-29T12:54:12","slug":"ii-dissabte-de-les-matematiques-dimat-lleida-alumnat-i-professorat-de-batxillerat","status":"publish","type":"post","link":"https:\/\/serveiseducatius.xtec.cat\/pladurgell\/general\/ii-dissabte-de-les-matematiques-dimat-lleida-alumnat-i-professorat-de-batxillerat\/","title":{"rendered":"II Dissabte de les matem\u00e0tiques DiMat-Lleida. Alumnat i professorat de Batxillerat"},"content":{"rendered":"<div><a href=\"https:\/\/serveiseducatius.xtec.cat\/pladurgell\/wp-content\/uploads\/usu1141\/2021\/02\/DITMAE21_Poster.jpeg\"><img loading=\"lazy\" decoding=\"async\" class=\"aligncenter wp-image-13213\" src=\"https:\/\/serveiseducatius.xtec.cat\/pladurgell\/wp-content\/uploads\/usu1141\/2021\/02\/DITMAE21_Poster.jpeg\" alt=\"\" width=\"267\" height=\"378\" srcset=\"https:\/\/serveiseducatius.xtec.cat\/pladurgell\/wp-content\/uploads\/usu1141\/2021\/02\/DITMAE21_Poster.jpeg 595w, https:\/\/serveiseducatius.xtec.cat\/pladurgell\/wp-content\/uploads\/usu1141\/2021\/02\/DITMAE21_Poster-212x300.jpeg 212w\" sizes=\"auto, (max-width: 267px) 100vw, 267px\" \/><\/a><\/div>\n<div><\/div>\n<p>El proper dissabte 13 de mar\u00e7 tindr\u00e0 lloc, un any m\u00e9s, el <strong>DiMatLleida &#8211; dissabte de les matem\u00e0tiques, e<\/strong>nguany en format virtual. Aquesta formaci\u00f3-concurs adre\u00e7ada a l&#8217;alumnat i professorat de Batxillerat \u00e9s una iniciativa de la Fundaci\u00f3 Ferran Sunyer i Balaguer de matem\u00e0tiques i consisteix en qu\u00e8 l&#8217;alumnat assisteixi a un taller i despr\u00e9s participi en uns exercicis a resoldre en relaci\u00f3 al taller.<!--more--><\/p>\n<p>Us compartim: el programa de l&#8217;activitat, els enlla\u00e7os a les inscripcions i el p\u00f2ster amb tota la informaci\u00f3.<\/p>\n<div>\n<div><\/div>\n<div><strong>Programa:<\/strong><\/div>\n<div><\/div>\n<\/div>\n<p>&#8211; 9:30 benvinguda i comprovaci\u00f3 de connexions de Zoom (hi haur\u00e0 dos t\u00e8cnics de l&#8217;IEC a la nostra disposici\u00f3).<\/p>\n<p>* Els estudiants es connectaran per parelles i es comprovar\u00e0 el funcionament de la comunicaci\u00f3 en els dos sentits.<br \/>\n* La resta d&#8217;assistents ( qui vulgui, que no participi en la fase concurs) es poden connectar de forma individual.<\/p>\n<p>&#8211; 10 Les dues xerrades en paral\u00b7lel a c\u00e0rrec de Marc Masdeu i Enric Ventura.<br \/>\n* Els estudiants hauran d&#8217;assistir a la que s&#8217;hagin apuntat.<br \/>\n* La resta de participants poden assistir a la que vulguin.<\/p>\n<p><span class=\"im\">&#8211; 11:30 Tallers i activitat per a professors:<br \/>\n* Els estudiants hauran de fer el taller al que s&#8217;han apuntat (el de la xerrada). All\u00e0 rebran les instruccions per a participar al taller. A cada taller hi haur\u00e0 4 monitors que resoldran els dubtes dels estudiants. El taller acaba amb una classificaci\u00f3.<\/span><\/p>\n<p>* Els professors han d&#8217;assistir a l&#8217;activitat per a professors que ser\u00e0 a una sala de Zoom a part.<\/p>\n<p>&#8211; 13:15 Es llegir\u00e0 la llista de premiats i es far\u00e0 un comiat de l&#8217;activitat.<\/p>\n<p>Els premiats rebran el premi per paqueteria. (Un altaveu Bluetooth per a cada participant de les 4 parelles guanyadores a cada taller.)<\/p>\n<div>\n<p><span class=\"gmail_default\">I<\/span><b>nscripcions <\/b>al DiTMAE &#8211; DiMatLleida &#8211; 2021 en els seg\u00fcents enlla\u00e7os<\/p>\n<p><b><a href=\"http:\/\/www.ditmae.cat\/inscripcio-professors\/\" target=\"_blank\" rel=\"noopener noreferrer\" data-saferedirecturl=\"https:\/\/www.google.com\/url?q=http:\/\/www.ditmae.cat\/inscripcio-professors\/&amp;source=gmail&amp;ust=1614251243335000&amp;usg=AFQjCNHLDX9-RsPCrXc0kfF8NampyM0Fvg\">inscripcions professorat<\/a><\/b><\/p>\n<p><b><a href=\"http:\/\/www.ditmae.cat\/inscripcio\/\" target=\"_blank\" rel=\"noopener noreferrer\" data-saferedirecturl=\"https:\/\/www.google.com\/url?q=http:\/\/www.ditmae.cat\/inscripcio\/&amp;source=gmail&amp;ust=1614251243335000&amp;usg=AFQjCNHDNqkNlGK4RKHkQLHy46zJnZwfxA\">inscripcions alumnat<\/a><br \/>\n<\/b><\/p>\n<p>Tamb\u00e9 us recordem que les activitats d&#8217;aquest any pels alumnes s\u00f3n:<\/p>\n<ol>\n<li><i>Sabem resoldre equacions de tercer grau?<\/i>, a c\u00e0rrec de Marc Masdeu (UAB)<\/li>\n<li><i>De quantes maneres podem pintar un graf?<\/i>, a c\u00e0rrec d&#8217;Enric Ventura (UPC)<\/li>\n<\/ol>\n<p>Per als professors hi haur\u00e0 el curs\u00a0<i>Pr\u00e0ctica productiva a batxillerat<\/i>, a c\u00e0rrec de Paula L\u00f3pez Serentill (INS Sant Feliu de Gu\u00edxols.<\/p>\n<p>Reconegut pel Departament d&#8217;Educaci\u00f3 com a activitat de formaci\u00f3 continuada.<\/p>\n<p><strong>Cartell informatiu<\/strong><\/p>\n<p>Enlla\u00e7 al <strong><a href=\"http:\/\/www.ditmae.cat\/\">p\u00f2ster<\/a>.<\/strong><\/p>\n<p><span class=\"im\">Organitza l&#8217;Ajuntament de Figueres, la Fundaci\u00f3 Ferran Sunyer Balaguer i l&#8217;Institut d&#8217;Estudis Ilerdencs &#8211; Diputaci\u00f3 de Lleida.<br \/>\n<\/span><\/p>\n<div>Hi col\u00b7labora el Servei Educatiu de l&#8217;Alt Empord\u00e0 i el Servei Educatiu del Segri\u00e0<\/div>\n<div><\/div>\n<p><span class=\"im\"><a href=\"http:\/\/www.ditmae.cat\/\" target=\"_blank\" rel=\"noopener noreferrer\" data-saferedirecturl=\"https:\/\/www.google.com\/url?q=http:\/\/www.ditmae.cat\/&amp;source=gmail&amp;ust=1614251243335000&amp;usg=AFQjCNHf7vpQ7vcel4kbYu6ABc2POUmX5w\">www.ditmae.cat<\/a><br \/>\n<a href=\"http:\/\/www.dimatlleida.cat\/\" target=\"_blank\" rel=\"noopener noreferrer\" data-saferedirecturl=\"https:\/\/www.google.com\/url?q=http:\/\/www.dimatlleida.cat\/&amp;source=gmail&amp;ust=1614251243335000&amp;usg=AFQjCNE42EYorKoJQuidFSiNTTbp7LsrUg\">www.dimatlleida.cat<\/a><br \/>\n<a href=\"https:\/\/www.facebook.com\/Ditmae\/\" target=\"_blank\" rel=\"noopener noreferrer\" data-saferedirecturl=\"https:\/\/www.google.com\/url?q=https:\/\/www.facebook.com\/Ditmae\/&amp;source=gmail&amp;ust=1614251243335000&amp;usg=AFQjCNFoKT6MMdw2XO2vsnC-H-pnGK7bYg\">www.facebook.com\/Ditmae<\/a><\/span><\/p>\n<\/div>\n","protected":false},"excerpt":{"rendered":"<p>El proper dissabte 13 de mar\u00e7 tindr\u00e0 lloc, un any m\u00e9s, el DiMatLleida &#8211; dissabte de les matem\u00e0tiques, enguany en [&hellip;]<\/p>\n","protected":false},"author":1,"featured_media":13213,"comment_status":"open","ping_status":"closed","sticky":false,"template":"","format":"standard","meta":{"_bbp_topic_count":0,"_bbp_reply_count":0,"_bbp_total_topic_count":0,"_bbp_total_reply_count":0,"_bbp_voice_count":0,"_bbp_anonymous_reply_count":0,"_bbp_topic_count_hidden":0,"_bbp_reply_count_hidden":0,"_bbp_forum_subforum_count":0,"site-sidebar-layout":"default","site-content-layout":"","ast-site-content-layout":"default","site-content-style":"default","site-sidebar-style":"default","ast-global-header-display":"","ast-banner-title-visibility":"","ast-main-header-display":"","ast-hfb-above-header-display":"","ast-hfb-below-header-display":"","ast-hfb-mobile-header-display":"","site-post-title":"","ast-breadcrumbs-content":"","ast-featured-img":"","footer-sml-layout":"","theme-transparent-header-meta":"","adv-header-id-meta":"","stick-header-meta":"","header-above-stick-meta":"","header-main-stick-meta":"","header-below-stick-meta":"","astra-migrate-meta-layouts":"set","ast-page-background-enabled":"default","ast-page-background-meta":{"desktop":{"background-color":"var(--ast-global-color-4)","background-image":"","background-repeat":"repeat","background-position":"center center","background-size":"auto","background-attachment":"scroll","background-type":"","background-media":"","overlay-type":"","overlay-color":"","overlay-opacity":"","overlay-gradient":""},"tablet":{"background-color":"","background-image":"","background-repeat":"repeat","background-position":"center center","background-size":"auto","background-attachment":"scroll","background-type":"","background-media":"","overlay-type":"","overlay-color":"","overlay-opacity":"","overlay-gradient":""},"mobile":{"background-color":"","background-image":"","background-repeat":"repeat","background-position":"center center","background-size":"auto","background-attachment":"scroll","background-type":"","background-media":"","overlay-type":"","overlay-color":"","overlay-opacity":"","overlay-gradient":""}},"ast-content-background-meta":{"desktop":{"background-color":"var(--ast-global-color-5)","background-image":"","background-repeat":"repeat","background-position":"center center","background-size":"auto","background-attachment":"scroll","background-type":"","background-media":"","overlay-type":"","overlay-color":"","overlay-opacity":"","overlay-gradient":""},"tablet":{"background-color":"var(--ast-global-color-5)","background-image":"","background-repeat":"repeat","background-position":"center center","background-size":"auto","background-attachment":"scroll","background-type":"","background-media":"","overlay-type":"","overlay-color":"","overlay-opacity":"","overlay-gradient":""},"mobile":{"background-color":"var(--ast-global-color-5)","background-image":"","background-repeat":"repeat","background-position":"center center","background-size":"auto","background-attachment":"scroll","background-type":"","background-media":"","overlay-type":"","overlay-color":"","overlay-opacity":"","overlay-gradient":""}},"footnotes":""},"categories":[444,1,29],"tags":[880,361,179],"class_list":["post-13211","post","type-post","status-publish","format-standard","has-post-thumbnail","hentry","category-batxillerat","category-general","category-portada","tag-matematiques-2","tag-concurs","tag-educacio-secundaria"],"post_mailing_queue_ids":[],"_links":{"self":[{"href":"https:\/\/serveiseducatius.xtec.cat\/pladurgell\/wp-json\/wp\/v2\/posts\/13211","targetHints":{"allow":["GET"]}}],"collection":[{"href":"https:\/\/serveiseducatius.xtec.cat\/pladurgell\/wp-json\/wp\/v2\/posts"}],"about":[{"href":"https:\/\/serveiseducatius.xtec.cat\/pladurgell\/wp-json\/wp\/v2\/types\/post"}],"author":[{"embeddable":true,"href":"https:\/\/serveiseducatius.xtec.cat\/pladurgell\/wp-json\/wp\/v2\/users\/1"}],"replies":[{"embeddable":true,"href":"https:\/\/serveiseducatius.xtec.cat\/pladurgell\/wp-json\/wp\/v2\/comments?post=13211"}],"version-history":[{"count":4,"href":"https:\/\/serveiseducatius.xtec.cat\/pladurgell\/wp-json\/wp\/v2\/posts\/13211\/revisions"}],"predecessor-version":[{"id":21937,"href":"https:\/\/serveiseducatius.xtec.cat\/pladurgell\/wp-json\/wp\/v2\/posts\/13211\/revisions\/21937"}],"wp:featuredmedia":[{"embeddable":true,"href":"https:\/\/serveiseducatius.xtec.cat\/pladurgell\/wp-json\/wp\/v2\/media\/13213"}],"wp:attachment":[{"href":"https:\/\/serveiseducatius.xtec.cat\/pladurgell\/wp-json\/wp\/v2\/media?parent=13211"}],"wp:term":[{"taxonomy":"category","embeddable":true,"href":"https:\/\/serveiseducatius.xtec.cat\/pladurgell\/wp-json\/wp\/v2\/categories?post=13211"},{"taxonomy":"post_tag","embeddable":true,"href":"https:\/\/serveiseducatius.xtec.cat\/pladurgell\/wp-json\/wp\/v2\/tags?post=13211"}],"curies":[{"name":"wp","href":"https:\/\/api.w.org\/{rel}","templated":true}]}}