{"id":13136,"date":"2021-02-16T12:58:56","date_gmt":"2021-02-16T11:58:56","guid":{"rendered":"http:\/\/serveiseducatius.xtec.cat\/pladurgell\/?p=13136"},"modified":"2021-02-16T13:07:08","modified_gmt":"2021-02-16T12:07:08","slug":"llibres-consultables-en-linia-febrer-2021","status":"publish","type":"post","link":"https:\/\/serveiseducatius.xtec.cat\/pladurgell\/general\/llibres-consultables-en-linia-febrer-2021\/","title":{"rendered":"Llibres consultables en l\u00ednia &#8211; Febrer 2021"},"content":{"rendered":"<p><a href=\"https:\/\/serveiseducatius.xtec.cat\/pladurgell\/wp-content\/uploads\/usu1141\/2021\/02\/biblioteca-de-catalunya.png\"><img loading=\"lazy\" decoding=\"async\" class=\"aligncenter wp-image-13137\" src=\"https:\/\/serveiseducatius.xtec.cat\/pladurgell\/wp-content\/uploads\/usu1141\/2021\/02\/biblioteca-de-catalunya-300x250.png\" alt=\"\" width=\"209\" height=\"174\" srcset=\"https:\/\/serveiseducatius.xtec.cat\/pladurgell\/wp-content\/uploads\/usu1141\/2021\/02\/biblioteca-de-catalunya-300x250.png 300w, https:\/\/serveiseducatius.xtec.cat\/pladurgell\/wp-content\/uploads\/usu1141\/2021\/02\/biblioteca-de-catalunya-768x640.png 768w, https:\/\/serveiseducatius.xtec.cat\/pladurgell\/wp-content\/uploads\/usu1141\/2021\/02\/biblioteca-de-catalunya.png 876w\" sizes=\"auto, (max-width: 209px) 100vw, 209px\" \/><\/a><\/p>\n<p style=\"text-align: justify;\"><span style=\"font-family: inherit; font-size: 1em;\">Us deixem l&#8217;enlla\u00e7 al recull de novetats bibliogr\u00e0fiques que podeu consultar en l\u00ednia aquest mes de febrer a la\u00a0 <span lang=\"CA-ES\">Biblioteca i centre documental del Departament d&#8217;Educaci\u00f3<\/span> <span lang=\"CA-ES\" style=\"font-family: inherit; font-size: 1em;\">Generalitat de Catalunya.<\/span><\/span><!--more--><\/p>\n<ul style=\"list-style-type: circle;\">\n<li style=\"text-align: justify;\"><a title=\"https:\/\/repositori.educacio.gencat.cat\/handle\/20.500.12694\/1235\" href=\"https:\/\/repositori.educacio.gencat.cat\/handle\/20.500.12694\/1235\" target=\"_blank\" rel=\"noopener noreferrer\" data-saferedirecturl=\"https:\/\/www.google.com\/url?q=https:\/\/repositori.educacio.gencat.cat\/handle\/20.500.12694\/1235&amp;source=gmail&amp;ust=1613561187624000&amp;usg=AFQjCNFvoL1nFpG77Zqgs3F0u0KnTTddJQ\">Orientacions per a l&#8217;avaluaci\u00f3 de la compet\u00e8ncia digital de l&#8217;alumnat a prim\u00e0ria ,<\/a>Departament d&#8217;Educaci\u00f3, 2021<\/li>\n<li style=\"text-align: justify;\"><a title=\"http:\/\/www.sociedadyeducacion.org\/site\/wp-content\/uploads\/Monografia-Garcia-Weiss-WEB.pdf\" href=\"http:\/\/www.sociedadyeducacion.org\/site\/wp-content\/uploads\/Monografia-Garcia-Weiss-WEB.pdf\" target=\"_blank\" rel=\"noopener noreferrer\" data-saferedirecturl=\"https:\/\/www.google.com\/url?q=http:\/\/www.sociedadyeducacion.org\/site\/wp-content\/uploads\/Monografia-Garcia-Weiss-WEB.pdf&amp;source=gmail&amp;ust=1613561187624000&amp;usg=AFQjCNER-hA05rUkzLMM-c27SssUS9zzGA\">La importancia del absentismo escolar para el desarrollo y el desempe\u00f1o educativos, <\/a><span style=\"color: #000000;\">Emma Garc\u00eda, Elaine Weiss. <\/span>Fundaci\u00f3n Ram\u00f3n Areces, 2020<\/li>\n<li style=\"text-align: justify;\"><a title=\"https:\/\/drive.google.com\/file\/d\/1QlQCAJVlpI8-RNlxFZusKJHwaGR3GewT\/view\" href=\"https:\/\/drive.google.com\/file\/d\/1QlQCAJVlpI8-RNlxFZusKJHwaGR3GewT\/view\" target=\"_blank\" rel=\"noopener noreferrer\" data-saferedirecturl=\"https:\/\/www.google.com\/url?q=https:\/\/drive.google.com\/file\/d\/1QlQCAJVlpI8-RNlxFZusKJHwaGR3GewT\/view&amp;source=gmail&amp;ust=1613561187624000&amp;usg=AFQjCNGRyMJpMibrIglq56X0Fyn3jGTcIg\">Lectura y dificultades lectoras en el siglo XXI<\/a>, Antonio D\u00edez Mediavilla, Ra\u00fal Guti\u00e9rrez Fresneda (coords.) Octaedro, 2020<\/li>\n<li style=\"text-align: justify;\"><a title=\"https:\/\/sede.educacion.gob.es\/publiventa\/marco-europeo-para-la-competencia-digital-de-los-educadores-digcompedu\/competencia-digital\/24685\" href=\"https:\/\/sede.educacion.gob.es\/publiventa\/marco-europeo-para-la-competencia-digital-de-los-educadores-digcompedu\/competencia-digital\/24685\" target=\"_blank\" rel=\"noopener noreferrer\" data-saferedirecturl=\"https:\/\/www.google.com\/url?q=https:\/\/sede.educacion.gob.es\/publiventa\/marco-europeo-para-la-competencia-digital-de-los-educadores-digcompedu\/competencia-digital\/24685&amp;source=gmail&amp;ust=1613561187624000&amp;usg=AFQjCNEE5iJ_KegQjiR4MsKljv7DP5A-jw\">Marco Europeo para la Competencia Digital de los Educadores DigCompEdu,<\/a>Christine RedeckerINTEF. Fundaci\u00f3n Universia, 2020<\/li>\n<li style=\"text-align: justify;\"><a title=\"https:\/\/library.oapen.org\/viewer\/web\/viewer.html?file=\/bitstream\/handle\/20.500.12657\/41638\/the-digital-age-and-its-discontents.pdf?sequence=1&amp;isAllowed=y\" href=\"https:\/\/library.oapen.org\/viewer\/web\/viewer.html?file=\/bitstream\/handle\/20.500.12657\/41638\/the-digital-age-and-its-discontents.pdf?sequence=1&amp;isAllowed=y\" target=\"_blank\" rel=\"noopener noreferrer\" data-saferedirecturl=\"https:\/\/www.google.com\/url?q=https:\/\/library.oapen.org\/viewer\/web\/viewer.html?file%3D\/bitstream\/handle\/20.500.12657\/41638\/the-digital-age-and-its-discontents.pdf?sequence%3D1%26isAllowed%3Dy&amp;source=gmail&amp;ust=1613561187624000&amp;usg=AFQjCNE7g5D9pdOcn0c6aS5hIg_zTwBKTg\">The digital age and its discontents: critical reflections in education, <\/a>Matteo Stocchetti (ed.), Helsinki University Press, 2020<\/li>\n<\/ul>\n<p>&nbsp;<\/p>\n<p>&nbsp;<\/p>\n<p>&nbsp;<\/p>\n<p>&nbsp;<\/p>\n","protected":false},"excerpt":{"rendered":"<p>Us deixem l&#8217;enlla\u00e7 al recull de novetats bibliogr\u00e0fiques que podeu consultar en l\u00ednia aquest mes de febrer a la\u00a0 Biblioteca [&hellip;]<\/p>\n","protected":false},"author":1,"featured_media":13137,"comment_status":"open","ping_status":"closed","sticky":false,"template":"","format":"standard","meta":{"_bbp_topic_count":0,"_bbp_reply_count":0,"_bbp_total_topic_count":0,"_bbp_total_reply_count":0,"_bbp_voice_count":0,"_bbp_anonymous_reply_count":0,"_bbp_topic_count_hidden":0,"_bbp_reply_count_hidden":0,"_bbp_forum_subforum_count":0,"site-sidebar-layout":"default","site-content-layout":"","ast-site-content-layout":"","site-content-style":"default","site-sidebar-style":"default","ast-global-header-display":"","ast-banner-title-visibility":"","ast-main-header-display":"","ast-hfb-above-header-display":"","ast-hfb-below-header-display":"","ast-hfb-mobile-header-display":"","site-post-title":"","ast-breadcrumbs-content":"","ast-featured-img":"","footer-sml-layout":"","theme-transparent-header-meta":"","adv-header-id-meta":"","stick-header-meta":"","header-above-stick-meta":"","header-main-stick-meta":"","header-below-stick-meta":"","astra-migrate-meta-layouts":"default","ast-page-background-enabled":"default","ast-page-background-meta":{"desktop":{"background-color":"var(--ast-global-color-4)","background-image":"","background-repeat":"repeat","background-position":"center center","background-size":"auto","background-attachment":"scroll","background-type":"","background-media":"","overlay-type":"","overlay-color":"","overlay-opacity":"","overlay-gradient":""},"tablet":{"background-color":"","background-image":"","background-repeat":"repeat","background-position":"center center","background-size":"auto","background-attachment":"scroll","background-type":"","background-media":"","overlay-type":"","overlay-color":"","overlay-opacity":"","overlay-gradient":""},"mobile":{"background-color":"","background-image":"","background-repeat":"repeat","background-position":"center center","background-size":"auto","background-attachment":"scroll","background-type":"","background-media":"","overlay-type":"","overlay-color":"","overlay-opacity":"","overlay-gradient":""}},"ast-content-background-meta":{"desktop":{"background-color":"var(--ast-global-color-5)","background-image":"","background-repeat":"repeat","background-position":"center center","background-size":"auto","background-attachment":"scroll","background-type":"","background-media":"","overlay-type":"","overlay-color":"","overlay-opacity":"","overlay-gradient":""},"tablet":{"background-color":"var(--ast-global-color-5)","background-image":"","background-repeat":"repeat","background-position":"center center","background-size":"auto","background-attachment":"scroll","background-type":"","background-media":"","overlay-type":"","overlay-color":"","overlay-opacity":"","overlay-gradient":""},"mobile":{"background-color":"var(--ast-global-color-5)","background-image":"","background-repeat":"repeat","background-position":"center center","background-size":"auto","background-attachment":"scroll","background-type":"","background-media":"","overlay-type":"","overlay-color":"","overlay-opacity":"","overlay-gradient":""}},"footnotes":""},"categories":[154,1,29],"tags":[226,100,317],"class_list":["post-13136","post","type-post","status-publish","format-standard","has-post-thumbnail","hentry","category-formacio","category-general","category-portada","tag-formacio","tag-lectura","tag-recursos-en-linia"],"post_mailing_queue_ids":[],"_links":{"self":[{"href":"https:\/\/serveiseducatius.xtec.cat\/pladurgell\/wp-json\/wp\/v2\/posts\/13136","targetHints":{"allow":["GET"]}}],"collection":[{"href":"https:\/\/serveiseducatius.xtec.cat\/pladurgell\/wp-json\/wp\/v2\/posts"}],"about":[{"href":"https:\/\/serveiseducatius.xtec.cat\/pladurgell\/wp-json\/wp\/v2\/types\/post"}],"author":[{"embeddable":true,"href":"https:\/\/serveiseducatius.xtec.cat\/pladurgell\/wp-json\/wp\/v2\/users\/1"}],"replies":[{"embeddable":true,"href":"https:\/\/serveiseducatius.xtec.cat\/pladurgell\/wp-json\/wp\/v2\/comments?post=13136"}],"version-history":[{"count":3,"href":"https:\/\/serveiseducatius.xtec.cat\/pladurgell\/wp-json\/wp\/v2\/posts\/13136\/revisions"}],"predecessor-version":[{"id":13144,"href":"https:\/\/serveiseducatius.xtec.cat\/pladurgell\/wp-json\/wp\/v2\/posts\/13136\/revisions\/13144"}],"wp:featuredmedia":[{"embeddable":true,"href":"https:\/\/serveiseducatius.xtec.cat\/pladurgell\/wp-json\/wp\/v2\/media\/13137"}],"wp:attachment":[{"href":"https:\/\/serveiseducatius.xtec.cat\/pladurgell\/wp-json\/wp\/v2\/media?parent=13136"}],"wp:term":[{"taxonomy":"category","embeddable":true,"href":"https:\/\/serveiseducatius.xtec.cat\/pladurgell\/wp-json\/wp\/v2\/categories?post=13136"},{"taxonomy":"post_tag","embeddable":true,"href":"https:\/\/serveiseducatius.xtec.cat\/pladurgell\/wp-json\/wp\/v2\/tags?post=13136"}],"curies":[{"name":"wp","href":"https:\/\/api.w.org\/{rel}","templated":true}]}}