{"id":13059,"date":"2021-02-08T12:27:36","date_gmt":"2021-02-08T11:27:36","guid":{"rendered":"http:\/\/serveiseducatius.xtec.cat\/pladurgell\/?p=13059"},"modified":"2021-02-08T12:30:31","modified_gmt":"2021-02-08T11:30:31","slug":"mes-digitals-i-protegits-que-mai","status":"publish","type":"post","link":"https:\/\/serveiseducatius.xtec.cat\/pladurgell\/portada\/mes-digitals-i-protegits-que-mai\/","title":{"rendered":"M\u00e9s digitals i protegits que mai"},"content":{"rendered":"<p><img loading=\"lazy\" decoding=\"async\" class=\"aligncenter wp-image-13060\" src=\"https:\/\/serveiseducatius.xtec.cat\/pladurgell\/wp-content\/uploads\/usu1141\/2021\/02\/internet-segura-300x158.png\" alt=\"\" width=\"306\" height=\"161\" srcset=\"https:\/\/serveiseducatius.xtec.cat\/pladurgell\/wp-content\/uploads\/usu1141\/2021\/02\/internet-segura-300x158.png 300w, https:\/\/serveiseducatius.xtec.cat\/pladurgell\/wp-content\/uploads\/usu1141\/2021\/02\/internet-segura-768x403.png 768w, https:\/\/serveiseducatius.xtec.cat\/pladurgell\/wp-content\/uploads\/usu1141\/2021\/02\/internet-segura-1024x538.png 1024w, https:\/\/serveiseducatius.xtec.cat\/pladurgell\/wp-content\/uploads\/usu1141\/2021\/02\/internet-segura.png 1200w\" sizes=\"auto, (max-width: 306px) 100vw, 306px\" \/><\/p>\n<p style=\"text-align: justify;\">Dem\u00e0 9 de febrer se celebra una nova edici\u00f3 del <strong>Dia de la Internet Segura<\/strong> arreu del m\u00f3n. La diada ha esdevingut una ocasi\u00f3 immillorable per treballar de manera conjunta un objectiu com\u00fa: la seguretat de la xarxa, especialment entre els usuaris m\u00e9s joves.<\/p>\n<p style=\"text-align: justify;\">Amb el lema <strong>\u2018M\u00e9s digitals i protegits que mai\u2019<\/strong>,\u00a0 des d\u2019Internet Segura, se centren en els fraus i els enganys digitals. A partir del visionat d\u2019un v\u00eddeo que relata, de manera molt gr\u00e0fica un cas de suplantaci\u00f3 d\u2019identitat, es proposen diverses accions de reflexi\u00f3 i de sensibilitzaci\u00f3 a l\u2019aula, adaptades en funci\u00f3 de l\u2019edat dels i de les alumnes.<\/p>\n<ul>\n<li style=\"text-align: justify;\">Parlem de la suplantaci\u00f3 d&#8217;identitat al cicle mitj\u00e0 i superior d&#8217;educaci\u00f3 prim\u00e0ria. <strong><a href=\"https:\/\/internetsegura.cat\/suplantacio-identitat-primaria\/?doing_wp_cron=1612782250.7994019985198974609375\">Enlla\u00e7 a la proposta did\u00e0ctica<\/a><\/strong><\/li>\n<li style=\"text-align: justify;\">A punt pe fer d&#8217;agents d&#8217;investigaci\u00f3? Educaci\u00f3 secund\u00e0ria. <strong><a href=\"https:\/\/internetsegura.cat\/suplantacio-identitat-secundaria\/\">Enlla\u00e7 a la proposta did\u00e0ctica.<\/a><\/strong><\/li>\n<li style=\"text-align: justify;\">Tamb\u00e9 us podeu inscriure en aquesta <strong><a href=\"https:\/\/www.incibe.es\/sid\/agenda\" target=\"_blank\" rel=\"noopener noreferrer\">jornada virtual<\/a><\/strong>\u00a0de l&#8217;Instituto Nacional de Ciberseguridad, amb xerrades i tallers per a fam\u00edlies, docents, professionals i p\u00fablic en general.<\/li>\n<\/ul>\n<p><!--more--><\/p>\n<p>Altres recursos interessants:<\/p>\n<p><strong><a href=\"http:\/\/xtec.gencat.cat\/ca\/recursos\/tecinformacio\/internet_segura\/unitatsdidactiques\/primaria\/\">Educaci\u00f3 prim\u00e0ria<\/a><\/strong><\/p>\n<p><strong><a href=\"http:\/\/xtec.gencat.cat\/ca\/recursos\/tecinformacio\/internet_segura\/unitatsdidactiques\/secundaria\/\">Educaci\u00f3 secund\u00e0ria<\/a><\/strong><\/p>\n<p><a href=\"http:\/\/www.edu365.cat\/internetsegura\/index.html\"><strong>Internet Segura a l&#8217;Edu365.cat<\/strong><\/a><\/p>\n<p>El 9 de febrer trobareu, a les xarxes socials, uns quants\u00a0<em>hashtags<\/em>\u00a0actius per poder seguir l\u2019actualitat i les propostes conjuntes d\u2019aquest dia arreu del m\u00f3n:\u00a0<em>#SID2021, #SaferInternetDay<\/em>\u00a0i\u00a0<em>#digitalsiprotegits<\/em>.<\/p>\n","protected":false},"excerpt":{"rendered":"<p>Dem\u00e0 9 de febrer se celebra una nova edici\u00f3 del Dia de la Internet Segura arreu del m\u00f3n. La diada [&hellip;]<\/p>\n","protected":false},"author":1,"featured_media":13060,"comment_status":"open","ping_status":"closed","sticky":false,"template":"","format":"standard","meta":{"_bbp_topic_count":0,"_bbp_reply_count":0,"_bbp_total_topic_count":0,"_bbp_total_reply_count":0,"_bbp_voice_count":0,"_bbp_anonymous_reply_count":0,"_bbp_topic_count_hidden":0,"_bbp_reply_count_hidden":0,"_bbp_forum_subforum_count":0,"site-sidebar-layout":"default","site-content-layout":"","ast-site-content-layout":"","site-content-style":"default","site-sidebar-style":"default","ast-global-header-display":"","ast-banner-title-visibility":"","ast-main-header-display":"","ast-hfb-above-header-display":"","ast-hfb-below-header-display":"","ast-hfb-mobile-header-display":"","site-post-title":"","ast-breadcrumbs-content":"","ast-featured-img":"","footer-sml-layout":"","theme-transparent-header-meta":"","adv-header-id-meta":"","stick-header-meta":"","header-above-stick-meta":"","header-main-stick-meta":"","header-below-stick-meta":"","astra-migrate-meta-layouts":"default","ast-page-background-enabled":"default","ast-page-background-meta":{"desktop":{"background-color":"var(--ast-global-color-4)","background-image":"","background-repeat":"repeat","background-position":"center center","background-size":"auto","background-attachment":"scroll","background-type":"","background-media":"","overlay-type":"","overlay-color":"","overlay-opacity":"","overlay-gradient":""},"tablet":{"background-color":"","background-image":"","background-repeat":"repeat","background-position":"center center","background-size":"auto","background-attachment":"scroll","background-type":"","background-media":"","overlay-type":"","overlay-color":"","overlay-opacity":"","overlay-gradient":""},"mobile":{"background-color":"","background-image":"","background-repeat":"repeat","background-position":"center center","background-size":"auto","background-attachment":"scroll","background-type":"","background-media":"","overlay-type":"","overlay-color":"","overlay-opacity":"","overlay-gradient":""}},"ast-content-background-meta":{"desktop":{"background-color":"var(--ast-global-color-5)","background-image":"","background-repeat":"repeat","background-position":"center center","background-size":"auto","background-attachment":"scroll","background-type":"","background-media":"","overlay-type":"","overlay-color":"","overlay-opacity":"","overlay-gradient":""},"tablet":{"background-color":"var(--ast-global-color-5)","background-image":"","background-repeat":"repeat","background-position":"center center","background-size":"auto","background-attachment":"scroll","background-type":"","background-media":"","overlay-type":"","overlay-color":"","overlay-opacity":"","overlay-gradient":""},"mobile":{"background-color":"var(--ast-global-color-5)","background-image":"","background-repeat":"repeat","background-position":"center center","background-size":"auto","background-attachment":"scroll","background-type":"","background-media":"","overlay-type":"","overlay-color":"","overlay-opacity":"","overlay-gradient":""}},"footnotes":""},"categories":[29,78],"tags":[459,458,457,172,179,355],"class_list":["post-13059","post","type-post","status-publish","format-standard","has-post-thumbnail","hentry","category-portada","category-tac","tag-digitalsiprotegits","tag-saferinternetday","tag-sid2021","tag-educacio-primaria","tag-educacio-secundaria","tag-tac"],"post_mailing_queue_ids":[],"_links":{"self":[{"href":"https:\/\/serveiseducatius.xtec.cat\/pladurgell\/wp-json\/wp\/v2\/posts\/13059","targetHints":{"allow":["GET"]}}],"collection":[{"href":"https:\/\/serveiseducatius.xtec.cat\/pladurgell\/wp-json\/wp\/v2\/posts"}],"about":[{"href":"https:\/\/serveiseducatius.xtec.cat\/pladurgell\/wp-json\/wp\/v2\/types\/post"}],"author":[{"embeddable":true,"href":"https:\/\/serveiseducatius.xtec.cat\/pladurgell\/wp-json\/wp\/v2\/users\/1"}],"replies":[{"embeddable":true,"href":"https:\/\/serveiseducatius.xtec.cat\/pladurgell\/wp-json\/wp\/v2\/comments?post=13059"}],"version-history":[{"count":2,"href":"https:\/\/serveiseducatius.xtec.cat\/pladurgell\/wp-json\/wp\/v2\/posts\/13059\/revisions"}],"predecessor-version":[{"id":13062,"href":"https:\/\/serveiseducatius.xtec.cat\/pladurgell\/wp-json\/wp\/v2\/posts\/13059\/revisions\/13062"}],"wp:featuredmedia":[{"embeddable":true,"href":"https:\/\/serveiseducatius.xtec.cat\/pladurgell\/wp-json\/wp\/v2\/media\/13060"}],"wp:attachment":[{"href":"https:\/\/serveiseducatius.xtec.cat\/pladurgell\/wp-json\/wp\/v2\/media?parent=13059"}],"wp:term":[{"taxonomy":"category","embeddable":true,"href":"https:\/\/serveiseducatius.xtec.cat\/pladurgell\/wp-json\/wp\/v2\/categories?post=13059"},{"taxonomy":"post_tag","embeddable":true,"href":"https:\/\/serveiseducatius.xtec.cat\/pladurgell\/wp-json\/wp\/v2\/tags?post=13059"}],"curies":[{"name":"wp","href":"https:\/\/api.w.org\/{rel}","templated":true}]}}