{"id":13000,"date":"2021-02-01T11:48:38","date_gmt":"2021-02-01T10:48:38","guid":{"rendered":"http:\/\/serveiseducatius.xtec.cat\/pladurgell\/?p=13000"},"modified":"2021-02-02T10:29:35","modified_gmt":"2021-02-02T09:29:35","slug":"posat-la-gorra","status":"publish","type":"post","link":"https:\/\/serveiseducatius.xtec.cat\/pladurgell\/general\/posat-la-gorra\/","title":{"rendered":"Posa&#8217;t la Gorra!"},"content":{"rendered":"<p><a href=\"https:\/\/serveiseducatius.xtec.cat\/pladurgell\/wp-content\/uploads\/usu1141\/2021\/02\/Posat-la-gorra.jpg\"><img loading=\"lazy\" decoding=\"async\" class=\"aligncenter wp-image-13002\" src=\"https:\/\/serveiseducatius.xtec.cat\/pladurgell\/wp-content\/uploads\/usu1141\/2021\/02\/Posat-la-gorra-300x90.jpg\" alt=\"\" width=\"451\" height=\"135\" srcset=\"https:\/\/serveiseducatius.xtec.cat\/pladurgell\/wp-content\/uploads\/usu1141\/2021\/02\/Posat-la-gorra-300x90.jpg 300w, https:\/\/serveiseducatius.xtec.cat\/pladurgell\/wp-content\/uploads\/usu1141\/2021\/02\/Posat-la-gorra-768x230.jpg 768w, https:\/\/serveiseducatius.xtec.cat\/pladurgell\/wp-content\/uploads\/usu1141\/2021\/02\/Posat-la-gorra-1024x307.jpg 1024w, https:\/\/serveiseducatius.xtec.cat\/pladurgell\/wp-content\/uploads\/usu1141\/2021\/02\/Posat-la-gorra.jpg 2000w\" sizes=\"auto, (max-width: 451px) 100vw, 451px\" \/><\/a><\/p>\n<p style=\"text-align: justify;\">Un any m\u00e9s, des de l&#8217;AFANOC Lleida (Associaci\u00f3 de Nens amb C\u00e0ncer), s&#8217;engega la campanya <strong>Posa&#8217;t la Gorra!<\/strong> l&#8217;objectiu de la qual \u00e9s sensibilitzar la societat de l&#8217;exist\u00e8ncia del c\u00e0ncer infantil per tal de normalitzar i pal\u00b7liar les necessitats que se&#8217;n deriven a partir del diagn\u00f2stic. <u><\/u><u><\/u>En aquest context ins\u00f2lit de pand\u00e8mia mundial a causa de la COVID-19, per l&#8217;AFANOC \u00e9s m\u00e9s necessari que mai\u00a0continuar treballant, perqu\u00e8 el c\u00e0ncer infantil, malauradament, ni s&#8217;atura, ni desapareix<strong>.<\/strong>\u00a0Ben al contrari, la malaltia segueix generant por i incertesa a moltes fam\u00edlies.<\/p>\n<p>Enguany no es podr\u00e0 realitzar la festa de forma presencial, aix\u00ed que ens plantegen:<\/p>\n<p style=\"text-align: justify;\"><strong><a href=\"https:\/\/mcusercontent.com\/022ae08f860649f5d849dbfe5\/files\/76628aba-9d07-4c85-bd3b-f0f3f1649df6\/Com_Podeu_Col_laborar_2021.01.pdf\">Com podeu col\u00b7laborar<\/a><\/strong><\/p>\n<p style=\"font-weight: 400; text-align: justify;\"><strong><a href=\"https:\/\/mcusercontent.com\/022ae08f860649f5d849dbfe5\/files\/2179b6fa-9e15-4e46-ab43-1af34ab84d0a\/Carta_Fam%C3%ADlies_2021.pdf\">Carta per a les fam\u00edlies<\/a><\/strong><\/p>\n<p style=\"text-align: justify;\"><strong><a href=\"https:\/\/mcusercontent.com\/022ae08f860649f5d849dbfe5\/files\/f039867f-40a2-48c7-a5c4-03835e3ac4e3\/Full_comanda_Lleida_2021.pdf\">Full de comanda<\/a><\/strong><\/p>\n<p style=\"text-align: justify;\"><strong><a href=\"https:\/\/mcusercontent.com\/022ae08f860649f5d849dbfe5\/files\/f75b5db4-9b77-4188-a832-6169775907d9\/Centre_Educatiu_Col_laborador.pdf\">Cartell informatiu per a l&#8217;entitat<\/a><\/strong><\/p>\n<p style=\"text-align: justify;\"><strong><a href=\"https:\/\/www.youtube.com\/watch?v=Rn2C077ao9k&amp;feature=youtu.be\">Enlla\u00e7 al v\u00eddeo de la campanya<\/a><\/strong><\/p>\n","protected":false},"excerpt":{"rendered":"<p>Un any m\u00e9s, des de l&#8217;AFANOC Lleida (Associaci\u00f3 de Nens amb C\u00e0ncer), s&#8217;engega la campanya Posa&#8217;t la Gorra! l&#8217;objectiu de [&hellip;]<\/p>\n","protected":false},"author":1,"featured_media":13002,"comment_status":"open","ping_status":"closed","sticky":false,"template":"","format":"standard","meta":{"_bbp_topic_count":0,"_bbp_reply_count":0,"_bbp_total_topic_count":0,"_bbp_total_reply_count":0,"_bbp_voice_count":0,"_bbp_anonymous_reply_count":0,"_bbp_topic_count_hidden":0,"_bbp_reply_count_hidden":0,"_bbp_forum_subforum_count":0,"site-sidebar-layout":"default","site-content-layout":"","ast-site-content-layout":"","site-content-style":"default","site-sidebar-style":"default","ast-global-header-display":"","ast-banner-title-visibility":"","ast-main-header-display":"","ast-hfb-above-header-display":"","ast-hfb-below-header-display":"","ast-hfb-mobile-header-display":"","site-post-title":"","ast-breadcrumbs-content":"","ast-featured-img":"","footer-sml-layout":"","theme-transparent-header-meta":"","adv-header-id-meta":"","stick-header-meta":"","header-above-stick-meta":"","header-main-stick-meta":"","header-below-stick-meta":"","astra-migrate-meta-layouts":"default","ast-page-background-enabled":"default","ast-page-background-meta":{"desktop":{"background-color":"var(--ast-global-color-4)","background-image":"","background-repeat":"repeat","background-position":"center center","background-size":"auto","background-attachment":"scroll","background-type":"","background-media":"","overlay-type":"","overlay-color":"","overlay-opacity":"","overlay-gradient":""},"tablet":{"background-color":"","background-image":"","background-repeat":"repeat","background-position":"center center","background-size":"auto","background-attachment":"scroll","background-type":"","background-media":"","overlay-type":"","overlay-color":"","overlay-opacity":"","overlay-gradient":""},"mobile":{"background-color":"","background-image":"","background-repeat":"repeat","background-position":"center center","background-size":"auto","background-attachment":"scroll","background-type":"","background-media":"","overlay-type":"","overlay-color":"","overlay-opacity":"","overlay-gradient":""}},"ast-content-background-meta":{"desktop":{"background-color":"var(--ast-global-color-5)","background-image":"","background-repeat":"repeat","background-position":"center center","background-size":"auto","background-attachment":"scroll","background-type":"","background-media":"","overlay-type":"","overlay-color":"","overlay-opacity":"","overlay-gradient":""},"tablet":{"background-color":"var(--ast-global-color-5)","background-image":"","background-repeat":"repeat","background-position":"center center","background-size":"auto","background-attachment":"scroll","background-type":"","background-media":"","overlay-type":"","overlay-color":"","overlay-opacity":"","overlay-gradient":""},"mobile":{"background-color":"var(--ast-global-color-5)","background-image":"","background-repeat":"repeat","background-position":"center center","background-size":"auto","background-attachment":"scroll","background-type":"","background-media":"","overlay-type":"","overlay-color":"","overlay-opacity":"","overlay-gradient":""}},"footnotes":""},"categories":[1,29],"tags":[],"class_list":["post-13000","post","type-post","status-publish","format-standard","has-post-thumbnail","hentry","category-general","category-portada"],"post_mailing_queue_ids":[],"_links":{"self":[{"href":"https:\/\/serveiseducatius.xtec.cat\/pladurgell\/wp-json\/wp\/v2\/posts\/13000","targetHints":{"allow":["GET"]}}],"collection":[{"href":"https:\/\/serveiseducatius.xtec.cat\/pladurgell\/wp-json\/wp\/v2\/posts"}],"about":[{"href":"https:\/\/serveiseducatius.xtec.cat\/pladurgell\/wp-json\/wp\/v2\/types\/post"}],"author":[{"embeddable":true,"href":"https:\/\/serveiseducatius.xtec.cat\/pladurgell\/wp-json\/wp\/v2\/users\/1"}],"replies":[{"embeddable":true,"href":"https:\/\/serveiseducatius.xtec.cat\/pladurgell\/wp-json\/wp\/v2\/comments?post=13000"}],"version-history":[{"count":3,"href":"https:\/\/serveiseducatius.xtec.cat\/pladurgell\/wp-json\/wp\/v2\/posts\/13000\/revisions"}],"predecessor-version":[{"id":13019,"href":"https:\/\/serveiseducatius.xtec.cat\/pladurgell\/wp-json\/wp\/v2\/posts\/13000\/revisions\/13019"}],"wp:featuredmedia":[{"embeddable":true,"href":"https:\/\/serveiseducatius.xtec.cat\/pladurgell\/wp-json\/wp\/v2\/media\/13002"}],"wp:attachment":[{"href":"https:\/\/serveiseducatius.xtec.cat\/pladurgell\/wp-json\/wp\/v2\/media?parent=13000"}],"wp:term":[{"taxonomy":"category","embeddable":true,"href":"https:\/\/serveiseducatius.xtec.cat\/pladurgell\/wp-json\/wp\/v2\/categories?post=13000"},{"taxonomy":"post_tag","embeddable":true,"href":"https:\/\/serveiseducatius.xtec.cat\/pladurgell\/wp-json\/wp\/v2\/tags?post=13000"}],"curies":[{"name":"wp","href":"https:\/\/api.w.org\/{rel}","templated":true}]}}