{"id":12996,"date":"2021-02-01T10:50:29","date_gmt":"2021-02-01T09:50:29","guid":{"rendered":"http:\/\/serveiseducatius.xtec.cat\/pladurgell\/?p=12996"},"modified":"2025-10-29T13:54:52","modified_gmt":"2025-10-29T12:54:52","slug":"conferencies-cesire-de-lambit-matematic","status":"publish","type":"post","link":"https:\/\/serveiseducatius.xtec.cat\/pladurgell\/portada\/conferencies-cesire-de-lambit-matematic\/","title":{"rendered":"Confer\u00e8ncies CESIRE de l&#8217;\u00e0mbit matem\u00e0tic"},"content":{"rendered":"<p><a href=\"https:\/\/serveiseducatius.xtec.cat\/pladurgell\/wp-content\/uploads\/usu1141\/2020\/05\/retall-1-e1612172742891.png\"><img loading=\"lazy\" decoding=\"async\" class=\"aligncenter wp-image-11571\" src=\"https:\/\/serveiseducatius.xtec.cat\/pladurgell\/wp-content\/uploads\/usu1141\/2020\/05\/retall-1-e1612172742891.png\" alt=\"\" width=\"234\" height=\"186\" \/><\/a><\/p>\n<p>Des del CESIRE-\u00e0mbit matem\u00e0tic proposen una s\u00e8rie de confer\u00e8ncies adre\u00e7ades a les diferents etapes educatives\u00a0podreu seguir en aquest<strong> <a href=\"https:\/\/www.youtube.com\/user\/CREAMAT1\" target=\"_blank\" rel=\"noopener noreferrer\" data-saferedirecturl=\"https:\/\/www.google.com\/url?q=https:\/\/www.youtube.com\/user\/CREAMAT1&amp;source=gmail&amp;ust=1612257966149000&amp;usg=AFQjCNGs2YbbB3Wovth7wKSeeZBOhNLB0g\">canal d\u2019emissi\u00f3<\/a><\/strong>:<\/p>\n<ul>\n<li>Cicle\u00a0<strong>Mirades Matem\u00e0tiques\u00a0<\/strong>(si voleu certificar\u00a0<a href=\"https:\/\/aplicacions.gestioeducativa.gencat.cat\/pls\/soloas\/pk_for_mod_ins.p_for_detall_activitat?p_codi=9001220532&amp;p_curs=2020-2021&amp;p_es_inscr=S\" target=\"_blank\" rel=\"noopener noreferrer\" data-saferedirecturl=\"https:\/\/www.google.com\/url?q=https:\/\/aplicacions.gestioeducativa.gencat.cat\/pls\/soloas\/pk_for_mod_ins.p_for_detall_activitat?p_codi%3D9001220532%26p_curs%3D2020-2021%26p_es_inscr%3DS&amp;source=gmail&amp;ust=1612257966149000&amp;usg=AFQjCNHA_KBiccInIxC7npmAd7vqI8bt9g\">inscriviu-vos al GTAF<\/a>)<strong><br \/>\n<\/strong><\/p>\n<ul>\n<li>\u201c<strong>Estad\u00edstica i probabilitat a infantil i prim\u00e0ria<\/strong>\u201d a c\u00e0rrec de l\u2019\u00c0ngel Alsina, de la Universitat de Girona.\u00a0<strong>[10\/2\/21]<\/strong><\/li>\n<li>\u201c<strong>La comunicaci\u00f3 en Matem\u00e0tiques a Educaci\u00f3 infantil<\/strong>\u201d a c\u00e0rrec de Toni Moncl\u00fas, mestre de l\u2019escola Marta Mata de Vilanova del Cam\u00ed.\u00a0<strong>[24\/3\/21]<\/strong><\/li>\n<li>\u201c<strong>Matem\u00e0tica realista. Construcci\u00f3 d\u2019aprenentatge significatiu<\/strong>\u201d a c\u00e0rrec de la Maria Salgado, de la Universitat de Santiago de Compostela.\u00a0<strong>[21\/4\/21]<\/strong><\/li>\n<\/ul>\n<\/li>\n<\/ul>\n<p><!--more--><\/p>\n<ul>\n<li>Cicle\u00a0<strong>Perspectives Matem\u00e0tiques<\/strong>\u00a0(si voleu certificar\u00a0<a href=\"https:\/\/aplicacions.gestioeducativa.gencat.cat\/pls\/soloas\/pk_for_mod_ins.p_for_detall_activitat?p_codi=9001230532&amp;p_curs=2020-2021&amp;p_es_inscr=S\" target=\"_blank\" rel=\"noopener noreferrer\" data-saferedirecturl=\"https:\/\/www.google.com\/url?q=https:\/\/aplicacions.gestioeducativa.gencat.cat\/pls\/soloas\/pk_for_mod_ins.p_for_detall_activitat?p_codi%3D9001230532%26p_curs%3D2020-2021%26p_es_inscr%3DS&amp;source=gmail&amp;ust=1612257966149000&amp;usg=AFQjCNGXJqlZsR65dKHW-R1pxCx1LpZPgA\">inscriviu-vos al GTAF<\/a>)<strong><br \/>\n<\/strong><\/p>\n<ul>\n<li>\u201c<strong>El treball per projectes de matem\u00e0tiques a Secund\u00e0ria\u201d<\/strong>\u00a0a c\u00e0rrec d\u2019en Sergi del Moral, professor de l\u2019Institut Les Vinyes.<strong>\u00a0[17\/2\/2021]<\/strong><\/li>\n<li>\u201c<strong>Els materials a l\u2019aula de matem\u00e0tique<\/strong>s\u201d a c\u00e0rrec d\u2019en Simon Gregg. Primary teacher at the International School of Toulouse.\u00a0<em>(Confer\u00e8ncia en llengua anglesa)<\/em>\u00a0<strong>[10\/3\/2021]<\/strong><\/li>\n<li>\u201c<strong>La hist\u00f2ria de la matem\u00e0tica com a element did\u00e0ctic a l\u2019aula de secund\u00e0ri<\/strong>a\u201d a c\u00e0rrec d\u2019en David Virgili, membre del grup d\u2019hist\u00f2ria de la matem\u00e0tica d\u2019ABEAM.\u00a0<strong>[12\/5\/2021]<\/strong><\/li>\n<\/ul>\n<\/li>\n<\/ul>\n<ul>\n<li>Cicle\u00a0<strong>Mirades 0-8<\/strong>\n<ul>\n<li>\u201c<strong>El comptatge entre 0 i 6 anys<\/strong>\u201c, a c\u00e0rrec d\u2019Eva Mart\u00edn, mestra de l\u2019escola Auditori de Barcelona. (<a href=\"https:\/\/aplicacions.gestioeducativa.gencat.cat\/pls\/soloas\/pk_for_mod_ins.p_for_detall_activitat?p_codi=9004500532&amp;p_curs=2020-2021&amp;p_es_inscr=S\" target=\"_blank\" rel=\"noopener noreferrer\" data-saferedirecturl=\"https:\/\/www.google.com\/url?q=https:\/\/aplicacions.gestioeducativa.gencat.cat\/pls\/soloas\/pk_for_mod_ins.p_for_detall_activitat?p_codi%3D9004500532%26p_curs%3D2020-2021%26p_es_inscr%3DS&amp;source=gmail&amp;ust=1612257966149000&amp;usg=AFQjCNEQ_F_7AWkHX3C-5nop-yykV-qcnA\">Enlla\u00e7 GTAF<\/a>) [10\/3\/2021]<\/li>\n<li>\u201c<strong>L\u2019origami, l\u2019espai i la geometria<\/strong>\u201c, a c\u00e0rrec de l\u2019Eul\u00e0lia Tramuns, mestra de l\u2019escola Horitz\u00f3 de Barcelona i membre del<a href=\"https:\/\/mmaca.cat\/\" target=\"_blank\" rel=\"noopener noreferrer\" data-saferedirecturl=\"https:\/\/www.google.com\/url?q=https:\/\/mmaca.cat\/&amp;source=gmail&amp;ust=1612257966149000&amp;usg=AFQjCNFTtcC-7FVJF7OA06t6rkxIdjGhaA\">\u00a0mmaca<\/a>. (<a href=\"https:\/\/aplicacions.gestioeducativa.gencat.cat\/pls\/soloas\/pk_for_mod_ins.p_for_detall_activitat?p_codi=9004510532&amp;p_curs=2020-2021&amp;p_es_inscr=S\" target=\"_blank\" rel=\"noopener noreferrer\" data-saferedirecturl=\"https:\/\/www.google.com\/url?q=https:\/\/aplicacions.gestioeducativa.gencat.cat\/pls\/soloas\/pk_for_mod_ins.p_for_detall_activitat?p_codi%3D9004510532%26p_curs%3D2020-2021%26p_es_inscr%3DS&amp;source=gmail&amp;ust=1612257966149000&amp;usg=AFQjCNFPrJHGE1wiQMn_F7LWXLTHsiKgug\">Enlla\u00e7 GTAF<\/a>)\u00a0<strong>[14\/4\/2021]<\/strong><\/li>\n<li>\u201c<strong>Que podem aprendre amb els minimons?<\/strong>\u201d a c\u00e0rrec de la Judit Mas Saldanya. (<a href=\"https:\/\/aplicacions.gestioeducativa.gencat.cat\/pls\/soloas\/pk_for_mod_ins.p_for_detall_activitat?p_codi=9004520532&amp;p_curs=2020-2021&amp;p_es_inscr=S\" target=\"_blank\" rel=\"noopener noreferrer\" data-saferedirecturl=\"https:\/\/www.google.com\/url?q=https:\/\/aplicacions.gestioeducativa.gencat.cat\/pls\/soloas\/pk_for_mod_ins.p_for_detall_activitat?p_codi%3D9004520532%26p_curs%3D2020-2021%26p_es_inscr%3DS&amp;source=gmail&amp;ust=1612257966149000&amp;usg=AFQjCNEuDFzw4-zMFN_iq5SM9XY3wHaSwg\">Enlla\u00e7 al GTAF<\/a>)\u00a0<strong>[5\/5\/2021]<\/strong><\/li>\n<\/ul>\n<\/li>\n<\/ul>\n<ul>\n<li>Confer\u00e8ncia<b>\u00a0Connecta\u2019t a la recerca:<\/b>\n<ul>\n<li>\u201c<strong>Entre el dibuix i les matem\u00e0tiques a prim\u00e0ria i secund\u00e0ria<\/strong>\u201c, a c\u00e0rrec de Ruben Pineda, professor de matem\u00e0tiques de l\u2019INS Pau Claris de Barcelona. (<a href=\"https:\/\/aplicacions.gestioeducativa.gencat.cat\/pls\/soloas\/pk_for_mod_ins.p_for_detall_activitat?p_codi=9004030532&amp;p_curs=2020-2021&amp;p_es_inscr=S\" target=\"_blank\" rel=\"noopener noreferrer\" data-saferedirecturl=\"https:\/\/www.google.com\/url?q=https:\/\/aplicacions.gestioeducativa.gencat.cat\/pls\/soloas\/pk_for_mod_ins.p_for_detall_activitat?p_codi%3D9004030532%26p_curs%3D2020-2021%26p_es_inscr%3DS&amp;source=gmail&amp;ust=1612257966149000&amp;usg=AFQjCNGaaY5HJvpUH7OIBAD_EQGvYJ3-BA\">Enlla\u00e7 al GTAF<\/a>) [8\/3\/2021]<\/li>\n<\/ul>\n<\/li>\n<\/ul>\n","protected":false},"excerpt":{"rendered":"<p>Des del CESIRE-\u00e0mbit matem\u00e0tic proposen una s\u00e8rie de confer\u00e8ncies adre\u00e7ades a les diferents etapes educatives\u00a0podreu seguir en aquest canal d\u2019emissi\u00f3: [&hellip;]<\/p>\n","protected":false},"author":1,"featured_media":11571,"comment_status":"open","ping_status":"closed","sticky":false,"template":"","format":"standard","meta":{"_bbp_topic_count":0,"_bbp_reply_count":0,"_bbp_total_topic_count":0,"_bbp_total_reply_count":0,"_bbp_voice_count":0,"_bbp_anonymous_reply_count":0,"_bbp_topic_count_hidden":0,"_bbp_reply_count_hidden":0,"_bbp_forum_subforum_count":0,"site-sidebar-layout":"default","site-content-layout":"","ast-site-content-layout":"default","site-content-style":"default","site-sidebar-style":"default","ast-global-header-display":"","ast-banner-title-visibility":"","ast-main-header-display":"","ast-hfb-above-header-display":"","ast-hfb-below-header-display":"","ast-hfb-mobile-header-display":"","site-post-title":"","ast-breadcrumbs-content":"","ast-featured-img":"","footer-sml-layout":"","theme-transparent-header-meta":"","adv-header-id-meta":"","stick-header-meta":"","header-above-stick-meta":"","header-main-stick-meta":"","header-below-stick-meta":"","astra-migrate-meta-layouts":"set","ast-page-background-enabled":"default","ast-page-background-meta":{"desktop":{"background-color":"var(--ast-global-color-4)","background-image":"","background-repeat":"repeat","background-position":"center center","background-size":"auto","background-attachment":"scroll","background-type":"","background-media":"","overlay-type":"","overlay-color":"","overlay-opacity":"","overlay-gradient":""},"tablet":{"background-color":"","background-image":"","background-repeat":"repeat","background-position":"center center","background-size":"auto","background-attachment":"scroll","background-type":"","background-media":"","overlay-type":"","overlay-color":"","overlay-opacity":"","overlay-gradient":""},"mobile":{"background-color":"","background-image":"","background-repeat":"repeat","background-position":"center center","background-size":"auto","background-attachment":"scroll","background-type":"","background-media":"","overlay-type":"","overlay-color":"","overlay-opacity":"","overlay-gradient":""}},"ast-content-background-meta":{"desktop":{"background-color":"var(--ast-global-color-5)","background-image":"","background-repeat":"repeat","background-position":"center center","background-size":"auto","background-attachment":"scroll","background-type":"","background-media":"","overlay-type":"","overlay-color":"","overlay-opacity":"","overlay-gradient":""},"tablet":{"background-color":"var(--ast-global-color-5)","background-image":"","background-repeat":"repeat","background-position":"center center","background-size":"auto","background-attachment":"scroll","background-type":"","background-media":"","overlay-type":"","overlay-color":"","overlay-opacity":"","overlay-gradient":""},"mobile":{"background-color":"var(--ast-global-color-5)","background-image":"","background-repeat":"repeat","background-position":"center center","background-size":"auto","background-attachment":"scroll","background-type":"","background-media":"","overlay-type":"","overlay-color":"","overlay-opacity":"","overlay-gradient":""}},"footnotes":""},"categories":[442,443,154,29,284],"tags":[880,163,172,179,252],"class_list":["post-12996","post","type-post","status-publish","format-standard","has-post-thumbnail","hentry","category-e-infantil","category-eso","category-formacio","category-portada","category-primaria","tag-matematiques-2","tag-educacio-infantil","tag-educacio-primaria","tag-educacio-secundaria","tag-formacio-professional"],"post_mailing_queue_ids":[],"_links":{"self":[{"href":"https:\/\/serveiseducatius.xtec.cat\/pladurgell\/wp-json\/wp\/v2\/posts\/12996","targetHints":{"allow":["GET"]}}],"collection":[{"href":"https:\/\/serveiseducatius.xtec.cat\/pladurgell\/wp-json\/wp\/v2\/posts"}],"about":[{"href":"https:\/\/serveiseducatius.xtec.cat\/pladurgell\/wp-json\/wp\/v2\/types\/post"}],"author":[{"embeddable":true,"href":"https:\/\/serveiseducatius.xtec.cat\/pladurgell\/wp-json\/wp\/v2\/users\/1"}],"replies":[{"embeddable":true,"href":"https:\/\/serveiseducatius.xtec.cat\/pladurgell\/wp-json\/wp\/v2\/comments?post=12996"}],"version-history":[{"count":3,"href":"https:\/\/serveiseducatius.xtec.cat\/pladurgell\/wp-json\/wp\/v2\/posts\/12996\/revisions"}],"predecessor-version":[{"id":21939,"href":"https:\/\/serveiseducatius.xtec.cat\/pladurgell\/wp-json\/wp\/v2\/posts\/12996\/revisions\/21939"}],"wp:featuredmedia":[{"embeddable":true,"href":"https:\/\/serveiseducatius.xtec.cat\/pladurgell\/wp-json\/wp\/v2\/media\/11571"}],"wp:attachment":[{"href":"https:\/\/serveiseducatius.xtec.cat\/pladurgell\/wp-json\/wp\/v2\/media?parent=12996"}],"wp:term":[{"taxonomy":"category","embeddable":true,"href":"https:\/\/serveiseducatius.xtec.cat\/pladurgell\/wp-json\/wp\/v2\/categories?post=12996"},{"taxonomy":"post_tag","embeddable":true,"href":"https:\/\/serveiseducatius.xtec.cat\/pladurgell\/wp-json\/wp\/v2\/tags?post=12996"}],"curies":[{"name":"wp","href":"https:\/\/api.w.org\/{rel}","templated":true}]}}