{"id":12856,"date":"2021-01-14T10:17:17","date_gmt":"2021-01-14T09:17:17","guid":{"rendered":"http:\/\/serveiseducatius.xtec.cat\/pladurgell\/?p=12856"},"modified":"2021-01-14T10:20:59","modified_gmt":"2021-01-14T09:20:59","slug":"43e-premis-baldiri-reixac","status":"publish","type":"post","link":"https:\/\/serveiseducatius.xtec.cat\/pladurgell\/general\/43e-premis-baldiri-reixac\/","title":{"rendered":"43\u00e8 Premis Baldiri Reixac"},"content":{"rendered":"<p style=\"text-align: center;\"><a href=\"https:\/\/serveiseducatius.xtec.cat\/pladurgell\/wp-content\/uploads\/usu1141\/2021\/01\/Premis-Baldiri-Reixac-752x400-e1610615526902.jpg\"><img loading=\"lazy\" decoding=\"async\" class=\"aligncenter size-medium wp-image-12857\" src=\"https:\/\/serveiseducatius.xtec.cat\/pladurgell\/wp-content\/uploads\/usu1141\/2021\/01\/Premis-Baldiri-Reixac-752x400-300x160.jpg\" alt=\"\" width=\"300\" height=\"160\" \/><\/a><\/p>\n<p style=\"text-align: justify;\">Des de la Fundaci\u00f3 Carulla, es convoquen de nou els premis Baldiri Reixac amb l&#8217;objectiu de recon\u00e8ixer i impulsar nous projectes de la comunitat educativa i cultural que aprofitin aquesta crisi sanit\u00e0ria i social per convertir una situaci\u00f3 cr\u00edtica en una oportunitat de millora. Aquest any, m\u00e9s que mai, les arts i la cultura s\u00f3n el cam\u00ed per continuar construint una escola catalana oberta, inclusica i innovadora i per fer front a noves necessitats creades per COVID19 a les escoles i entre l&#8217;alumnat.<\/p>\n<p><!--more--><\/p>\n<div class=\"zn_text_box eluidfe5029db zn_text_box-light element-scheme--light\">\n<p style=\"text-align: justify;\"><strong><a href=\"https:\/\/fundaciocarulla.cat\/premis-baldiri-reixac\/\">Enlla\u00e7 <\/a><\/strong>a la Fundaci\u00f3 Carulla on trobareu tota la informaci\u00f3, les bases i l&#8217;acc\u00e8s a les inscripcions.<\/p>\n<p style=\"text-align: justify;\">Inscripcions obertes<strong>\u00a0fins el dijous 11 de febrer de 2021.<\/strong><\/p>\n<p style=\"text-align: justify;\"><strong>Modalitats:<\/strong><\/p>\n<ul style=\"text-align: justify;\">\n<li>Premi Baldiri Escoles.<\/li>\n<li>Premi Baldiri Connexions.<\/li>\n<li>Premis Baldiri Experi\u00e8ncies.<\/li>\n<li>Premis Joan Triad\u00fa (no es poden presentar candidatures a aquesta categoria. Ser\u00e0 el jutat qui seleccionr\u00e0 directarment el guanyador entre els centres educatius de Catalunya)<\/li>\n<\/ul>\n<p style=\"text-align: justify;\">Baldiritza&#8217;t i transforma!<\/p>\n<\/div>\n","protected":false},"excerpt":{"rendered":"<p>Des de la Fundaci\u00f3 Carulla, es convoquen de nou els premis Baldiri Reixac amb l&#8217;objectiu de recon\u00e8ixer i impulsar nous [&hellip;]<\/p>\n","protected":false},"author":1,"featured_media":12857,"comment_status":"open","ping_status":"closed","sticky":false,"template":"","format":"standard","meta":{"_bbp_topic_count":0,"_bbp_reply_count":0,"_bbp_total_topic_count":0,"_bbp_total_reply_count":0,"_bbp_voice_count":0,"_bbp_anonymous_reply_count":0,"_bbp_topic_count_hidden":0,"_bbp_reply_count_hidden":0,"_bbp_forum_subforum_count":0,"site-sidebar-layout":"default","site-content-layout":"","ast-site-content-layout":"","site-content-style":"default","site-sidebar-style":"default","ast-global-header-display":"","ast-banner-title-visibility":"","ast-main-header-display":"","ast-hfb-above-header-display":"","ast-hfb-below-header-display":"","ast-hfb-mobile-header-display":"","site-post-title":"","ast-breadcrumbs-content":"","ast-featured-img":"","footer-sml-layout":"","theme-transparent-header-meta":"","adv-header-id-meta":"","stick-header-meta":"","header-above-stick-meta":"","header-main-stick-meta":"","header-below-stick-meta":"","astra-migrate-meta-layouts":"default","ast-page-background-enabled":"default","ast-page-background-meta":{"desktop":{"background-color":"var(--ast-global-color-4)","background-image":"","background-repeat":"repeat","background-position":"center center","background-size":"auto","background-attachment":"scroll","background-type":"","background-media":"","overlay-type":"","overlay-color":"","overlay-opacity":"","overlay-gradient":""},"tablet":{"background-color":"","background-image":"","background-repeat":"repeat","background-position":"center center","background-size":"auto","background-attachment":"scroll","background-type":"","background-media":"","overlay-type":"","overlay-color":"","overlay-opacity":"","overlay-gradient":""},"mobile":{"background-color":"","background-image":"","background-repeat":"repeat","background-position":"center center","background-size":"auto","background-attachment":"scroll","background-type":"","background-media":"","overlay-type":"","overlay-color":"","overlay-opacity":"","overlay-gradient":""}},"ast-content-background-meta":{"desktop":{"background-color":"var(--ast-global-color-5)","background-image":"","background-repeat":"repeat","background-position":"center center","background-size":"auto","background-attachment":"scroll","background-type":"","background-media":"","overlay-type":"","overlay-color":"","overlay-opacity":"","overlay-gradient":""},"tablet":{"background-color":"var(--ast-global-color-5)","background-image":"","background-repeat":"repeat","background-position":"center center","background-size":"auto","background-attachment":"scroll","background-type":"","background-media":"","overlay-type":"","overlay-color":"","overlay-opacity":"","overlay-gradient":""},"mobile":{"background-color":"var(--ast-global-color-5)","background-image":"","background-repeat":"repeat","background-position":"center center","background-size":"auto","background-attachment":"scroll","background-type":"","background-media":"","overlay-type":"","overlay-color":"","overlay-opacity":"","overlay-gradient":""}},"footnotes":""},"categories":[1,29],"tags":[291],"class_list":["post-12856","post","type-post","status-publish","format-standard","has-post-thumbnail","hentry","category-general","category-portada","tag-premis"],"post_mailing_queue_ids":[],"_links":{"self":[{"href":"https:\/\/serveiseducatius.xtec.cat\/pladurgell\/wp-json\/wp\/v2\/posts\/12856","targetHints":{"allow":["GET"]}}],"collection":[{"href":"https:\/\/serveiseducatius.xtec.cat\/pladurgell\/wp-json\/wp\/v2\/posts"}],"about":[{"href":"https:\/\/serveiseducatius.xtec.cat\/pladurgell\/wp-json\/wp\/v2\/types\/post"}],"author":[{"embeddable":true,"href":"https:\/\/serveiseducatius.xtec.cat\/pladurgell\/wp-json\/wp\/v2\/users\/1"}],"replies":[{"embeddable":true,"href":"https:\/\/serveiseducatius.xtec.cat\/pladurgell\/wp-json\/wp\/v2\/comments?post=12856"}],"version-history":[{"count":3,"href":"https:\/\/serveiseducatius.xtec.cat\/pladurgell\/wp-json\/wp\/v2\/posts\/12856\/revisions"}],"predecessor-version":[{"id":12860,"href":"https:\/\/serveiseducatius.xtec.cat\/pladurgell\/wp-json\/wp\/v2\/posts\/12856\/revisions\/12860"}],"wp:featuredmedia":[{"embeddable":true,"href":"https:\/\/serveiseducatius.xtec.cat\/pladurgell\/wp-json\/wp\/v2\/media\/12857"}],"wp:attachment":[{"href":"https:\/\/serveiseducatius.xtec.cat\/pladurgell\/wp-json\/wp\/v2\/media?parent=12856"}],"wp:term":[{"taxonomy":"category","embeddable":true,"href":"https:\/\/serveiseducatius.xtec.cat\/pladurgell\/wp-json\/wp\/v2\/categories?post=12856"},{"taxonomy":"post_tag","embeddable":true,"href":"https:\/\/serveiseducatius.xtec.cat\/pladurgell\/wp-json\/wp\/v2\/tags?post=12856"}],"curies":[{"name":"wp","href":"https:\/\/api.w.org\/{rel}","templated":true}]}}