{"id":12836,"date":"2021-01-12T14:05:17","date_gmt":"2021-01-12T13:05:17","guid":{"rendered":"http:\/\/serveiseducatius.xtec.cat\/pladurgell\/?p=12836"},"modified":"2021-01-14T10:24:26","modified_gmt":"2021-01-14T09:24:26","slug":"oferta-formativa-area-de-cultura-digital","status":"publish","type":"post","link":"https:\/\/serveiseducatius.xtec.cat\/pladurgell\/general\/oferta-formativa-area-de-cultura-digital\/","title":{"rendered":"Oferta formativa \u00c0rea de Cultura Digital"},"content":{"rendered":"<p><a href=\"https:\/\/serveiseducatius.xtec.cat\/pladurgell\/wp-content\/uploads\/usu1141\/2021\/01\/oferta.jpeg\"><img loading=\"lazy\" decoding=\"async\" class=\"aligncenter wp-image-12837\" src=\"https:\/\/serveiseducatius.xtec.cat\/pladurgell\/wp-content\/uploads\/usu1141\/2021\/01\/oferta-300x175.jpeg\" alt=\"\" width=\"297\" height=\"173\" srcset=\"https:\/\/serveiseducatius.xtec.cat\/pladurgell\/wp-content\/uploads\/usu1141\/2021\/01\/oferta-300x175.jpeg 300w, https:\/\/serveiseducatius.xtec.cat\/pladurgell\/wp-content\/uploads\/usu1141\/2021\/01\/oferta.jpeg 533w\" sizes=\"auto, (max-width: 297px) 100vw, 297px\" \/><\/a><\/p>\n<p style=\"text-align: justify;\">Des de l&#8217;\u00c0rea de Cultura digital ens han fet arribar aquesta proposta d&#8217;oferta formativa individual per als mestres i professorat. Hi ha dos cursos nous: <b>Ciberseguretat a l&#8217;aula<\/b>\u00a0i\u00a0<b>Protecci\u00f3 de dades<\/b>, els continguts dels quals s&#8217;han elaborat i coordinat amb l&#8217;<b>Ag\u00e8ncia de Ciberseguretat de Catalunya<\/b>\u00a0i amb l&#8217;<b>Autoritat Catalana de Protecci\u00f3 de Dades<\/b>, respectivament.<\/p>\n<p style=\"text-align: justify;\">Us compartim el llistat i l&#8217;enlla\u00e7 al cursos d&#8217;aquest 2n per\u00edode de formaci\u00f3 i us informem que la inscripci\u00f3 finalitza el proper dimarts 19 de gener.<\/p>\n<p><!--more--><\/p>\n<table class=\" aligncenter\" style=\"border-style: solid; width: 448px; border-color: #0f1ef2; height: 711px;\" border=\"0\" width=\"675\" cellspacing=\"2\" cellpadding=\"0\">\n<tbody>\n<tr>\n<td style=\"width: 92.8px; border-style: solid; border-color: #110af2; background-color: #bcc7f7;\" colspan=\"3\"><b><span style=\"font-family: arial, helvetica, geneva;\">Codi<\/span><\/b><\/td>\n<td style=\"width: 349.867px; border-style: solid; border-color: #110af2; background-color: #bcc7f7;\"><b><span style=\"font-family: arial, helvetica, geneva;\">Activitat<\/span><\/b><\/td>\n<\/tr>\n<tr>\n<td style=\"width: 92.8px; border-style: solid; border-color: #1b07f7;\" colspan=\"3\"><span style=\"font-family: arial, helvetica, geneva; font-size: small;\">9000610529<\/span><\/td>\n<td style=\"width: 349.867px; border-style: solid; border-color: #1b07f7;\" valign=\"TOP\"><span style=\"font-family: arial, helvetica, geneva; font-size: small;\"><b><a href=\"https:\/\/aplicacions.gestioeducativa.gencat.cat\/pls\/soloas\/pk_for_mod_ins.p_for_detall_activitat?p_header=Llista%20d%27activitats^pk_for_mod_ins.p_for_cons_activitats?p_tipus_act=APIA,AINF,CHMB,CIBE,DTKC,GSF2,JCLA,LNKA,SCAP,APDC%26p_any=2020-2021%26p_totes=S%26p_inici=1%26p_excloure_crp_rec=F&amp;p_codi=9000610529&amp;p_curs=2020-2021&amp;p_excloure_crp_rec=F\">Avancem amb l&#8217;Appinventor<\/a><\/b><\/span><\/td>\n<\/tr>\n<tr>\n<td style=\"width: 92.8px; border-style: solid; border-color: #1b07f7;\" colspan=\"4\"><span style=\"font-family: arial, helvetica, geneva; font-size: xx-small;\">Curs telem\u00e0tic. VT Curs a dist\u00e0ncia (A dist\u00e0ncia). Del dijous 4\/2\/2021 al 30\/5\/2021\u00a0<\/span><\/td>\n<\/tr>\n<tr>\n<td style=\"width: 92.8px; border-style: solid; border-color: #1b07f7;\" colspan=\"3\"><span style=\"font-family: arial, helvetica, geneva; font-size: small;\">9000620529<\/span><\/td>\n<td style=\"width: 349.867px; border-style: solid; border-color: #1b07f7;\" valign=\"TOP\"><span style=\"font-family: arial, helvetica, geneva; font-size: small;\"><b><a href=\"https:\/\/aplicacions.gestioeducativa.gencat.cat\/pls\/soloas\/pk_for_mod_ins.p_for_detall_activitat?p_header=Llista%20d%27activitats^pk_for_mod_ins.p_for_cons_activitats?p_tipus_act=APIA,AINF,CHMB,CIBE,DTKC,GSF2,JCLA,LNKA,SCAP,APDC%26p_any=2020-2021%26p_totes=S%26p_inici=1%26p_excloure_crp_rec=F&amp;p_codi=9000620529&amp;p_curs=2020-2021&amp;p_excloure_crp_rec=F\">Administraci\u00f3 de l&#8217;entorn de treball al n\u00favol<\/a><\/b><\/span><\/td>\n<\/tr>\n<tr>\n<td style=\"width: 92.8px; border-style: solid; border-color: #1b07f7;\" colspan=\"4\"><span style=\"font-family: arial, helvetica, geneva; font-size: xx-small;\">Curs telem\u00e0tic. VT Curs a dist\u00e0ncia (A dist\u00e0ncia). Del dijous 4\/2\/2021 al 30\/5\/2021\u00a0<\/span><\/td>\n<\/tr>\n<tr>\n<td style=\"width: 92.8px; border-style: solid; border-color: #1b07f7;\" colspan=\"3\"><span style=\"font-family: arial, helvetica, geneva; font-size: small;\">9000630529<\/span><\/td>\n<td style=\"width: 349.867px; border-style: solid; border-color: #1b07f7;\" valign=\"TOP\"><span style=\"font-family: arial, helvetica, geneva; font-size: small;\"><b><a href=\"https:\/\/aplicacions.gestioeducativa.gencat.cat\/pls\/soloas\/pk_for_mod_ins.p_for_detall_activitat?p_header=Llista%20d%27activitats^pk_for_mod_ins.p_for_cons_activitats?p_tipus_act=APIA,AINF,CHMB,CIBE,DTKC,GSF2,JCLA,LNKA,SCAP,APDC%26p_any=2020-2021%26p_totes=S%26p_inici=1%26p_excloure_crp_rec=F&amp;p_codi=9000630529&amp;p_curs=2020-2021&amp;p_excloure_crp_rec=F\">Introducci\u00f3 al disseny 3D amb Tinkercad<\/a><\/b><\/span><\/td>\n<\/tr>\n<tr>\n<td style=\"width: 92.8px; border-style: solid; border-color: #1b07f7;\" colspan=\"4\"><span style=\"font-family: arial, helvetica, geneva; font-size: xx-small;\">Curs telem\u00e0tic. VT Curs a dist\u00e0ncia (A dist\u00e0ncia). Del dijous 4\/2\/2021 al 30\/5\/2021\u00a0<\/span><\/td>\n<\/tr>\n<tr>\n<td style=\"width: 92.8px; border-style: solid; border-color: #1b07f7;\" colspan=\"3\"><span style=\"font-family: arial, helvetica, geneva; font-size: small;\">9000640529<\/span><\/td>\n<td style=\"width: 349.867px; border-style: solid; border-color: #1b07f7;\" valign=\"TOP\"><span style=\"font-family: arial, helvetica, geneva; font-size: small;\"><b><a href=\"https:\/\/aplicacions.gestioeducativa.gencat.cat\/pls\/soloas\/pk_for_mod_ins.p_for_detall_activitat?p_header=Llista%20d%27activitats^pk_for_mod_ins.p_for_cons_activitats?p_tipus_act=APIA,AINF,CHMB,CIBE,DTKC,GSF2,JCLA,LNKA,SCAP,APDC%26p_any=2020-2021%26p_totes=S%26p_inici=1%26p_excloure_crp_rec=F&amp;p_codi=9000640529&amp;p_curs=2020-2021&amp;p_excloure_crp_rec=F\">JClic avan\u00e7at<\/a><\/b><\/span><\/td>\n<\/tr>\n<tr>\n<td style=\"width: 92.8px; border-style: solid; border-color: #1b07f7;\" colspan=\"4\"><span style=\"font-family: arial, helvetica, geneva; font-size: xx-small;\">Curs telem\u00e0tic. VT Curs a dist\u00e0ncia (A dist\u00e0ncia). Del dijous 4\/2\/2021 al 30\/5\/2021\u00a0<\/span><\/td>\n<\/tr>\n<tr>\n<td style=\"width: 92.8px; border-style: solid; border-color: #1b07f7;\" colspan=\"3\"><span style=\"font-family: arial, helvetica, geneva; font-size: small;\">9000650529<\/span><\/td>\n<td style=\"width: 349.867px; border-style: solid; border-color: #1b07f7;\" valign=\"TOP\"><span style=\"font-family: arial, helvetica, geneva; font-size: small;\"><b><a href=\"https:\/\/aplicacions.gestioeducativa.gencat.cat\/pls\/soloas\/pk_for_mod_ins.p_for_detall_activitat?p_header=Llista%20d%27activitats^pk_for_mod_ins.p_for_cons_activitats?p_tipus_act=APIA,AINF,CHMB,CIBE,DTKC,GSF2,JCLA,LNKA,SCAP,APDC%26p_any=2020-2021%26p_totes=S%26p_inici=1%26p_excloure_crp_rec=F&amp;p_codi=9000650529&amp;p_curs=2020-2021&amp;p_excloure_crp_rec=F\">Linkat avan\u00e7at<\/a><\/b><\/span><\/td>\n<\/tr>\n<tr>\n<td style=\"width: 92.8px; border-style: solid; border-color: #1b07f7;\" colspan=\"4\"><span style=\"font-family: arial, helvetica, geneva; font-size: xx-small;\">Curs telem\u00e0tic. VT Curs a dist\u00e0ncia (A dist\u00e0ncia). Del dijous 4\/2\/2021 al 30\/5\/2021\u00a0<\/span><\/td>\n<\/tr>\n<tr>\n<td style=\"width: 92.8px; border-style: solid; border-color: #1b07f7;\" colspan=\"3\"><span style=\"font-family: arial, helvetica, geneva; font-size: small;\">9000660529<\/span><\/td>\n<td style=\"width: 349.867px; border-style: solid; border-color: #1b07f7;\" valign=\"TOP\"><span style=\"font-family: arial, helvetica, geneva; font-size: small;\"><b><a href=\"https:\/\/aplicacions.gestioeducativa.gencat.cat\/pls\/soloas\/pk_for_mod_ins.p_for_detall_activitat?p_header=Llista%20d%27activitats^pk_for_mod_ins.p_for_cons_activitats?p_tipus_act=APIA,AINF,CHMB,CIBE,DTKC,GSF2,JCLA,LNKA,SCAP,APDC%26p_any=2020-2021%26p_totes=S%26p_inici=1%26p_excloure_crp_rec=F&amp;p_codi=9000660529&amp;p_curs=2020-2021&amp;p_excloure_crp_rec=F\">Scratch avan\u00e7at<\/a><\/b><\/span><\/td>\n<\/tr>\n<tr>\n<td style=\"width: 92.8px; border-style: solid; border-color: #1b07f7;\" colspan=\"4\"><span style=\"font-family: arial, helvetica, geneva; font-size: xx-small;\">Curs telem\u00e0tic. VT Curs a dist\u00e0ncia (A dist\u00e0ncia). Del dijous 4\/2\/2021 al 30\/5\/2021\u00a0<\/span><\/td>\n<\/tr>\n<tr>\n<td style=\"width: 92.8px; border-style: solid; border-color: #1b07f7;\" colspan=\"3\"><span style=\"font-family: arial, helvetica, geneva; font-size: small;\">9001360529<\/span><\/td>\n<td style=\"width: 349.867px; border-style: solid; border-color: #1b07f7;\" valign=\"TOP\"><span style=\"font-family: arial, helvetica, geneva; font-size: small;\"><b><a href=\"https:\/\/aplicacions.gestioeducativa.gencat.cat\/pls\/soloas\/pk_for_mod_ins.p_for_detall_activitat?p_header=Llista%20d%27activitats^pk_for_mod_ins.p_for_cons_activitats?p_tipus_act=APIA,AINF,CHMB,CIBE,DTKC,GSF2,JCLA,LNKA,SCAP,APDC%26p_any=2020-2021%26p_totes=S%26p_inici=1%26p_excloure_crp_rec=F&amp;p_codi=9001360529&amp;p_curs=2020-2021&amp;p_excloure_crp_rec=F\">Ciberseguretat a l&#8217;aula<\/a><\/b><\/span><\/td>\n<\/tr>\n<tr>\n<td style=\"width: 92.8px; border-style: solid; border-color: #1b07f7;\" colspan=\"4\"><span style=\"font-family: arial, helvetica, geneva; font-size: xx-small;\">Curs telem\u00e0tic. VT Curs a dist\u00e0ncia (A dist\u00e0ncia). Del dijous 4\/2\/2021 al 30\/5\/2021\u00a0<\/span><\/td>\n<\/tr>\n<tr>\n<td style=\"width: 92.8px; border-style: solid; border-color: #1b07f7;\" colspan=\"3\"><span style=\"font-family: arial, helvetica, geneva; font-size: small;\">9001370529<\/span><\/td>\n<td style=\"width: 349.867px; border-style: solid; border-color: #1b07f7;\" valign=\"TOP\"><span style=\"font-family: arial, helvetica, geneva; font-size: small;\"><b><a href=\"https:\/\/aplicacions.gestioeducativa.gencat.cat\/pls\/soloas\/pk_for_mod_ins.p_for_detall_activitat?p_header=Llista%20d%27activitats^pk_for_mod_ins.p_for_cons_activitats?p_tipus_act=APIA,AINF,CHMB,CIBE,DTKC,GSF2,JCLA,LNKA,SCAP,APDC%26p_any=2020-2021%26p_totes=S%26p_inici=1%26p_excloure_crp_rec=F&amp;p_codi=9001370529&amp;p_curs=2020-2021&amp;p_excloure_crp_rec=F\">Protecci\u00f3 de dades<\/a><\/b><\/span><\/td>\n<\/tr>\n<tr>\n<td style=\"width: 92.8px; border-style: solid; border-color: #1b07f7;\" colspan=\"4\"><span style=\"font-family: arial, helvetica, geneva; font-size: xx-small;\">Curs telem\u00e0tic. VT Curs a dist\u00e0ncia (A dist\u00e0ncia). Del dijous 4\/2\/2021 al 30\/5\/2021\u00a0<\/span><\/td>\n<\/tr>\n<tr>\n<td style=\"width: 92.8px; border-style: solid; border-color: #1b07f7;\" colspan=\"3\"><span style=\"font-family: arial, helvetica, geneva; font-size: small;\">9001380529<\/span><\/td>\n<td style=\"width: 349.867px; border-style: solid; border-color: #1b07f7;\" valign=\"TOP\"><span style=\"font-family: arial, helvetica, geneva; font-size: small;\"><b><a href=\"https:\/\/aplicacions.gestioeducativa.gencat.cat\/pls\/soloas\/pk_for_mod_ins.p_for_detall_activitat?p_header=Llista%20d%27activitats^pk_for_mod_ins.p_for_cons_activitats?p_tipus_act=APIA,AINF,CHMB,CIBE,DTKC,GSF2,JCLA,LNKA,SCAP,APDC%26p_any=2020-2021%26p_totes=S%26p_inici=1%26p_excloure_crp_rec=F&amp;p_codi=9001380529&amp;p_curs=2020-2021&amp;p_excloure_crp_rec=F\">Educaci\u00f3 infantil: recursos digitals<\/a><\/b><\/span><\/td>\n<\/tr>\n<tr>\n<td style=\"width: 92.8px; border-style: solid; border-color: #1b07f7;\" colspan=\"4\"><span style=\"font-family: arial, helvetica, geneva; font-size: xx-small;\">Curs telem\u00e0tic. VT Curs a dist\u00e0ncia (A dist\u00e0ncia). Del dijous 4\/2\/2021 al 30\/5\/2021\u00a0<\/span><\/td>\n<\/tr>\n<tr>\n<td style=\"width: 92.8px; border-style: solid; border-color: #1b07f7;\" colspan=\"3\"><span style=\"font-family: arial, helvetica, geneva; font-size: small;\">9001390529<\/span><\/td>\n<td style=\"width: 349.867px; border-style: solid; border-color: #1b07f7;\" valign=\"TOP\"><span style=\"font-family: arial, helvetica, geneva; font-size: small;\"><b><a href=\"https:\/\/aplicacions.gestioeducativa.gencat.cat\/pls\/soloas\/pk_for_mod_ins.p_for_detall_activitat?p_header=Llista%20d%27activitats^pk_for_mod_ins.p_for_cons_activitats?p_tipus_act=APIA,AINF,CHMB,CIBE,DTKC,GSF2,JCLA,LNKA,SCAP,APDC%26p_any=2020-2021%26p_totes=S%26p_inici=1%26p_excloure_crp_rec=F&amp;p_codi=9001390529&amp;p_curs=2020-2021&amp;p_excloure_crp_rec=F\">\u00das educatiu del treball al n\u00favol<\/a><\/b><\/span><\/td>\n<\/tr>\n<tr>\n<td style=\"width: 92.8px; border-style: solid; border-color: #1b07f7;\" colspan=\"4\"><span style=\"font-family: arial, helvetica, geneva; font-size: xx-small;\">Curs telem\u00e0tic. VT Curs a dist\u00e0ncia (A dist\u00e0ncia). Del dijous 4\/2\/2021 al 30\/5\/2021\u00a0<\/span><\/td>\n<\/tr>\n<\/tbody>\n<\/table>\n<p style=\"text-align: center;\">\n","protected":false},"excerpt":{"rendered":"<p>Des de l&#8217;\u00c0rea de Cultura digital ens han fet arribar aquesta proposta d&#8217;oferta formativa individual per als mestres i professorat. [&hellip;]<\/p>\n","protected":false},"author":1,"featured_media":12837,"comment_status":"open","ping_status":"closed","sticky":false,"template":"","format":"standard","meta":{"_bbp_topic_count":0,"_bbp_reply_count":0,"_bbp_total_topic_count":0,"_bbp_total_reply_count":0,"_bbp_voice_count":0,"_bbp_anonymous_reply_count":0,"_bbp_topic_count_hidden":0,"_bbp_reply_count_hidden":0,"_bbp_forum_subforum_count":0,"site-sidebar-layout":"default","site-content-layout":"","ast-site-content-layout":"","site-content-style":"default","site-sidebar-style":"default","ast-global-header-display":"","ast-banner-title-visibility":"","ast-main-header-display":"","ast-hfb-above-header-display":"","ast-hfb-below-header-display":"","ast-hfb-mobile-header-display":"","site-post-title":"","ast-breadcrumbs-content":"","ast-featured-img":"","footer-sml-layout":"","theme-transparent-header-meta":"","adv-header-id-meta":"","stick-header-meta":"","header-above-stick-meta":"","header-main-stick-meta":"","header-below-stick-meta":"","astra-migrate-meta-layouts":"default","ast-page-background-enabled":"default","ast-page-background-meta":{"desktop":{"background-color":"var(--ast-global-color-4)","background-image":"","background-repeat":"repeat","background-position":"center center","background-size":"auto","background-attachment":"scroll","background-type":"","background-media":"","overlay-type":"","overlay-color":"","overlay-opacity":"","overlay-gradient":""},"tablet":{"background-color":"","background-image":"","background-repeat":"repeat","background-position":"center center","background-size":"auto","background-attachment":"scroll","background-type":"","background-media":"","overlay-type":"","overlay-color":"","overlay-opacity":"","overlay-gradient":""},"mobile":{"background-color":"","background-image":"","background-repeat":"repeat","background-position":"center center","background-size":"auto","background-attachment":"scroll","background-type":"","background-media":"","overlay-type":"","overlay-color":"","overlay-opacity":"","overlay-gradient":""}},"ast-content-background-meta":{"desktop":{"background-color":"var(--ast-global-color-5)","background-image":"","background-repeat":"repeat","background-position":"center center","background-size":"auto","background-attachment":"scroll","background-type":"","background-media":"","overlay-type":"","overlay-color":"","overlay-opacity":"","overlay-gradient":""},"tablet":{"background-color":"var(--ast-global-color-5)","background-image":"","background-repeat":"repeat","background-position":"center center","background-size":"auto","background-attachment":"scroll","background-type":"","background-media":"","overlay-type":"","overlay-color":"","overlay-opacity":"","overlay-gradient":""},"mobile":{"background-color":"var(--ast-global-color-5)","background-image":"","background-repeat":"repeat","background-position":"center center","background-size":"auto","background-attachment":"scroll","background-type":"","background-media":"","overlay-type":"","overlay-color":"","overlay-opacity":"","overlay-gradient":""}},"footnotes":""},"categories":[154,1,29,78],"tags":[226,355],"class_list":["post-12836","post","type-post","status-publish","format-standard","has-post-thumbnail","hentry","category-formacio","category-general","category-portada","category-tac","tag-formacio","tag-tac"],"post_mailing_queue_ids":[],"_links":{"self":[{"href":"https:\/\/serveiseducatius.xtec.cat\/pladurgell\/wp-json\/wp\/v2\/posts\/12836","targetHints":{"allow":["GET"]}}],"collection":[{"href":"https:\/\/serveiseducatius.xtec.cat\/pladurgell\/wp-json\/wp\/v2\/posts"}],"about":[{"href":"https:\/\/serveiseducatius.xtec.cat\/pladurgell\/wp-json\/wp\/v2\/types\/post"}],"author":[{"embeddable":true,"href":"https:\/\/serveiseducatius.xtec.cat\/pladurgell\/wp-json\/wp\/v2\/users\/1"}],"replies":[{"embeddable":true,"href":"https:\/\/serveiseducatius.xtec.cat\/pladurgell\/wp-json\/wp\/v2\/comments?post=12836"}],"version-history":[{"count":3,"href":"https:\/\/serveiseducatius.xtec.cat\/pladurgell\/wp-json\/wp\/v2\/posts\/12836\/revisions"}],"predecessor-version":[{"id":12864,"href":"https:\/\/serveiseducatius.xtec.cat\/pladurgell\/wp-json\/wp\/v2\/posts\/12836\/revisions\/12864"}],"wp:featuredmedia":[{"embeddable":true,"href":"https:\/\/serveiseducatius.xtec.cat\/pladurgell\/wp-json\/wp\/v2\/media\/12837"}],"wp:attachment":[{"href":"https:\/\/serveiseducatius.xtec.cat\/pladurgell\/wp-json\/wp\/v2\/media?parent=12836"}],"wp:term":[{"taxonomy":"category","embeddable":true,"href":"https:\/\/serveiseducatius.xtec.cat\/pladurgell\/wp-json\/wp\/v2\/categories?post=12836"},{"taxonomy":"post_tag","embeddable":true,"href":"https:\/\/serveiseducatius.xtec.cat\/pladurgell\/wp-json\/wp\/v2\/tags?post=12836"}],"curies":[{"name":"wp","href":"https:\/\/api.w.org\/{rel}","templated":true}]}}