{"id":12638,"date":"2020-12-09T12:50:36","date_gmt":"2020-12-09T11:50:36","guid":{"rendered":"http:\/\/serveiseducatius.xtec.cat\/pladurgell\/?p=12638"},"modified":"2020-12-09T20:40:03","modified_gmt":"2020-12-09T19:40:03","slug":"un-nadal-excepcional","status":"publish","type":"post","link":"https:\/\/serveiseducatius.xtec.cat\/pladurgell\/general\/un-nadal-excepcional\/","title":{"rendered":"Un Nadal Excepcional!!!"},"content":{"rendered":"<p style=\"text-align: center;\"><a href=\"https:\/\/serveiseducatius.xtec.cat\/pladurgell\/wp-content\/uploads\/usu1141\/2020\/12\/Un-Nadal-excepcional.jpg\"><img loading=\"lazy\" decoding=\"async\" class=\"alignnone wp-image-12641\" src=\"https:\/\/serveiseducatius.xtec.cat\/pladurgell\/wp-content\/uploads\/usu1141\/2020\/12\/Un-Nadal-excepcional.jpg\" alt=\"\" width=\"590\" height=\"330\" \/><\/a><\/p>\n<p style=\"text-align: justify;\">Enguany, els nens i nenes viuran un <strong>Nadal Excepcional!<\/strong><\/p>\n<p style=\"text-align: justify;\">Amb la pand\u00e8mia, segur que hi ha moltes inc\u00f2gnites&#8230; com fer arribar les seves cartes, si podran reunir-se amb tota la fam\u00edlia o anar a la cavalcada. Sigui com sigui, que tothom estigui tranquil, que des del Pare Noel, al Ti\u00f3, els Reis d&#8217;Orient, i tots el personatges que fan m\u00e0gic el Nadal, ho tenen tot ben pensat perqu\u00e8 enguany sigui encara m\u00e9s m\u00e0gic i excepcional!<\/p>\n<p class=\"gmail_default\" style=\"text-align: justify;\">La Fundaci\u00f3 Antigues Caixes Catalanes i BBVA han produ\u00eft un v\u00eddeo -conte molt especial escrit i narrat per J\u00falia Prun\u00e9s i amb il\u00b7lustracions de Bernadette Cuxart. L\u2019adrecen a tots els nens i nenes, fam\u00edlies i escoles de Catalunya amb l&#8217;objectiu que aquest Nadal continu\u00ef sent igual de m\u00e0gic i a la vegada de sensibilitzar sobre la import\u00e0ncia de ser responsables en aquests moments de pand\u00e8mia, sense renunciar a perdre la il\u00b7lusi\u00f3.<\/p>\n<p class=\"gmail_default\" style=\"text-align: justify;\">Us animem a veure el v\u00eddeo amb els nens i nenes. Tamb\u00e9 el podeu llegir i comentar descarregant-lo des d&#8217;<strong><a href=\"https:\/\/www.fcaixescatalanes.cat\/wp-content\/uploads\/2020\/12\/conte-un-nadal-excepcional-def.pdf\" target=\"_blank\" rel=\"noopener noreferrer\">aqu\u00ed<\/a>.<\/strong><\/p>\n<p style=\"text-align: justify;\"><strong><a href=\"https:\/\/youtu.be\/jTqJpXgF0Uc\">Enlla\u00e7 al v\u00eddeo\u00a0 Un Nadal Excepcional!<\/a><\/strong><\/p>\n<p>&nbsp;<\/p>\n","protected":false},"excerpt":{"rendered":"<p>Enguany, els nens i nenes viuran un Nadal Excepcional! Amb la pand\u00e8mia, segur que hi ha moltes inc\u00f2gnites&#8230; com fer [&hellip;]<\/p>\n","protected":false},"author":1,"featured_media":12641,"comment_status":"open","ping_status":"closed","sticky":false,"template":"","format":"standard","meta":{"_bbp_topic_count":0,"_bbp_reply_count":0,"_bbp_total_topic_count":0,"_bbp_total_reply_count":0,"_bbp_voice_count":0,"_bbp_anonymous_reply_count":0,"_bbp_topic_count_hidden":0,"_bbp_reply_count_hidden":0,"_bbp_forum_subforum_count":0,"site-sidebar-layout":"default","site-content-layout":"","ast-site-content-layout":"","site-content-style":"default","site-sidebar-style":"default","ast-global-header-display":"","ast-banner-title-visibility":"","ast-main-header-display":"","ast-hfb-above-header-display":"","ast-hfb-below-header-display":"","ast-hfb-mobile-header-display":"","site-post-title":"","ast-breadcrumbs-content":"","ast-featured-img":"","footer-sml-layout":"","theme-transparent-header-meta":"","adv-header-id-meta":"","stick-header-meta":"","header-above-stick-meta":"","header-main-stick-meta":"","header-below-stick-meta":"","astra-migrate-meta-layouts":"default","ast-page-background-enabled":"default","ast-page-background-meta":{"desktop":{"background-color":"var(--ast-global-color-4)","background-image":"","background-repeat":"repeat","background-position":"center center","background-size":"auto","background-attachment":"scroll","background-type":"","background-media":"","overlay-type":"","overlay-color":"","overlay-opacity":"","overlay-gradient":""},"tablet":{"background-color":"","background-image":"","background-repeat":"repeat","background-position":"center center","background-size":"auto","background-attachment":"scroll","background-type":"","background-media":"","overlay-type":"","overlay-color":"","overlay-opacity":"","overlay-gradient":""},"mobile":{"background-color":"","background-image":"","background-repeat":"repeat","background-position":"center center","background-size":"auto","background-attachment":"scroll","background-type":"","background-media":"","overlay-type":"","overlay-color":"","overlay-opacity":"","overlay-gradient":""}},"ast-content-background-meta":{"desktop":{"background-color":"var(--ast-global-color-5)","background-image":"","background-repeat":"repeat","background-position":"center center","background-size":"auto","background-attachment":"scroll","background-type":"","background-media":"","overlay-type":"","overlay-color":"","overlay-opacity":"","overlay-gradient":""},"tablet":{"background-color":"var(--ast-global-color-5)","background-image":"","background-repeat":"repeat","background-position":"center center","background-size":"auto","background-attachment":"scroll","background-type":"","background-media":"","overlay-type":"","overlay-color":"","overlay-opacity":"","overlay-gradient":""},"mobile":{"background-color":"var(--ast-global-color-5)","background-image":"","background-repeat":"repeat","background-position":"center center","background-size":"auto","background-attachment":"scroll","background-type":"","background-media":"","overlay-type":"","overlay-color":"","overlay-opacity":"","overlay-gradient":""}},"footnotes":""},"categories":[1,29],"tags":[368,163,172],"class_list":["post-12638","post","type-post","status-publish","format-standard","has-post-thumbnail","hentry","category-general","category-portada","tag-educacio-emocional","tag-educacio-infantil","tag-educacio-primaria"],"post_mailing_queue_ids":[],"_links":{"self":[{"href":"https:\/\/serveiseducatius.xtec.cat\/pladurgell\/wp-json\/wp\/v2\/posts\/12638","targetHints":{"allow":["GET"]}}],"collection":[{"href":"https:\/\/serveiseducatius.xtec.cat\/pladurgell\/wp-json\/wp\/v2\/posts"}],"about":[{"href":"https:\/\/serveiseducatius.xtec.cat\/pladurgell\/wp-json\/wp\/v2\/types\/post"}],"author":[{"embeddable":true,"href":"https:\/\/serveiseducatius.xtec.cat\/pladurgell\/wp-json\/wp\/v2\/users\/1"}],"replies":[{"embeddable":true,"href":"https:\/\/serveiseducatius.xtec.cat\/pladurgell\/wp-json\/wp\/v2\/comments?post=12638"}],"version-history":[{"count":3,"href":"https:\/\/serveiseducatius.xtec.cat\/pladurgell\/wp-json\/wp\/v2\/posts\/12638\/revisions"}],"predecessor-version":[{"id":12667,"href":"https:\/\/serveiseducatius.xtec.cat\/pladurgell\/wp-json\/wp\/v2\/posts\/12638\/revisions\/12667"}],"wp:featuredmedia":[{"embeddable":true,"href":"https:\/\/serveiseducatius.xtec.cat\/pladurgell\/wp-json\/wp\/v2\/media\/12641"}],"wp:attachment":[{"href":"https:\/\/serveiseducatius.xtec.cat\/pladurgell\/wp-json\/wp\/v2\/media?parent=12638"}],"wp:term":[{"taxonomy":"category","embeddable":true,"href":"https:\/\/serveiseducatius.xtec.cat\/pladurgell\/wp-json\/wp\/v2\/categories?post=12638"},{"taxonomy":"post_tag","embeddable":true,"href":"https:\/\/serveiseducatius.xtec.cat\/pladurgell\/wp-json\/wp\/v2\/tags?post=12638"}],"curies":[{"name":"wp","href":"https:\/\/api.w.org\/{rel}","templated":true}]}}