{"id":12580,"date":"2020-12-02T12:16:13","date_gmt":"2020-12-02T11:16:13","guid":{"rendered":"http:\/\/serveiseducatius.xtec.cat\/pladurgell\/?p=12580"},"modified":"2020-12-02T12:21:36","modified_gmt":"2020-12-02T11:21:36","slug":"jornada-compartim-programa-mobils-edu","status":"publish","type":"post","link":"https:\/\/serveiseducatius.xtec.cat\/pladurgell\/general\/jornada-compartim-programa-mobils-edu\/","title":{"rendered":"Jornada &#8220;Compartim&#8221; &#8211; programa M\u00f2bils.edu"},"content":{"rendered":"<p><a href=\"https:\/\/serveiseducatius.xtec.cat\/pladurgell\/wp-content\/uploads\/usu1141\/2019\/11\/mobilsedu-e1606418432219.png\"><img loading=\"lazy\" decoding=\"async\" class=\"wp-image-10335 aligncenter\" src=\"https:\/\/serveiseducatius.xtec.cat\/pladurgell\/wp-content\/uploads\/usu1141\/2019\/11\/mobilsedu-e1606418432219.png\" alt=\"\" width=\"157\" height=\"88\" \/><\/a><\/p>\n<p>Aquest dilluns, 30 de novembre, es va realitzar la jornada <strong>&#8220;Compartim&#8221;<\/strong> del programa M\u00f2bils.edu en format virtual.<\/p>\n<p>Us &#8220;c<em>ompartim&#8221; <\/em>una s\u00e8rie d&#8217;enlla\u00e7os a les pon\u00e8ncies i experi\u00e8ncies que es van presentar.<\/p>\n<p><strong><a href=\"https:\/\/ja.cat\/mobils_s1\">Enlla\u00e7 a la Sala principal<\/a><\/strong> :<\/p>\n<p>Presentaci\u00f3 del taller<\/p>\n<p><span style=\"font-family: inherit; font-size: 1em;\">Pon\u00e8ncia, Pilotatge i Avaluaci\u00f3, a c\u00e0rrec de:<\/span><\/p>\n<div>\n<ul>\n<li>Toni Garcia (Inspector d\u2019educaci\u00f3).<\/li>\n<li>S\u00f2nia Colomer (T\u00e8cnica docent del Servei d\u2019Innovaci\u00f3, Xarxes i Serveis Educatius).<\/li>\n<\/ul>\n<\/div>\n<div>\n<p>Presentaci\u00f3 d\u2019experi\u00e8ncies de 3 centres educatius:<\/p>\n<ul>\n<li>Periodisme digital (Escola Enric Grau Fontser\u00e9).<\/li>\n<li>Xat Bots (Ins. Jaume Huguet).<\/li>\n<li>MHM Barcino 3D (Ins. Consell de Cent).<\/li>\n<\/ul>\n<p><strong><a href=\"https:\/\/ja.cat\/mobils_s1_1\">Enlla\u00e7 a la Sala 1<\/a><\/strong><\/p>\n<\/div>\n<div>\n<p>Eines digitals per a una avaluaci\u00f3 formativa.<\/p>\n<ul>\n<li>Jaume Feliu. (\u00c0rea de Cultura Digital).<\/li>\n<\/ul>\n<\/div>\n<p><strong><a href=\"https:\/\/ja.cat\/mobils_s1_2\">Enlla\u00e7 a la Sala 2<\/a><\/strong><\/p>\n<p>Taller de Realitat Augmentada.\u00a0<a href=\"https:\/\/agora.xtec.cat\/mobilsedu\/general\/realitzacio-de-la-jornada-comuniquem\/#inici\">(nota)<\/a><\/p>\n<div>\n<ul>\n<li>N\u00faria Sabat\u00e9. ESC Mari\u00e0 Fortuny de Reus.<\/li>\n<li>M. Llu\u00efsa Forjan. CRP Baix Pened\u00e8s.<\/li>\n<li>N\u00faria Ferr\u00e9.\u00a0(INS Comte de Rius de Tarragona).<\/li>\n<li>Xavier Su\u00f1\u00e9 (\u00c0rea de Cultura Digital).<\/li>\n<\/ul>\n<p><strong><a href=\"https:\/\/ja.cat\/mobils_s1_3\">Enlla\u00e7 a la Sala 3<\/a><\/strong><\/p>\n<\/div>\n<p>Fem un estudi de televisi\u00f3.<\/p>\n<div>\n<ul>\n<li>Pitu Mart\u00ednez. (\u00c0rea de Cultura Digital).<\/li>\n<li>Joan de Gr\u00e0cia. (\u00c0rea de Cultura Digital).<\/li>\n<\/ul>\n<\/div>\n","protected":false},"excerpt":{"rendered":"<p>Aquest dilluns, 30 de novembre, es va realitzar la jornada &#8220;Compartim&#8221; del programa M\u00f2bils.edu en format virtual. Us &#8220;compartim&#8221; una [&hellip;]<\/p>\n","protected":false},"author":1,"featured_media":10335,"comment_status":"open","ping_status":"closed","sticky":false,"template":"","format":"standard","meta":{"_bbp_topic_count":0,"_bbp_reply_count":0,"_bbp_total_topic_count":0,"_bbp_total_reply_count":0,"_bbp_voice_count":0,"_bbp_anonymous_reply_count":0,"_bbp_topic_count_hidden":0,"_bbp_reply_count_hidden":0,"_bbp_forum_subforum_count":0,"site-sidebar-layout":"default","site-content-layout":"","ast-site-content-layout":"","site-content-style":"default","site-sidebar-style":"default","ast-global-header-display":"","ast-banner-title-visibility":"","ast-main-header-display":"","ast-hfb-above-header-display":"","ast-hfb-below-header-display":"","ast-hfb-mobile-header-display":"","site-post-title":"","ast-breadcrumbs-content":"","ast-featured-img":"","footer-sml-layout":"","theme-transparent-header-meta":"","adv-header-id-meta":"","stick-header-meta":"","header-above-stick-meta":"","header-main-stick-meta":"","header-below-stick-meta":"","astra-migrate-meta-layouts":"default","ast-page-background-enabled":"default","ast-page-background-meta":{"desktop":{"background-color":"var(--ast-global-color-4)","background-image":"","background-repeat":"repeat","background-position":"center center","background-size":"auto","background-attachment":"scroll","background-type":"","background-media":"","overlay-type":"","overlay-color":"","overlay-opacity":"","overlay-gradient":""},"tablet":{"background-color":"","background-image":"","background-repeat":"repeat","background-position":"center center","background-size":"auto","background-attachment":"scroll","background-type":"","background-media":"","overlay-type":"","overlay-color":"","overlay-opacity":"","overlay-gradient":""},"mobile":{"background-color":"","background-image":"","background-repeat":"repeat","background-position":"center center","background-size":"auto","background-attachment":"scroll","background-type":"","background-media":"","overlay-type":"","overlay-color":"","overlay-opacity":"","overlay-gradient":""}},"ast-content-background-meta":{"desktop":{"background-color":"var(--ast-global-color-5)","background-image":"","background-repeat":"repeat","background-position":"center center","background-size":"auto","background-attachment":"scroll","background-type":"","background-media":"","overlay-type":"","overlay-color":"","overlay-opacity":"","overlay-gradient":""},"tablet":{"background-color":"var(--ast-global-color-5)","background-image":"","background-repeat":"repeat","background-position":"center center","background-size":"auto","background-attachment":"scroll","background-type":"","background-media":"","overlay-type":"","overlay-color":"","overlay-opacity":"","overlay-gradient":""},"mobile":{"background-color":"var(--ast-global-color-5)","background-image":"","background-repeat":"repeat","background-position":"center center","background-size":"auto","background-attachment":"scroll","background-type":"","background-media":"","overlay-type":"","overlay-color":"","overlay-opacity":"","overlay-gradient":""}},"footnotes":""},"categories":[1,29],"tags":[104,348,296],"class_list":["post-12580","post","type-post","status-publish","format-standard","has-post-thumbnail","hentry","category-general","category-portada","tag-mhm","tag-mobils-edu","tag-tecnologia"],"post_mailing_queue_ids":[],"_links":{"self":[{"href":"https:\/\/serveiseducatius.xtec.cat\/pladurgell\/wp-json\/wp\/v2\/posts\/12580","targetHints":{"allow":["GET"]}}],"collection":[{"href":"https:\/\/serveiseducatius.xtec.cat\/pladurgell\/wp-json\/wp\/v2\/posts"}],"about":[{"href":"https:\/\/serveiseducatius.xtec.cat\/pladurgell\/wp-json\/wp\/v2\/types\/post"}],"author":[{"embeddable":true,"href":"https:\/\/serveiseducatius.xtec.cat\/pladurgell\/wp-json\/wp\/v2\/users\/1"}],"replies":[{"embeddable":true,"href":"https:\/\/serveiseducatius.xtec.cat\/pladurgell\/wp-json\/wp\/v2\/comments?post=12580"}],"version-history":[{"count":3,"href":"https:\/\/serveiseducatius.xtec.cat\/pladurgell\/wp-json\/wp\/v2\/posts\/12580\/revisions"}],"predecessor-version":[{"id":12583,"href":"https:\/\/serveiseducatius.xtec.cat\/pladurgell\/wp-json\/wp\/v2\/posts\/12580\/revisions\/12583"}],"wp:featuredmedia":[{"embeddable":true,"href":"https:\/\/serveiseducatius.xtec.cat\/pladurgell\/wp-json\/wp\/v2\/media\/10335"}],"wp:attachment":[{"href":"https:\/\/serveiseducatius.xtec.cat\/pladurgell\/wp-json\/wp\/v2\/media?parent=12580"}],"wp:term":[{"taxonomy":"category","embeddable":true,"href":"https:\/\/serveiseducatius.xtec.cat\/pladurgell\/wp-json\/wp\/v2\/categories?post=12580"},{"taxonomy":"post_tag","embeddable":true,"href":"https:\/\/serveiseducatius.xtec.cat\/pladurgell\/wp-json\/wp\/v2\/tags?post=12580"}],"curies":[{"name":"wp","href":"https:\/\/api.w.org\/{rel}","templated":true}]}}