{"id":12519,"date":"2020-11-27T09:05:16","date_gmt":"2020-11-27T08:05:16","guid":{"rendered":"http:\/\/serveiseducatius.xtec.cat\/pladurgell\/?p=12519"},"modified":"2025-10-29T13:56:56","modified_gmt":"2025-10-29T12:56:56","slug":"noticies-cesire-ambit-matematic","status":"publish","type":"post","link":"https:\/\/serveiseducatius.xtec.cat\/pladurgell\/general\/noticies-cesire-ambit-matematic\/","title":{"rendered":"Not\u00edcies CESIRE- \u00e0mbit matem\u00e0tic"},"content":{"rendered":"<h3 style=\"text-align: center;\"><a href=\"https:\/\/serveiseducatius.xtec.cat\/pladurgell\/wp-content\/uploads\/usu1141\/2020\/11\/fem-matem.png\"><img loading=\"lazy\" decoding=\"async\" class=\"alignnone wp-image-12521\" src=\"https:\/\/serveiseducatius.xtec.cat\/pladurgell\/wp-content\/uploads\/usu1141\/2020\/11\/fem-matem.png\" alt=\"\" width=\"352\" height=\"136\" \/><\/a><\/h3>\n<p style=\"text-align: justify;\">Recollim una s\u00e8rie de propostes i recursos de l&#8217;\u00e0mbit matem\u00e0tic del CESIRE<\/p>\n<p style=\"text-align: justify;\"><strong>VideoMat<\/strong><\/p>\n<p style=\"text-align: justify;\">Inscripcions obertes per participar en el concurs <strong>VideoMat 2021 <\/strong>fins l&#8217;1 de mar\u00e7. Us animem a utilitzar els v\u00eddeos a classe i sobretot a participar amb els vostres alumnes en aquesta edici\u00f3.\u00a0<a href=\"http:\/\/www.videomat.cat\/\" target=\"_blank\" rel=\"noopener noreferrer\" data-saferedirecturl=\"https:\/\/www.google.com\/url?q=http:\/\/www.videomat.cat\/&amp;source=gmail&amp;ust=1606470797521000&amp;usg=AFQjCNFrIXf1LA-mNuKnEOhxuGa5GbRCMA\">M\u00e9s informaci\u00f3<\/a>.<\/p>\n<p style=\"text-align: justify;\"><!--more--><\/p>\n<p style=\"text-align: justify;\"><strong>Problemes a l\u2019Esprint 2020-21<\/strong><\/p>\n<p style=\"text-align: justify;\">Activitat en l\u00ednia adre\u00e7ada a equips de centre organitzats de la manera que en cada centre es consideri m\u00e9s efica\u00e7. Per aquestes activitats no cal inscripci\u00f3 pr\u00e8via. \u00danicament s\u2019ha d\u2019organitzar adequadament un grup d\u2019alumnes, que potser internivells, que vulguin participar en una activitat col\u00b7laborativa de resoluci\u00f3 de problemes. <a href=\"https:\/\/agora.xtec.cat\/cesire\/ambits\/matematic\/problemes-a-lesprint-2019-20\/\" target=\"_blank\" rel=\"noopener noreferrer\" data-saferedirecturl=\"https:\/\/www.google.com\/url?q=https:\/\/agora.xtec.cat\/cesire\/ambits\/matematic\/problemes-a-lesprint-2019-20\/&amp;source=gmail&amp;ust=1606470797521000&amp;usg=AFQjCNHItwqnDtYovrrKU0wjkL_9bDAjOw\">M\u00e9s informaci\u00f3<\/a><\/p>\n<p style=\"text-align: justify;\"><strong>Comen\u00e7a el Fem Matem\u00e0tiques<\/strong><\/p>\n<p style=\"text-align: justify;\">Ja s\u2019han publicat els problemes de la primera fase del\u00a0<strong>Fem Matem\u00e0tiques del 2021<\/strong>\u00a0que organitza la\u00a0<a href=\"https:\/\/feemcat.org\/\" target=\"_blank\" rel=\"noopener noreferrer\" data-saferedirecturl=\"https:\/\/www.google.com\/url?q=https:\/\/feemcat.org\/&amp;source=gmail&amp;ust=1606470797522000&amp;usg=AFQjCNFHYGSXky-8vmFR5imsjFSk6WfaTQ\">Feemcat<\/a>. Cal recordar que la convocat\u00f2ria \u00e9s pels cursos de 6\u00e8 de prim\u00e0ria i 1r i 2n d\u2019ESO- Tamb\u00e9 que els problemes de la primera fase s\u2019han de fer en grups de 3 o 4 persones i que s\u2019han de justificar sempre els vostres raonaments.\u00a0<a href=\"https:\/\/agora.xtec.cat\/cesire\/ambits\/matematic\/comenca-el-fem-matematiques-2020\/\" target=\"_blank\" rel=\"noopener noreferrer\" data-saferedirecturl=\"https:\/\/www.google.com\/url?q=https:\/\/agora.xtec.cat\/cesire\/ambits\/matematic\/comenca-el-fem-matematiques-2020\/&amp;source=gmail&amp;ust=1606470797522000&amp;usg=AFQjCNGPnmmbCUaADVNS3kbN2kiR6XNdZA\">M\u00e9s informaci\u00f3<\/a><\/p>\n<p style=\"text-align: justify;\"><strong>Document: \u201cAvaluant la compet\u00e8ncia matem\u00e0tica\u201d<\/strong><\/p>\n<p style=\"text-align: justify;\">Nou article de suport al professorat: <strong>Avaluant la compet\u00e8ncia matem\u00e0tica: construcci\u00f3 i validaci\u00f3 d\u2019una r\u00fabrica.<\/strong><\/p>\n<p style=\"text-align: justify;\">Es presenta una r\u00fabrica que avalua la compet\u00e8ncia matem\u00e0tica a l\u2019Educaci\u00f3 Prim\u00e0ria a trav\u00e9s dels processos matem\u00e0tics de Resoluci\u00f3 de Problemes, Raonament i Prova, Connexions, Comunicaci\u00f3 i Representaci\u00f3. Document elaborat per \u00c0. Alsina, M. Abasta i I. Grabulosa i publicat per la revista Epsilon.\u00a0\u00a0<a href=\"https:\/\/agora.xtec.cat\/cesire\/ambit-matematic\/suport_professorat_mat\/altres-documents\/\" target=\"_blank\" rel=\"noopener noreferrer\" data-saferedirecturl=\"https:\/\/www.google.com\/url?q=https:\/\/agora.xtec.cat\/cesire\/ambit-matematic\/suport_professorat_mat\/altres-documents\/&amp;source=gmail&amp;ust=1606470797522000&amp;usg=AFQjCNHWaGdTStzN8BekpEnPIb5SemjRCA\">M\u00e9s informaci\u00f3.<\/a><\/p>\n","protected":false},"excerpt":{"rendered":"<p>Recollim una s\u00e8rie de propostes i recursos de l&#8217;\u00e0mbit matem\u00e0tic del CESIRE VideoMat Inscripcions obertes per participar en el concurs [&hellip;]<\/p>\n","protected":false},"author":1,"featured_media":12521,"comment_status":"open","ping_status":"closed","sticky":false,"template":"","format":"standard","meta":{"_bbp_topic_count":0,"_bbp_reply_count":0,"_bbp_total_topic_count":0,"_bbp_total_reply_count":0,"_bbp_voice_count":0,"_bbp_anonymous_reply_count":0,"_bbp_topic_count_hidden":0,"_bbp_reply_count_hidden":0,"_bbp_forum_subforum_count":0,"site-sidebar-layout":"default","site-content-layout":"","ast-site-content-layout":"default","site-content-style":"default","site-sidebar-style":"default","ast-global-header-display":"","ast-banner-title-visibility":"","ast-main-header-display":"","ast-hfb-above-header-display":"","ast-hfb-below-header-display":"","ast-hfb-mobile-header-display":"","site-post-title":"","ast-breadcrumbs-content":"","ast-featured-img":"","footer-sml-layout":"","theme-transparent-header-meta":"","adv-header-id-meta":"","stick-header-meta":"","header-above-stick-meta":"","header-main-stick-meta":"","header-below-stick-meta":"","astra-migrate-meta-layouts":"set","ast-page-background-enabled":"default","ast-page-background-meta":{"desktop":{"background-color":"var(--ast-global-color-4)","background-image":"","background-repeat":"repeat","background-position":"center center","background-size":"auto","background-attachment":"scroll","background-type":"","background-media":"","overlay-type":"","overlay-color":"","overlay-opacity":"","overlay-gradient":""},"tablet":{"background-color":"","background-image":"","background-repeat":"repeat","background-position":"center center","background-size":"auto","background-attachment":"scroll","background-type":"","background-media":"","overlay-type":"","overlay-color":"","overlay-opacity":"","overlay-gradient":""},"mobile":{"background-color":"","background-image":"","background-repeat":"repeat","background-position":"center center","background-size":"auto","background-attachment":"scroll","background-type":"","background-media":"","overlay-type":"","overlay-color":"","overlay-opacity":"","overlay-gradient":""}},"ast-content-background-meta":{"desktop":{"background-color":"var(--ast-global-color-5)","background-image":"","background-repeat":"repeat","background-position":"center center","background-size":"auto","background-attachment":"scroll","background-type":"","background-media":"","overlay-type":"","overlay-color":"","overlay-opacity":"","overlay-gradient":""},"tablet":{"background-color":"var(--ast-global-color-5)","background-image":"","background-repeat":"repeat","background-position":"center center","background-size":"auto","background-attachment":"scroll","background-type":"","background-media":"","overlay-type":"","overlay-color":"","overlay-opacity":"","overlay-gradient":""},"mobile":{"background-color":"var(--ast-global-color-5)","background-image":"","background-repeat":"repeat","background-position":"center center","background-size":"auto","background-attachment":"scroll","background-type":"","background-media":"","overlay-type":"","overlay-color":"","overlay-opacity":"","overlay-gradient":""}},"footnotes":""},"categories":[1,29],"tags":[880,194,361],"class_list":["post-12519","post","type-post","status-publish","format-standard","has-post-thumbnail","hentry","category-general","category-portada","tag-matematiques-2","tag-avaluacio","tag-concurs"],"post_mailing_queue_ids":[],"_links":{"self":[{"href":"https:\/\/serveiseducatius.xtec.cat\/pladurgell\/wp-json\/wp\/v2\/posts\/12519","targetHints":{"allow":["GET"]}}],"collection":[{"href":"https:\/\/serveiseducatius.xtec.cat\/pladurgell\/wp-json\/wp\/v2\/posts"}],"about":[{"href":"https:\/\/serveiseducatius.xtec.cat\/pladurgell\/wp-json\/wp\/v2\/types\/post"}],"author":[{"embeddable":true,"href":"https:\/\/serveiseducatius.xtec.cat\/pladurgell\/wp-json\/wp\/v2\/users\/1"}],"replies":[{"embeddable":true,"href":"https:\/\/serveiseducatius.xtec.cat\/pladurgell\/wp-json\/wp\/v2\/comments?post=12519"}],"version-history":[{"count":3,"href":"https:\/\/serveiseducatius.xtec.cat\/pladurgell\/wp-json\/wp\/v2\/posts\/12519\/revisions"}],"predecessor-version":[{"id":21943,"href":"https:\/\/serveiseducatius.xtec.cat\/pladurgell\/wp-json\/wp\/v2\/posts\/12519\/revisions\/21943"}],"wp:featuredmedia":[{"embeddable":true,"href":"https:\/\/serveiseducatius.xtec.cat\/pladurgell\/wp-json\/wp\/v2\/media\/12521"}],"wp:attachment":[{"href":"https:\/\/serveiseducatius.xtec.cat\/pladurgell\/wp-json\/wp\/v2\/media?parent=12519"}],"wp:term":[{"taxonomy":"category","embeddable":true,"href":"https:\/\/serveiseducatius.xtec.cat\/pladurgell\/wp-json\/wp\/v2\/categories?post=12519"},{"taxonomy":"post_tag","embeddable":true,"href":"https:\/\/serveiseducatius.xtec.cat\/pladurgell\/wp-json\/wp\/v2\/tags?post=12519"}],"curies":[{"name":"wp","href":"https:\/\/api.w.org\/{rel}","templated":true}]}}