{"id":12479,"date":"2020-11-18T20:40:29","date_gmt":"2020-11-18T19:40:29","guid":{"rendered":"http:\/\/serveiseducatius.xtec.cat\/pladurgell\/?p=12479"},"modified":"2020-11-18T20:43:30","modified_gmt":"2020-11-18T19:43:30","slug":"ii-jornada-acudam-influencers-5g-present-i-futur-de-la-inclusio","status":"publish","type":"post","link":"https:\/\/serveiseducatius.xtec.cat\/pladurgell\/portada\/ii-jornada-acudam-influencers-5g-present-i-futur-de-la-inclusio\/","title":{"rendered":"II Jornada ACUDAM &#8220;Influencers 5G.Present i futur de la inclusi\u00f3&#8221;"},"content":{"rendered":"<div><a href=\"https:\/\/serveiseducatius.xtec.cat\/pladurgell\/wp-content\/uploads\/usu1141\/2020\/11\/Acudam-1.jpg\"><img loading=\"lazy\" decoding=\"async\" class=\"size-full wp-image-12480 aligncenter\" src=\"https:\/\/serveiseducatius.xtec.cat\/pladurgell\/wp-content\/uploads\/usu1141\/2020\/11\/Acudam-1.jpg\" alt=\"\" width=\"585\" height=\"414\" srcset=\"https:\/\/serveiseducatius.xtec.cat\/pladurgell\/wp-content\/uploads\/usu1141\/2020\/11\/Acudam-1.jpg 585w, https:\/\/serveiseducatius.xtec.cat\/pladurgell\/wp-content\/uploads\/usu1141\/2020\/11\/Acudam-1-300x212.jpg 300w\" sizes=\"auto, (max-width: 585px) 100vw, 585px\" \/><\/a><\/div>\n<div><\/div>\n<div><\/div>\n<div><\/div>\n<div><\/div>\n<div><\/div>\n<p>El <strong>20 de novembre<\/strong> tindr\u00e0 lloc la <strong>II JORNADA <span class=\"il\">ACUDAM<\/span><\/strong> que porta per t\u00edtol <em><strong>&#8220;Influencers 5G. Present i futur de la inclusi\u00f3.&#8221; #disCAPACITAT<\/strong><\/em> en format taula rodona.<\/p>\n<p>Igual que en la primera edici\u00f3 gaudirem d&#8217;un cartell de luxe amb la participaci\u00f3 de 4 persones influents:<\/p>\n<p>\ud83d\udd1d Abraham Orriols \u2013 presentador. Periodista dels Serveis Informatius de TV3. Recentment tamb\u00e9 ha estat col\u00b7laborador d&#8217;El Mat\u00ed de Catalunya R\u00e0dio.<\/p>\n<p>\ud83d\udd1d Susana Rodr\u00edguez \u2013 ponent. Jugadora del Campionat d&#8217;Espanya de P\u00e0del en Cadira de Rodes (3a posici\u00f3 nacional femen\u00ed), del Circuit Catal\u00e0 (4a posici\u00f3 general) i presidenta del &#8220;Club Esportiu de P\u00e0del Adaptat Catalunya&#8221;.<\/p>\n<p>\ud83d\udd1d Eloi Collell \u2013 ponent. Presentador del programa &#8220;Per qu\u00e8 volen els avions&#8221; de TV3. Medallista Special Olympics a escala estatal i europea en la modalitat de nataci\u00f3.<\/p>\n<p>\ud83d\udd1d Manel Eiximeno \u2013 ponent. Director del Centre de Recursos Educatius (CRE) ONCE Barcelona \u2013 Catalunya. Coordinador de l&#8217;\u00e0mbit d&#8217;intervenci\u00f3 del CRE a nivell educatiu a Arag\u00f3, Illes Balears, La Rioja i Navarra.<\/p>\n<p><!--more--><\/p>\n<p><img decoding=\"async\" class=\"CToWUd\" src=\"https:\/\/mail.google.com\/mail\/e\/1f44d\" alt=\"\ud83d\udc4d\" data-goomoji=\"1f44d\" data-image-whitelisted=\"\" \/> Una jornada \u00fanica a Catalunya que vol donar a con\u00e8ixer i visibilitzar les realitats i capacitats de les persones amb disCAPACITAT. Els ponents de la jornada exposaran les seves traject\u00f2ries de vida personals i professionals generant coneixement, reflexi\u00f3, debat i aportant diferents visions \u00a0sobre la igualtat d&#8217;oportunitats de les persones amb disCAPACITAT. Per altra part, tamb\u00e9 es reflexionar\u00e0 sobre la relaci\u00f3 actual i de futur dels mitjans de comunicaci\u00f3 vers les persones amb altres capacitats.<\/p>\n<p><img decoding=\"async\" class=\"CToWUd\" src=\"https:\/\/mail.google.com\/mail\/e\/1f3a5\" alt=\"\ud83c\udfa5\" data-goomoji=\"1f3a5\" data-image-whitelisted=\"\" \/> La jornada ser\u00e0 retransmesa en streaming (online) des del Teatre L&#8217;Amistat de Mollerussa de les 10 h a les 11:30 h mitjan\u00e7ant el canal de Youtube de l&#8217;<span class=\"il\">ACUDAM<\/span>.<\/p>\n<p>&nbsp;<\/p>\n<p>\u2139\ufe0f \u2705 \u00a0\u00a0Tota la informaci\u00f3 i inscripcions a <a href=\"https:\/\/www.acudam.org\/jornada\/\" target=\"_blank\" rel=\"noopener noreferrer\" data-saferedirecturl=\"https:\/\/www.google.com\/url?q=https:\/\/www.acudam.org\/jornada\/&amp;source=gmail&amp;ust=1605814392152000&amp;usg=AFQjCNGijUDxAXfoHT6EdGAqPiJ9RF7vjQ\">https:\/\/www.<span class=\"il\">acudam<\/span>.org\/jornada<\/a><\/p>\n<div><\/div>\n","protected":false},"excerpt":{"rendered":"<p>El 20 de novembre tindr\u00e0 lloc la II JORNADA ACUDAM que porta per t\u00edtol &#8220;Influencers 5G. Present i futur de [&hellip;]<\/p>\n","protected":false},"author":1,"featured_media":12480,"comment_status":"open","ping_status":"closed","sticky":false,"template":"","format":"standard","meta":{"_bbp_topic_count":0,"_bbp_reply_count":0,"_bbp_total_topic_count":0,"_bbp_total_reply_count":0,"_bbp_voice_count":0,"_bbp_anonymous_reply_count":0,"_bbp_topic_count_hidden":0,"_bbp_reply_count_hidden":0,"_bbp_forum_subforum_count":0,"site-sidebar-layout":"default","site-content-layout":"","ast-site-content-layout":"","site-content-style":"default","site-sidebar-style":"default","ast-global-header-display":"","ast-banner-title-visibility":"","ast-main-header-display":"","ast-hfb-above-header-display":"","ast-hfb-below-header-display":"","ast-hfb-mobile-header-display":"","site-post-title":"","ast-breadcrumbs-content":"","ast-featured-img":"","footer-sml-layout":"","theme-transparent-header-meta":"","adv-header-id-meta":"","stick-header-meta":"","header-above-stick-meta":"","header-main-stick-meta":"","header-below-stick-meta":"","astra-migrate-meta-layouts":"default","ast-page-background-enabled":"default","ast-page-background-meta":{"desktop":{"background-color":"var(--ast-global-color-4)","background-image":"","background-repeat":"repeat","background-position":"center center","background-size":"auto","background-attachment":"scroll","background-type":"","background-media":"","overlay-type":"","overlay-color":"","overlay-opacity":"","overlay-gradient":""},"tablet":{"background-color":"","background-image":"","background-repeat":"repeat","background-position":"center center","background-size":"auto","background-attachment":"scroll","background-type":"","background-media":"","overlay-type":"","overlay-color":"","overlay-opacity":"","overlay-gradient":""},"mobile":{"background-color":"","background-image":"","background-repeat":"repeat","background-position":"center center","background-size":"auto","background-attachment":"scroll","background-type":"","background-media":"","overlay-type":"","overlay-color":"","overlay-opacity":"","overlay-gradient":""}},"ast-content-background-meta":{"desktop":{"background-color":"var(--ast-global-color-5)","background-image":"","background-repeat":"repeat","background-position":"center center","background-size":"auto","background-attachment":"scroll","background-type":"","background-media":"","overlay-type":"","overlay-color":"","overlay-opacity":"","overlay-gradient":""},"tablet":{"background-color":"var(--ast-global-color-5)","background-image":"","background-repeat":"repeat","background-position":"center center","background-size":"auto","background-attachment":"scroll","background-type":"","background-media":"","overlay-type":"","overlay-color":"","overlay-opacity":"","overlay-gradient":""},"mobile":{"background-color":"var(--ast-global-color-5)","background-image":"","background-repeat":"repeat","background-position":"center center","background-size":"auto","background-attachment":"scroll","background-type":"","background-media":"","overlay-type":"","overlay-color":"","overlay-opacity":"","overlay-gradient":""}},"footnotes":""},"categories":[29],"tags":[88],"class_list":["post-12479","post","type-post","status-publish","format-standard","has-post-thumbnail","hentry","category-portada","tag-discapacitat"],"post_mailing_queue_ids":[],"_links":{"self":[{"href":"https:\/\/serveiseducatius.xtec.cat\/pladurgell\/wp-json\/wp\/v2\/posts\/12479","targetHints":{"allow":["GET"]}}],"collection":[{"href":"https:\/\/serveiseducatius.xtec.cat\/pladurgell\/wp-json\/wp\/v2\/posts"}],"about":[{"href":"https:\/\/serveiseducatius.xtec.cat\/pladurgell\/wp-json\/wp\/v2\/types\/post"}],"author":[{"embeddable":true,"href":"https:\/\/serveiseducatius.xtec.cat\/pladurgell\/wp-json\/wp\/v2\/users\/1"}],"replies":[{"embeddable":true,"href":"https:\/\/serveiseducatius.xtec.cat\/pladurgell\/wp-json\/wp\/v2\/comments?post=12479"}],"version-history":[{"count":3,"href":"https:\/\/serveiseducatius.xtec.cat\/pladurgell\/wp-json\/wp\/v2\/posts\/12479\/revisions"}],"predecessor-version":[{"id":12483,"href":"https:\/\/serveiseducatius.xtec.cat\/pladurgell\/wp-json\/wp\/v2\/posts\/12479\/revisions\/12483"}],"wp:featuredmedia":[{"embeddable":true,"href":"https:\/\/serveiseducatius.xtec.cat\/pladurgell\/wp-json\/wp\/v2\/media\/12480"}],"wp:attachment":[{"href":"https:\/\/serveiseducatius.xtec.cat\/pladurgell\/wp-json\/wp\/v2\/media?parent=12479"}],"wp:term":[{"taxonomy":"category","embeddable":true,"href":"https:\/\/serveiseducatius.xtec.cat\/pladurgell\/wp-json\/wp\/v2\/categories?post=12479"},{"taxonomy":"post_tag","embeddable":true,"href":"https:\/\/serveiseducatius.xtec.cat\/pladurgell\/wp-json\/wp\/v2\/tags?post=12479"}],"curies":[{"name":"wp","href":"https:\/\/api.w.org\/{rel}","templated":true}]}}