{"id":12357,"date":"2020-11-10T10:25:25","date_gmt":"2020-11-10T09:25:25","guid":{"rendered":"http:\/\/serveiseducatius.xtec.cat\/pladurgell\/?p=12357"},"modified":"2020-11-10T10:47:37","modified_gmt":"2020-11-10T09:47:37","slug":"ii-congres-nacional-deducacio-ambiental","status":"publish","type":"post","link":"https:\/\/serveiseducatius.xtec.cat\/pladurgell\/general\/ii-congres-nacional-deducacio-ambiental\/","title":{"rendered":"II Congr\u00e9s Nacional d&#8217;Educaci\u00f3 Ambiental"},"content":{"rendered":"<p style=\"text-align: center;\"><a href=\"https:\/\/serveiseducatius.xtec.cat\/pladurgell\/wp-content\/uploads\/usu1141\/2020\/11\/II-congr\u00e9s-nacional-deducaci\u00f3-ambiental.jpg\"><img loading=\"lazy\" decoding=\"async\" class=\"alignnone wp-image-12359\" src=\"https:\/\/serveiseducatius.xtec.cat\/pladurgell\/wp-content\/uploads\/usu1141\/2020\/11\/II-congr\u00e9s-nacional-deducaci\u00f3-ambiental.jpg\" alt=\"\" width=\"433\" height=\"225\" \/><\/a><\/p>\n<p style=\"text-align: justify;\">Ben aviat es celebrar\u00e0 el II <a href=\"https:\/\/escoles.fundesplai.org\/?mailpoet_router&amp;endpoint=track&amp;action=click&amp;data=WyI0MTUyIiwibThjemM0NTY2ajQ4MHcwY2NnNGtra29rZzQ0NDhzczgiLCI2NiIsIjVjYTllNTUxYThlYiIsZmFsc2Vd\" target=\"_blank\" rel=\"noopener noreferrer\" data-saferedirecturl=\"https:\/\/www.google.com\/url?q=https:\/\/escoles.fundesplai.org?mailpoet_router%26endpoint%3Dtrack%26action%3Dclick%26data%3DWyI0MTUyIiwibThjemM0NTY2ajQ4MHcwY2NnNGtra29rZzQ0NDhzczgiLCI2NiIsIjVjYTllNTUxYThlYiIsZmFsc2Vd&amp;source=gmail&amp;ust=1605085604866000&amp;usg=AOvVaw1mmWjgAY2xBS7eo3QfL7yO\"><strong>Congr\u00e9s Nacional d\u2019Educaci\u00f3 Ambiental<\/strong><\/a>, amb el lema: \u201c<strong>De l\u2019acci\u00f3 individual a la transformaci\u00f3 col\u00b7lectiva<\/strong>\u201d.<\/p>\n<p style=\"text-align: justify;\">L&#8217;edici\u00f3 ser\u00e0 en format virtual i es desenvolupar\u00e0 en diferents\u00a0trobades mensuals en l\u00ednia, durant aquest curs 2020-21: un cicle enriquidor per incorporar idees i estrat\u00e8gies innovadores als centres educatius, les universitats, les entitats i les administracions que promovem l\u2019educaci\u00f3 ambiental.<\/p>\n<p style=\"text-align: justify;\">La\u00a0<strong>sessi\u00f3 inaugural ser\u00e0 el 27 de novembre de 2020 a les 10h<\/strong>\u00a0i comptar\u00e0 amb la pres\u00e8ncia de tres reconeguts experts que plantejaran conjuntament\u00a0les q\u00fcestions que han de guiar el treball i el debat que es realitzar\u00e0 al llarg del congr\u00e9s:<\/p>\n<ul style=\"text-align: justify;\">\n<li><strong>Teresa Franquesa<\/strong>, Directora d&#8217;Estrat\u00e8gia i Cultura de la Sostenibilitat de l&#8217;\u00c0rea d&#8217;Ecologia Urbana de l&#8217;Ajuntament de Barcelona<\/li>\n<li><strong>Pablo Meira<\/strong>, Professor de Filosofia i Ci\u00e8ncies de l\u2019Educaci\u00f3 de la Universidade de Santiago de Compostela<\/li>\n<li><strong>Paco Heras<\/strong>, Director de l\u2019\u00c1rea de Estrategias de Adaptaci\u00f3n de la Oficina Espa\u00f1ola de Cambio Clim\u00e1tico<\/li>\n<\/ul>\n<p style=\"text-align: justify;\">Al\u00a0<strong><a href=\"https:\/\/escoles.fundesplai.org\/?mailpoet_router&amp;endpoint=track&amp;action=click&amp;data=WyI0MTUyIiwibThjemM0NTY2ajQ4MHcwY2NnNGtra29rZzQ0NDhzczgiLCI2NiIsIjVjYTllNTUxYThlYiIsZmFsc2Vd\" target=\"_blank\" rel=\"noopener noreferrer\" data-saferedirecturl=\"https:\/\/www.google.com\/url?q=https:\/\/escoles.fundesplai.org?mailpoet_router%26endpoint%3Dtrack%26action%3Dclick%26data%3DWyI0MTUyIiwibThjemM0NTY2ajQ4MHcwY2NnNGtra29rZzQ0NDhzczgiLCI2NiIsIjVjYTllNTUxYThlYiIsZmFsc2Vd&amp;source=gmail&amp;ust=1605085604866000&amp;usg=AOvVaw1mmWjgAY2xBS7eo3QfL7yO\">web del CNEA<\/a><\/strong>\u00a0trobareu tota la informaci\u00f3 del congr\u00e9s i tamb\u00e9 els formularis d&#8217;inscripci\u00f3 i participaci\u00f3.<\/p>\n","protected":false},"excerpt":{"rendered":"<p>Ben aviat es celebrar\u00e0 el II Congr\u00e9s Nacional d\u2019Educaci\u00f3 Ambiental, amb el lema: \u201cDe l\u2019acci\u00f3 individual a la transformaci\u00f3 col\u00b7lectiva\u201d. [&hellip;]<\/p>\n","protected":false},"author":1,"featured_media":0,"comment_status":"open","ping_status":"closed","sticky":false,"template":"","format":"standard","meta":{"_bbp_topic_count":0,"_bbp_reply_count":0,"_bbp_total_topic_count":0,"_bbp_total_reply_count":0,"_bbp_voice_count":0,"_bbp_anonymous_reply_count":0,"_bbp_topic_count_hidden":0,"_bbp_reply_count_hidden":0,"_bbp_forum_subforum_count":0,"site-sidebar-layout":"default","site-content-layout":"","ast-site-content-layout":"","site-content-style":"default","site-sidebar-style":"default","ast-global-header-display":"","ast-banner-title-visibility":"","ast-main-header-display":"","ast-hfb-above-header-display":"","ast-hfb-below-header-display":"","ast-hfb-mobile-header-display":"","site-post-title":"","ast-breadcrumbs-content":"","ast-featured-img":"","footer-sml-layout":"","theme-transparent-header-meta":"","adv-header-id-meta":"","stick-header-meta":"","header-above-stick-meta":"","header-main-stick-meta":"","header-below-stick-meta":"","astra-migrate-meta-layouts":"default","ast-page-background-enabled":"default","ast-page-background-meta":{"desktop":{"background-color":"var(--ast-global-color-4)","background-image":"","background-repeat":"repeat","background-position":"center center","background-size":"auto","background-attachment":"scroll","background-type":"","background-media":"","overlay-type":"","overlay-color":"","overlay-opacity":"","overlay-gradient":""},"tablet":{"background-color":"","background-image":"","background-repeat":"repeat","background-position":"center center","background-size":"auto","background-attachment":"scroll","background-type":"","background-media":"","overlay-type":"","overlay-color":"","overlay-opacity":"","overlay-gradient":""},"mobile":{"background-color":"","background-image":"","background-repeat":"repeat","background-position":"center center","background-size":"auto","background-attachment":"scroll","background-type":"","background-media":"","overlay-type":"","overlay-color":"","overlay-opacity":"","overlay-gradient":""}},"ast-content-background-meta":{"desktop":{"background-color":"var(--ast-global-color-5)","background-image":"","background-repeat":"repeat","background-position":"center center","background-size":"auto","background-attachment":"scroll","background-type":"","background-media":"","overlay-type":"","overlay-color":"","overlay-opacity":"","overlay-gradient":""},"tablet":{"background-color":"var(--ast-global-color-5)","background-image":"","background-repeat":"repeat","background-position":"center center","background-size":"auto","background-attachment":"scroll","background-type":"","background-media":"","overlay-type":"","overlay-color":"","overlay-opacity":"","overlay-gradient":""},"mobile":{"background-color":"var(--ast-global-color-5)","background-image":"","background-repeat":"repeat","background-position":"center center","background-size":"auto","background-attachment":"scroll","background-type":"","background-media":"","overlay-type":"","overlay-color":"","overlay-opacity":"","overlay-gradient":""}},"footnotes":""},"categories":[1,29,308],"tags":[363,295],"class_list":["post-12357","post","type-post","status-publish","format-standard","hentry","category-general","category-portada","category-escoles-verdes","tag-escoles-verdes","tag-medi-ambient"],"post_mailing_queue_ids":[],"_links":{"self":[{"href":"https:\/\/serveiseducatius.xtec.cat\/pladurgell\/wp-json\/wp\/v2\/posts\/12357","targetHints":{"allow":["GET"]}}],"collection":[{"href":"https:\/\/serveiseducatius.xtec.cat\/pladurgell\/wp-json\/wp\/v2\/posts"}],"about":[{"href":"https:\/\/serveiseducatius.xtec.cat\/pladurgell\/wp-json\/wp\/v2\/types\/post"}],"author":[{"embeddable":true,"href":"https:\/\/serveiseducatius.xtec.cat\/pladurgell\/wp-json\/wp\/v2\/users\/1"}],"replies":[{"embeddable":true,"href":"https:\/\/serveiseducatius.xtec.cat\/pladurgell\/wp-json\/wp\/v2\/comments?post=12357"}],"version-history":[{"count":3,"href":"https:\/\/serveiseducatius.xtec.cat\/pladurgell\/wp-json\/wp\/v2\/posts\/12357\/revisions"}],"predecessor-version":[{"id":12366,"href":"https:\/\/serveiseducatius.xtec.cat\/pladurgell\/wp-json\/wp\/v2\/posts\/12357\/revisions\/12366"}],"wp:attachment":[{"href":"https:\/\/serveiseducatius.xtec.cat\/pladurgell\/wp-json\/wp\/v2\/media?parent=12357"}],"wp:term":[{"taxonomy":"category","embeddable":true,"href":"https:\/\/serveiseducatius.xtec.cat\/pladurgell\/wp-json\/wp\/v2\/categories?post=12357"},{"taxonomy":"post_tag","embeddable":true,"href":"https:\/\/serveiseducatius.xtec.cat\/pladurgell\/wp-json\/wp\/v2\/tags?post=12357"}],"curies":[{"name":"wp","href":"https:\/\/api.w.org\/{rel}","templated":true}]}}