{"id":12315,"date":"2020-11-10T10:55:16","date_gmt":"2020-11-10T09:55:16","guid":{"rendered":"http:\/\/serveiseducatius.xtec.cat\/pladurgell\/?p=12315"},"modified":"2020-11-10T10:56:45","modified_gmt":"2020-11-10T09:56:45","slug":"dia-universal-del-nen-o-de-la-infancia","status":"publish","type":"post","link":"https:\/\/serveiseducatius.xtec.cat\/pladurgell\/general\/dia-universal-del-nen-o-de-la-infancia\/","title":{"rendered":"Dia Universal del nen o de la Inf\u00e0ncia"},"content":{"rendered":"<p style=\"text-align: center;\"><a href=\"https:\/\/serveiseducatius.xtec.cat\/pladurgell\/wp-content\/uploads\/usu1141\/2020\/10\/11-20_dia-universal-de-nino.jpg\"><img loading=\"lazy\" decoding=\"async\" class=\"alignnone wp-image-12364\" src=\"https:\/\/serveiseducatius.xtec.cat\/pladurgell\/wp-content\/uploads\/usu1141\/2020\/10\/11-20_dia-universal-de-nino.jpg\" alt=\"\" width=\"437\" height=\"210\" srcset=\"https:\/\/serveiseducatius.xtec.cat\/pladurgell\/wp-content\/uploads\/usu1141\/2020\/10\/11-20_dia-universal-de-nino.jpg 305w, https:\/\/serveiseducatius.xtec.cat\/pladurgell\/wp-content\/uploads\/usu1141\/2020\/10\/11-20_dia-universal-de-nino-300x145.jpg 300w\" sizes=\"auto, (max-width: 437px) 100vw, 437px\" \/><\/a><\/p>\n<p style=\"text-align: justify;\">El\u00a0<a href=\"https:\/\/www.diainternacionalde.com\/ficha\/dia-universal-nino\"><b>Dia Universal del Nen<\/b>\u00a0o\u00a0<b>de la Inf\u00e0ncia<\/b><\/a>, \u00e9s un dia dedicat a tots els infants del m\u00f3n.<\/p>\n<p style=\"text-align: justify;\">\u00c9s un dia de celebraci\u00f3 pels aven\u00e7os aconseguits, per\u00f2 sobretot un dia per a cridar l&#8217;atenci\u00f3 sobre la situaci\u00f3 dels infants m\u00e9s desafavorits, fer difusi\u00f3 dels drets de la inf\u00e0ncia i conscienciar les persones de la import\u00e0ncia de treballar, dia a dia, pel seu benestar i desenvolupament. L\u2019any 1954, l\u2019Assemblea General de les Nacions Unides va recomanar que es constitu\u00eds a tots els pa\u00efsos un <b>Dia Universal del Nen<\/b>\u00a0i tamb\u00e9 va suggerir als governs estatals que celebressin aquest dia, en la data que cadascun d\u2019aquests decid\u00eds m\u00e9s convenient. <strong>L\u2019<a class=\"mw-redirect\" title=\"ONU\" href=\"https:\/\/ca.wikipedia.org\/wiki\/ONU\">ONU<\/a><\/strong>\u00a0celebra aquest dia el 20 de novembre, en commemoraci\u00f3 a l\u2019aprovaci\u00f3 de la Declaraci\u00f3 dels Drets del Nen l\u2019any 1959 i de la Convenci\u00f3 sobre els\u00a0<a class=\"external text\" href=\"http:\/\/www.amnistiacatalunya.org\/edu\/docs\/nu-dec-infants.htm\" rel=\"nofollow\"><strong>Drets<\/strong> de <strong>l\u2019Infant<\/strong><\/a>\u00a0el 1989.<\/p>\n<p style=\"text-align: justify;\"><strong>\u00a0L\u2019objectiu d\u2019aquest dia, per tant, \u00e9s recordar a la ciutadania que els nens s\u00f3n el col\u00b7lectiu m\u00e9s vulnerable i que pateix m\u00e9s les crisis i els problemes del m\u00f3n.<\/strong><\/p>\n<p style=\"text-align: justify;\"><strong><a href=\"http:\/\/natibergada.cat\/22-recursos-per-treballar-els-drets-dels-infants\">22 recursos per treballar els drets dels infants<\/a><\/strong><\/p>\n<p style=\"text-align: justify;\">Youtube:<strong>\u00a0<a href=\"https:\/\/www.youtube.com\/watch?v=FmJIVaWJJFY\">Els drets dels infants<\/a>,\u00a0<a href=\"https:\/\/www.youtube.com\/watch?v=ZImlus9eEHs\">aprendre los 10 derechos de los ni\u00f1os<\/a><\/strong><\/p>\n","protected":false},"excerpt":{"rendered":"<p>El\u00a0Dia Universal del Nen\u00a0o\u00a0de la Inf\u00e0ncia, \u00e9s un dia dedicat a tots els infants del m\u00f3n. \u00c9s un dia de [&hellip;]<\/p>\n","protected":false},"author":1,"featured_media":0,"comment_status":"open","ping_status":"closed","sticky":false,"template":"","format":"standard","meta":{"_bbp_topic_count":0,"_bbp_reply_count":0,"_bbp_total_topic_count":0,"_bbp_total_reply_count":0,"_bbp_voice_count":0,"_bbp_anonymous_reply_count":0,"_bbp_topic_count_hidden":0,"_bbp_reply_count_hidden":0,"_bbp_forum_subforum_count":0,"site-sidebar-layout":"default","site-content-layout":"","ast-site-content-layout":"","site-content-style":"default","site-sidebar-style":"default","ast-global-header-display":"","ast-banner-title-visibility":"","ast-main-header-display":"","ast-hfb-above-header-display":"","ast-hfb-below-header-display":"","ast-hfb-mobile-header-display":"","site-post-title":"","ast-breadcrumbs-content":"","ast-featured-img":"","footer-sml-layout":"","theme-transparent-header-meta":"","adv-header-id-meta":"","stick-header-meta":"","header-above-stick-meta":"","header-main-stick-meta":"","header-below-stick-meta":"","astra-migrate-meta-layouts":"default","ast-page-background-enabled":"default","ast-page-background-meta":{"desktop":{"background-color":"var(--ast-global-color-4)","background-image":"","background-repeat":"repeat","background-position":"center center","background-size":"auto","background-attachment":"scroll","background-type":"","background-media":"","overlay-type":"","overlay-color":"","overlay-opacity":"","overlay-gradient":""},"tablet":{"background-color":"","background-image":"","background-repeat":"repeat","background-position":"center center","background-size":"auto","background-attachment":"scroll","background-type":"","background-media":"","overlay-type":"","overlay-color":"","overlay-opacity":"","overlay-gradient":""},"mobile":{"background-color":"","background-image":"","background-repeat":"repeat","background-position":"center center","background-size":"auto","background-attachment":"scroll","background-type":"","background-media":"","overlay-type":"","overlay-color":"","overlay-opacity":"","overlay-gradient":""}},"ast-content-background-meta":{"desktop":{"background-color":"var(--ast-global-color-5)","background-image":"","background-repeat":"repeat","background-position":"center center","background-size":"auto","background-attachment":"scroll","background-type":"","background-media":"","overlay-type":"","overlay-color":"","overlay-opacity":"","overlay-gradient":""},"tablet":{"background-color":"var(--ast-global-color-5)","background-image":"","background-repeat":"repeat","background-position":"center center","background-size":"auto","background-attachment":"scroll","background-type":"","background-media":"","overlay-type":"","overlay-color":"","overlay-opacity":"","overlay-gradient":""},"mobile":{"background-color":"var(--ast-global-color-5)","background-image":"","background-repeat":"repeat","background-position":"center center","background-size":"auto","background-attachment":"scroll","background-type":"","background-media":"","overlay-type":"","overlay-color":"","overlay-opacity":"","overlay-gradient":""}},"footnotes":""},"categories":[364,1,29],"tags":[317],"class_list":["post-12315","post","type-post","status-publish","format-standard","hentry","category-convivencia","category-general","category-portada","tag-recursos-en-linia"],"post_mailing_queue_ids":[],"_links":{"self":[{"href":"https:\/\/serveiseducatius.xtec.cat\/pladurgell\/wp-json\/wp\/v2\/posts\/12315","targetHints":{"allow":["GET"]}}],"collection":[{"href":"https:\/\/serveiseducatius.xtec.cat\/pladurgell\/wp-json\/wp\/v2\/posts"}],"about":[{"href":"https:\/\/serveiseducatius.xtec.cat\/pladurgell\/wp-json\/wp\/v2\/types\/post"}],"author":[{"embeddable":true,"href":"https:\/\/serveiseducatius.xtec.cat\/pladurgell\/wp-json\/wp\/v2\/users\/1"}],"replies":[{"embeddable":true,"href":"https:\/\/serveiseducatius.xtec.cat\/pladurgell\/wp-json\/wp\/v2\/comments?post=12315"}],"version-history":[{"count":4,"href":"https:\/\/serveiseducatius.xtec.cat\/pladurgell\/wp-json\/wp\/v2\/posts\/12315\/revisions"}],"predecessor-version":[{"id":12421,"href":"https:\/\/serveiseducatius.xtec.cat\/pladurgell\/wp-json\/wp\/v2\/posts\/12315\/revisions\/12421"}],"wp:attachment":[{"href":"https:\/\/serveiseducatius.xtec.cat\/pladurgell\/wp-json\/wp\/v2\/media?parent=12315"}],"wp:term":[{"taxonomy":"category","embeddable":true,"href":"https:\/\/serveiseducatius.xtec.cat\/pladurgell\/wp-json\/wp\/v2\/categories?post=12315"},{"taxonomy":"post_tag","embeddable":true,"href":"https:\/\/serveiseducatius.xtec.cat\/pladurgell\/wp-json\/wp\/v2\/tags?post=12315"}],"curies":[{"name":"wp","href":"https:\/\/api.w.org\/{rel}","templated":true}]}}