{"id":12301,"date":"2020-10-27T13:25:25","date_gmt":"2020-10-27T12:25:25","guid":{"rendered":"http:\/\/serveiseducatius.xtec.cat\/pladurgell\/?p=12301"},"modified":"2022-04-05T09:41:05","modified_gmt":"2022-04-05T07:41:05","slug":"14-edicio-concurs-racc-joves-i-mobilitat","status":"publish","type":"post","link":"https:\/\/serveiseducatius.xtec.cat\/pladurgell\/general\/14-edicio-concurs-racc-joves-i-mobilitat\/","title":{"rendered":"14 Edici\u00f3 Concurs RACC Joves i Mobilitat"},"content":{"rendered":"<p><a href=\"https:\/\/serveiseducatius.xtec.cat\/pladurgell\/wp-content\/uploads\/usu1141\/2020\/10\/joves-i-mobilitat-1.png\"><img loading=\"lazy\" decoding=\"async\" class=\"wp-image-12303 aligncenter\" src=\"https:\/\/serveiseducatius.xtec.cat\/pladurgell\/wp-content\/uploads\/usu1141\/2020\/10\/joves-i-mobilitat-1-1024x397.png\" alt=\"\" width=\"549\" height=\"213\" srcset=\"https:\/\/serveiseducatius.xtec.cat\/pladurgell\/wp-content\/uploads\/usu1141\/2020\/10\/joves-i-mobilitat-1-1024x397.png 1024w, https:\/\/serveiseducatius.xtec.cat\/pladurgell\/wp-content\/uploads\/usu1141\/2020\/10\/joves-i-mobilitat-1-300x116.png 300w, https:\/\/serveiseducatius.xtec.cat\/pladurgell\/wp-content\/uploads\/usu1141\/2020\/10\/joves-i-mobilitat-1-768x297.png 768w, https:\/\/serveiseducatius.xtec.cat\/pladurgell\/wp-content\/uploads\/usu1141\/2020\/10\/joves-i-mobilitat-1.png 1903w\" sizes=\"auto, (max-width: 549px) 100vw, 549px\" \/><\/a><\/p>\n<p style=\"text-align: justify;\">El RACC i el Servei Catal\u00e0 de Tr\u00e0nsit conviden els educadors i joves de Catalunya a reflexionar sobre una tem\u00e0tica innovadora per reflexionar sobre la protecci\u00f3 dels entorns escolars i els despla\u00e7aments que es fan al seu voltant:<\/p>\n<p style=\"text-align: justify;\"><strong>Protegits a l&#8217;escola, com protegim tamb\u00e9 la mobilitat del seu entorn?<\/strong><\/p>\n<p style=\"text-align: justify;\">Inscripci\u00f3 a la <strong>14 edici\u00f3 del concurs RACC Joves i Mobilitat:<\/strong><\/p>\n<ul style=\"text-align: justify;\">\n<li>Ja oberte a <strong><a href=\"https:\/\/www.jovesimobilitat.cat\/\">\u00a0www.jovesimobilitat.cat.<\/a><\/strong><\/li>\n<li>Presentaci\u00f3 de treballs fins el 30 d\u2019abril de 2021.<\/li>\n<li>Inscripci\u00f3 i participaci\u00f3 gratu\u00eftes.<\/li>\n<\/ul>\n<p style=\"text-align: justify;\">Qui hi pot participar?<\/p>\n<ul style=\"text-align: justify;\">\n<li>Alumnes de secund\u00e0ria, batxillerat i CFGM.<\/li>\n<li>Nois i noies de 12 a 18 anys de casals de joves i centres de lleure.<\/li>\n<\/ul>\n<p><!--more--><\/p>\n<p style=\"text-align: justify;\">Com participar-hi?<\/p>\n<ul style=\"text-align: justify;\">\n<li>Individualment o en equips de fins a 4 membres.<\/li>\n<li>Estar associat a un educador\/tutor responsable.<\/li>\n<\/ul>\n<p style=\"text-align: justify;\">Quines modalitats hi ha?<\/p>\n<ul style=\"text-align: justify;\">\n<li>Anunci gr\u00e0fic.<\/li>\n<li>V\u00eddeo per a Instagram.<\/li>\n<li>Projecte de seguretat vi\u00e0ria.<\/li>\n<li>Projecte educatiu en mobilitat segura (centres).<\/li>\n<\/ul>\n<p style=\"text-align: justify;\">Premis:<\/p>\n<ul style=\"text-align: justify;\">\n<li>Guanyadors i finalistes de les 3 categories.<\/li>\n<li>Millor classe, amb l\u2019aportaci\u00f3 de m\u00e9s treballs.<\/li>\n<li>Professor\/tutor m\u00e9s motivador.<\/li>\n<li>Millor projecte educatiu en mobilitat segura.<\/li>\n<\/ul>\n<p style=\"text-align: justify;\">Recursos did\u00e0ctics:<\/p>\n<ul>\n<li style=\"text-align: justify;\">De la tem\u00e0tica espec\u00edfica d&#8217;enguany.<\/li>\n<li style=\"text-align: justify;\">De la mobilitat i la seguretat vi\u00e0ria en general.<\/li>\n<\/ul>\n","protected":false},"excerpt":{"rendered":"<p>El RACC i el Servei Catal\u00e0 de Tr\u00e0nsit conviden els educadors i joves de Catalunya a reflexionar sobre una tem\u00e0tica [&hellip;]<\/p>\n","protected":false},"author":1,"featured_media":0,"comment_status":"open","ping_status":"closed","sticky":false,"template":"","format":"standard","meta":{"_bbp_topic_count":0,"_bbp_reply_count":0,"_bbp_total_topic_count":0,"_bbp_total_reply_count":0,"_bbp_voice_count":0,"_bbp_anonymous_reply_count":0,"_bbp_topic_count_hidden":0,"_bbp_reply_count_hidden":0,"_bbp_forum_subforum_count":0,"site-sidebar-layout":"default","site-content-layout":"","ast-site-content-layout":"","site-content-style":"default","site-sidebar-style":"default","ast-global-header-display":"","ast-banner-title-visibility":"","ast-main-header-display":"","ast-hfb-above-header-display":"","ast-hfb-below-header-display":"","ast-hfb-mobile-header-display":"","site-post-title":"","ast-breadcrumbs-content":"","ast-featured-img":"","footer-sml-layout":"","theme-transparent-header-meta":"","adv-header-id-meta":"","stick-header-meta":"","header-above-stick-meta":"","header-main-stick-meta":"","header-below-stick-meta":"","astra-migrate-meta-layouts":"default","ast-page-background-enabled":"default","ast-page-background-meta":{"desktop":{"background-color":"var(--ast-global-color-4)","background-image":"","background-repeat":"repeat","background-position":"center center","background-size":"auto","background-attachment":"scroll","background-type":"","background-media":"","overlay-type":"","overlay-color":"","overlay-opacity":"","overlay-gradient":""},"tablet":{"background-color":"","background-image":"","background-repeat":"repeat","background-position":"center center","background-size":"auto","background-attachment":"scroll","background-type":"","background-media":"","overlay-type":"","overlay-color":"","overlay-opacity":"","overlay-gradient":""},"mobile":{"background-color":"","background-image":"","background-repeat":"repeat","background-position":"center center","background-size":"auto","background-attachment":"scroll","background-type":"","background-media":"","overlay-type":"","overlay-color":"","overlay-opacity":"","overlay-gradient":""}},"ast-content-background-meta":{"desktop":{"background-color":"var(--ast-global-color-5)","background-image":"","background-repeat":"repeat","background-position":"center center","background-size":"auto","background-attachment":"scroll","background-type":"","background-media":"","overlay-type":"","overlay-color":"","overlay-opacity":"","overlay-gradient":""},"tablet":{"background-color":"var(--ast-global-color-5)","background-image":"","background-repeat":"repeat","background-position":"center center","background-size":"auto","background-attachment":"scroll","background-type":"","background-media":"","overlay-type":"","overlay-color":"","overlay-opacity":"","overlay-gradient":""},"mobile":{"background-color":"var(--ast-global-color-5)","background-image":"","background-repeat":"repeat","background-position":"center center","background-size":"auto","background-attachment":"scroll","background-type":"","background-media":"","overlay-type":"","overlay-color":"","overlay-opacity":"","overlay-gradient":""}},"footnotes":""},"categories":[1,29,308],"tags":[413,179,363,291],"class_list":["post-12301","post","type-post","status-publish","format-standard","hentry","category-general","category-portada","category-escoles-verdes","tag-escolesverdes","tag-educacio-secundaria","tag-escoles-verdes","tag-premis"],"post_mailing_queue_ids":[],"_links":{"self":[{"href":"https:\/\/serveiseducatius.xtec.cat\/pladurgell\/wp-json\/wp\/v2\/posts\/12301","targetHints":{"allow":["GET"]}}],"collection":[{"href":"https:\/\/serveiseducatius.xtec.cat\/pladurgell\/wp-json\/wp\/v2\/posts"}],"about":[{"href":"https:\/\/serveiseducatius.xtec.cat\/pladurgell\/wp-json\/wp\/v2\/types\/post"}],"author":[{"embeddable":true,"href":"https:\/\/serveiseducatius.xtec.cat\/pladurgell\/wp-json\/wp\/v2\/users\/1"}],"replies":[{"embeddable":true,"href":"https:\/\/serveiseducatius.xtec.cat\/pladurgell\/wp-json\/wp\/v2\/comments?post=12301"}],"version-history":[{"count":3,"href":"https:\/\/serveiseducatius.xtec.cat\/pladurgell\/wp-json\/wp\/v2\/posts\/12301\/revisions"}],"predecessor-version":[{"id":15497,"href":"https:\/\/serveiseducatius.xtec.cat\/pladurgell\/wp-json\/wp\/v2\/posts\/12301\/revisions\/15497"}],"wp:attachment":[{"href":"https:\/\/serveiseducatius.xtec.cat\/pladurgell\/wp-json\/wp\/v2\/media?parent=12301"}],"wp:term":[{"taxonomy":"category","embeddable":true,"href":"https:\/\/serveiseducatius.xtec.cat\/pladurgell\/wp-json\/wp\/v2\/categories?post=12301"},{"taxonomy":"post_tag","embeddable":true,"href":"https:\/\/serveiseducatius.xtec.cat\/pladurgell\/wp-json\/wp\/v2\/tags?post=12301"}],"curies":[{"name":"wp","href":"https:\/\/api.w.org\/{rel}","templated":true}]}}