{"id":12286,"date":"2020-10-26T13:40:09","date_gmt":"2020-10-26T12:40:09","guid":{"rendered":"http:\/\/serveiseducatius.xtec.cat\/pladurgell\/?p=12286"},"modified":"2020-10-28T13:02:54","modified_gmt":"2020-10-28T12:02:54","slug":"formacions-online-escoles-verdes","status":"publish","type":"post","link":"https:\/\/serveiseducatius.xtec.cat\/pladurgell\/general\/formacions-online-escoles-verdes\/","title":{"rendered":"Formacions online Escoles Verdes"},"content":{"rendered":"<p style=\"text-align: center;\"><a href=\"https:\/\/serveiseducatius.xtec.cat\/pladurgell\/wp-content\/uploads\/usu1141\/2020\/09\/logo-EEVV.jpg\"><img loading=\"lazy\" decoding=\"async\" class=\"alignnone size-full wp-image-12112\" src=\"https:\/\/serveiseducatius.xtec.cat\/pladurgell\/wp-content\/uploads\/usu1141\/2020\/09\/logo-EEVV.jpg\" alt=\"\" width=\"270\" height=\"226\" \/><\/a><\/p>\n<p>Des del <strong>Programa d&#8217;Escoles Verdes<\/strong>, proposen les formacions per aquest trimestre: minicursos sobre temes ambientals, cursos pr\u00e0ctics per revitalitzar els vostres plans d&#8217;acci\u00f3, millorar la participaci\u00f3 de l&#8217;alumnat en temps de grups-bombolla i tamb\u00e9 hi ha un curs adre\u00e7at espec\u00edficament per als nous coordinadors d&#8217;EV.<\/p>\n<p><span style=\"font-family: inherit; font-size: 1em;\">Totes les formacions s\u00f3n en format online i l&#8217;assist\u00e8ncia ser\u00e0 certificada com activitat formativa pel Departament d&#8217;Educaci\u00f3.<\/span><\/p>\n<p><!--more--><\/p>\n<p><strong>Formaci\u00f3 de NOUS COORDINADORS A\u00a0<a href=\"https:\/\/escoles.fundesplai.org\/?mailpoet_router&amp;endpoint=track&amp;action=click&amp;data=WyI0MTUyIiwibThjemM0NTY2ajQ4MHcwY2NnNGtra29rZzQ0NDhzczgiLCI1OSIsImFjNmE5OGE1YTM4MiIsZmFsc2Vd\" target=\"_blank\" rel=\"noopener noreferrer\" data-saferedirecturl=\"https:\/\/www.google.com\/url?q=https:\/\/escoles.fundesplai.org?mailpoet_router%26endpoint%3Dtrack%26action%3Dclick%26data%3DWyI0MTUyIiwibThjemM0NTY2ajQ4MHcwY2NnNGtra29rZzQ0NDhzczgiLCI1OSIsImFjNmE5OGE1YTM4MiIsZmFsc2Vd&amp;source=gmail&amp;ust=1603787361214000&amp;usg=AFQjCNGoMzldLaY4PM5zzPqg4-u0DAv8yg\">INSCRIPCI\u00d3<\/a><\/strong><\/p>\n<ul>\n<li>Dimecres 11 de novembre de 2020 &#8211; HORARI: 17.30-19h<\/li>\n<li>Dimecres 18 novembre de 2020 &#8211; HORARI: 17.30-19h<\/li>\n<li>Dimecres 25 novembre de 2020 &#8211; HORARI: 17.30-19h<\/li>\n<\/ul>\n<p><strong>Formaci\u00f3 de NOUS COORDINADORS B\u00a0<a href=\"https:\/\/escoles.fundesplai.org\/?mailpoet_router&amp;endpoint=track&amp;action=click&amp;data=WyI0MTUyIiwibThjemM0NTY2ajQ4MHcwY2NnNGtra29rZzQ0NDhzczgiLCI1OSIsImVhMDExNGI0YTU5NSIsZmFsc2Vd\" target=\"_blank\" rel=\"noopener noreferrer\" data-saferedirecturl=\"https:\/\/www.google.com\/url?q=https:\/\/escoles.fundesplai.org?mailpoet_router%26endpoint%3Dtrack%26action%3Dclick%26data%3DWyI0MTUyIiwibThjemM0NTY2ajQ4MHcwY2NnNGtra29rZzQ0NDhzczgiLCI1OSIsImVhMDExNGI0YTU5NSIsZmFsc2Vd&amp;source=gmail&amp;ust=1603787361214000&amp;usg=AFQjCNGDiEGpRPO-rSC7C_RpIWyrSbbU2A\">INSCRIPCI\u00d3<\/a><\/strong><\/p>\n<ul>\n<li>Dilluns 9 de novembre de 2020 &#8211; HORARI: 17.30-19h<\/li>\n<li>Dilluns 23 de novembre de 2020 &#8211; HORARI: 17.30-19h<\/li>\n<li>Dilluns 30 de novembre de 2020 &#8211; HORARI: 17.30-19h<\/li>\n<\/ul>\n<p>Si esteu interessats en els <strong>Objectius de Desenvolupament Sostenible<\/strong> i voleu treballar en aquesta l\u00ednia, curs on-line certificat de 3 sessions:<strong>\u00a0<a href=\"https:\/\/escoles.fundesplai.org\/?mailpoet_router&amp;endpoint=track&amp;action=click&amp;data=WyI0MTUyIiwibThjemM0NTY2ajQ4MHcwY2NnNGtra29rZzQ0NDhzczgiLCI1OSIsIjJjODViZjQyYzc3ZCIsZmFsc2Vd\" target=\"_blank\" rel=\"noopener noreferrer\" data-saferedirecturl=\"https:\/\/www.google.com\/url?q=https:\/\/escoles.fundesplai.org?mailpoet_router%26endpoint%3Dtrack%26action%3Dclick%26data%3DWyI0MTUyIiwibThjemM0NTY2ajQ4MHcwY2NnNGtra29rZzQ0NDhzczgiLCI1OSIsIjJjODViZjQyYzc3ZCIsZmFsc2Vd&amp;source=gmail&amp;ust=1603787361215000&amp;usg=AFQjCNH-ch8AecS8ZbLdMBc9mXlhWoXzlA\">INSCRIPCI\u00d3<\/a><\/strong><\/p>\n<ul>\n<li>Dimecres 4 de novembre de 2020 &#8211; HORARI: 17.30-19h<\/li>\n<li>Dimecres 11 novembre de 2020 &#8211; HORARI: 17.30-19h<\/li>\n<li>Dimecres 18 novembre de 2020 &#8211; HORARI: 17.30-19<\/li>\n<\/ul>\n<p>Heu reflexionat mai sobre com <strong>enlla\u00e7ar l\u2019educaci\u00f3 cient\u00edfica amb l\u2019Educaci\u00f3 per la sostenibilitat i amb visi\u00f3 de g\u00e8nere<\/strong>?, curs on-line certificat de 3 sessions:\u00a0<strong><a href=\"https:\/\/escoles.fundesplai.org\/?mailpoet_router&amp;endpoint=track&amp;action=click&amp;data=WyI0MTUyIiwibThjemM0NTY2ajQ4MHcwY2NnNGtra29rZzQ0NDhzczgiLCI1OSIsImZiZGQ3ODFlODQ2YiIsZmFsc2Vd\" target=\"_blank\" rel=\"noopener noreferrer\" data-saferedirecturl=\"https:\/\/www.google.com\/url?q=https:\/\/escoles.fundesplai.org?mailpoet_router%26endpoint%3Dtrack%26action%3Dclick%26data%3DWyI0MTUyIiwibThjemM0NTY2ajQ4MHcwY2NnNGtra29rZzQ0NDhzczgiLCI1OSIsImZiZGQ3ODFlODQ2YiIsZmFsc2Vd&amp;source=gmail&amp;ust=1603787361215000&amp;usg=AFQjCNEtPd5Omo4l4-piMfvkay9MPKQsgw\">INSCRIPCI\u00d3<\/a><\/strong><\/p>\n<ul>\n<li>Dilluns 23 de novembre de 2020 \u2013 HORARI: 17.30-18.30h<\/li>\n<li>Dilluns 30 de novembre de 2020 \u2013 HORARI: 17.30-18.30h<\/li>\n<li>Dilluns 14 de desembre de 2020 \u2013 HORARI: 17.30-18.30h<\/li>\n<\/ul>\n<p><strong>Com millorar la participaci\u00f3 a l&#8217;escola verda: el comit\u00e8 ambiental en temps de grups bombolla: \u00a0<a href=\"https:\/\/escoles.fundesplai.org\/?mailpoet_router&amp;endpoint=track&amp;action=click&amp;data=WyI0MTUyIiwibThjemM0NTY2ajQ4MHcwY2NnNGtra29rZzQ0NDhzczgiLCI2MCIsImZhZWM5NjRjYTdhZCIsZmFsc2Vd\" target=\"_blank\" rel=\"noopener noreferrer\" data-saferedirecturl=\"https:\/\/www.google.com\/url?q=https:\/\/escoles.fundesplai.org?mailpoet_router%26endpoint%3Dtrack%26action%3Dclick%26data%3DWyI0MTUyIiwibThjemM0NTY2ajQ4MHcwY2NnNGtra29rZzQ0NDhzczgiLCI2MCIsImZhZWM5NjRjYTdhZCIsZmFsc2Vd&amp;source=gmail&amp;ust=1603959668751000&amp;usg=AFQjCNEJVipug-JR2Fbsr6DVYd0l2FKHJw\">INSCRIPCI\u00d3<\/a><br \/>\n<\/strong><\/p>\n<ul>\n<li>Dijous 26 de novembre de 2020 \u2013 HORARI: 17.30-19h<\/li>\n<li>Dijous 10 de desembre de 2020 \u2013 HORARI: 17.30-19h<\/li>\n<\/ul>\n<p><strong>REFRESH PA: com incorporar una mirada ambiental en les nostres activitats i millorar el nostre Pla d\u2019Acci\u00f3 d\u2019EV: \u00a0<a href=\"https:\/\/escoles.fundesplai.org\/?mailpoet_router&amp;endpoint=track&amp;action=click&amp;data=WyI0MTUyIiwibThjemM0NTY2ajQ4MHcwY2NnNGtra29rZzQ0NDhzczgiLCI2MCIsImQ1MDkxNjNhN2MxNiIsZmFsc2Vd\" target=\"_blank\" rel=\"noopener noreferrer\" data-saferedirecturl=\"https:\/\/www.google.com\/url?q=https:\/\/escoles.fundesplai.org?mailpoet_router%26endpoint%3Dtrack%26action%3Dclick%26data%3DWyI0MTUyIiwibThjemM0NTY2ajQ4MHcwY2NnNGtra29rZzQ0NDhzczgiLCI2MCIsImQ1MDkxNjNhN2MxNiIsZmFsc2Vd&amp;source=gmail&amp;ust=1603959668752000&amp;usg=AFQjCNEzbzQt2XS9ltGV4a1-zsfVygihVQ\">INSCRIPCI\u00d3<\/a><\/strong><\/p>\n<ul>\n<li>Dimecres 2 de desembre de 2020 \u2013 HORARI: 17.30-19h<\/li>\n<li>Dimecres 9 de desembre de 2020 \u2013 HORARI: 17.30-19h<\/li>\n<\/ul>\n","protected":false},"excerpt":{"rendered":"<p>Des del Programa d&#8217;Escoles Verdes, proposen les formacions per aquest trimestre: minicursos sobre temes ambientals, cursos pr\u00e0ctics per revitalitzar els [&hellip;]<\/p>\n","protected":false},"author":1,"featured_media":0,"comment_status":"open","ping_status":"closed","sticky":false,"template":"","format":"standard","meta":{"_bbp_topic_count":0,"_bbp_reply_count":0,"_bbp_total_topic_count":0,"_bbp_total_reply_count":0,"_bbp_voice_count":0,"_bbp_anonymous_reply_count":0,"_bbp_topic_count_hidden":0,"_bbp_reply_count_hidden":0,"_bbp_forum_subforum_count":0,"site-sidebar-layout":"default","site-content-layout":"","ast-site-content-layout":"","site-content-style":"default","site-sidebar-style":"default","ast-global-header-display":"","ast-banner-title-visibility":"","ast-main-header-display":"","ast-hfb-above-header-display":"","ast-hfb-below-header-display":"","ast-hfb-mobile-header-display":"","site-post-title":"","ast-breadcrumbs-content":"","ast-featured-img":"","footer-sml-layout":"","theme-transparent-header-meta":"","adv-header-id-meta":"","stick-header-meta":"","header-above-stick-meta":"","header-main-stick-meta":"","header-below-stick-meta":"","astra-migrate-meta-layouts":"default","ast-page-background-enabled":"default","ast-page-background-meta":{"desktop":{"background-color":"var(--ast-global-color-4)","background-image":"","background-repeat":"repeat","background-position":"center center","background-size":"auto","background-attachment":"scroll","background-type":"","background-media":"","overlay-type":"","overlay-color":"","overlay-opacity":"","overlay-gradient":""},"tablet":{"background-color":"","background-image":"","background-repeat":"repeat","background-position":"center center","background-size":"auto","background-attachment":"scroll","background-type":"","background-media":"","overlay-type":"","overlay-color":"","overlay-opacity":"","overlay-gradient":""},"mobile":{"background-color":"","background-image":"","background-repeat":"repeat","background-position":"center center","background-size":"auto","background-attachment":"scroll","background-type":"","background-media":"","overlay-type":"","overlay-color":"","overlay-opacity":"","overlay-gradient":""}},"ast-content-background-meta":{"desktop":{"background-color":"var(--ast-global-color-5)","background-image":"","background-repeat":"repeat","background-position":"center center","background-size":"auto","background-attachment":"scroll","background-type":"","background-media":"","overlay-type":"","overlay-color":"","overlay-opacity":"","overlay-gradient":""},"tablet":{"background-color":"var(--ast-global-color-5)","background-image":"","background-repeat":"repeat","background-position":"center center","background-size":"auto","background-attachment":"scroll","background-type":"","background-media":"","overlay-type":"","overlay-color":"","overlay-opacity":"","overlay-gradient":""},"mobile":{"background-color":"var(--ast-global-color-5)","background-image":"","background-repeat":"repeat","background-position":"center center","background-size":"auto","background-attachment":"scroll","background-type":"","background-media":"","overlay-type":"","overlay-color":"","overlay-opacity":"","overlay-gradient":""}},"footnotes":""},"categories":[1,29,308],"tags":[413,226],"class_list":["post-12286","post","type-post","status-publish","format-standard","hentry","category-general","category-portada","category-escoles-verdes","tag-escolesverdes","tag-formacio"],"post_mailing_queue_ids":[],"_links":{"self":[{"href":"https:\/\/serveiseducatius.xtec.cat\/pladurgell\/wp-json\/wp\/v2\/posts\/12286","targetHints":{"allow":["GET"]}}],"collection":[{"href":"https:\/\/serveiseducatius.xtec.cat\/pladurgell\/wp-json\/wp\/v2\/posts"}],"about":[{"href":"https:\/\/serveiseducatius.xtec.cat\/pladurgell\/wp-json\/wp\/v2\/types\/post"}],"author":[{"embeddable":true,"href":"https:\/\/serveiseducatius.xtec.cat\/pladurgell\/wp-json\/wp\/v2\/users\/1"}],"replies":[{"embeddable":true,"href":"https:\/\/serveiseducatius.xtec.cat\/pladurgell\/wp-json\/wp\/v2\/comments?post=12286"}],"version-history":[{"count":3,"href":"https:\/\/serveiseducatius.xtec.cat\/pladurgell\/wp-json\/wp\/v2\/posts\/12286\/revisions"}],"predecessor-version":[{"id":12326,"href":"https:\/\/serveiseducatius.xtec.cat\/pladurgell\/wp-json\/wp\/v2\/posts\/12286\/revisions\/12326"}],"wp:attachment":[{"href":"https:\/\/serveiseducatius.xtec.cat\/pladurgell\/wp-json\/wp\/v2\/media?parent=12286"}],"wp:term":[{"taxonomy":"category","embeddable":true,"href":"https:\/\/serveiseducatius.xtec.cat\/pladurgell\/wp-json\/wp\/v2\/categories?post=12286"},{"taxonomy":"post_tag","embeddable":true,"href":"https:\/\/serveiseducatius.xtec.cat\/pladurgell\/wp-json\/wp\/v2\/tags?post=12286"}],"curies":[{"name":"wp","href":"https:\/\/api.w.org\/{rel}","templated":true}]}}