{"id":12251,"date":"2020-10-12T20:50:58","date_gmt":"2020-10-12T18:50:58","guid":{"rendered":"http:\/\/serveiseducatius.xtec.cat\/pladurgell\/?p=12251"},"modified":"2020-10-12T20:54:15","modified_gmt":"2020-10-12T18:54:15","slug":"recerkids","status":"publish","type":"post","link":"https:\/\/serveiseducatius.xtec.cat\/pladurgell\/portada\/recerkids\/","title":{"rendered":"Recerkids"},"content":{"rendered":"<table class=\"m_-3378637402005944029mcnTextContentContainer\" border=\"0\" width=\"100%\" cellspacing=\"0\" cellpadding=\"0\" align=\"left\">\n<tbody>\n<tr>\n<td class=\"m_-3378637402005944029mcnTextContent\" valign=\"top\">\n<div>\n<div>\n<div id=\"m_-3378637402005944029text-block-5\"><a href=\"https:\/\/recerkids.us13.list-manage.com\/track\/click?u=29b5d15ba954a6b70ad212262&amp;id=b2efb36149&amp;e=b4c9efc833\"><strong><span class=\"il\">Recerkids<\/span><\/strong><\/a>, \u00e9s un\u00a0<strong>programa educatiu<\/strong> organitzat per la <strong>Direcci\u00f3 General de Recerca<\/strong> de la <strong>Generalitat de Catalunya<\/strong> i Eduxarxa que t\u00e9 com a objectiu apropar la <strong>recerca cient\u00edfica<\/strong> a l\u2019alumnat de <strong>5\u00e8 i 6\u00e8 de Prim\u00e0ria<\/strong>.<\/div>\n<div>\n<p>Aquest curs se celebra la <strong>V edici\u00f3 <\/strong>del programa, i ho fa amb recerques sobre el <strong>canvi clim\u00e0tic<\/strong>, una tem\u00e0tica de molta actualitat amb la qual volem commemorar l&#8217;aniversari d&#8217;<strong>Eduard Fontser\u00e8<\/strong>, fundador i director del Servei Meteorol\u00f2gic de Catalunya.Tenint en compte el context en qu\u00e8 ens trobem, el <span class=\"il\">Recerkids<\/span> d&#8217;enguany proposa <strong>dues l\u00ednies de recerca pautades,<\/strong> que es podran dur a terme <strong>tant a l&#8217;aula com des de casa<\/strong>, per tal d&#8217;adaptar-se a les diferents situacions que puguin sorgir amb els grups-classe durant el programa.<\/p>\n<p>A m\u00e9s a m\u00e9s, tamb\u00e9 com a novetat d&#8217;aquest any, el programa ofereix una <strong>adaptaci\u00f3 curricular de les recerques per a les escoles d&#8217;alta complexitat <\/strong>per tal d&#8217;ajudar\u00a0el professorat el millor possible .<\/p>\n<\/div>\n<\/div>\n<div><\/div>\n<div>Les dues l\u00ednies de recerca\u00a0faran reflexionar l&#8217;alumnat sobre conceptes tan actuals com la <strong>l&#8217;emerg\u00e8ncia clim\u00e0tica<\/strong>, tot desenvolupant l&#8217;<strong>esperit cr\u00edtic<\/strong> envers la informaci\u00f3 que els arriba dels mitjans de comunicaci\u00f3:<\/div>\n<\/div>\n<div><\/div>\n<div><\/div>\n<div><\/div>\n<div><\/div>\n<\/td>\n<\/tr>\n<\/tbody>\n<\/table>\n<p>&nbsp;<\/p>\n<table border=\"0\" width=\"100%\" cellspacing=\"0\" cellpadding=\"0\">\n<tbody>\n<tr>\n<td valign=\"top\">\n<table class=\"m_-3378637402005944029mcnCaptionBottomContent\" border=\"0\" width=\"282\" cellspacing=\"0\" cellpadding=\"0\" align=\"left\">\n<tbody>\n<tr>\n<td align=\"center\" valign=\"top\"><img decoding=\"async\" class=\"m_-3378637402005944029mcnImage CToWUd a6T\" tabindex=\"0\" src=\"https:\/\/ci3.googleusercontent.com\/proxy\/610rYN3MWyOjPJdpR3F-02FYuqh9joMjYHibGC_AVgBc3j4IM-XxyEWM9upnBjgCRFX3CXyxgZ0NK4p57dLW4Wo9Xt7RPULQ318BOiq70Up2IF5g1c32zAcF7nA6L9vVNkC_BlkO3C6RPxs5a1EOY3Zi4SoD-w=s0-d-e1-ft#https:\/\/mcusercontent.com\/29b5d15ba954a6b70ad212262\/images\/c86e46fd-2b2a-46aa-9e99-9a221e7df0f0.jpg\" alt=\"\" width=\"264\" \/><\/td>\n<\/tr>\n<tr>\n<td class=\"m_-3378637402005944029mcnTextContent\" valign=\"top\" width=\"282\"><strong>1.<\/strong> <strong>Lluitar contra el canvi clim\u00e0tic amb la llista de la compra<\/strong>: una proposta que permetr\u00e0 investigar com tothom pot contribuir a reduir les emissions de di\u00f2xid de carboni a l&#8217;hora de fer la llista de la compra.<\/td>\n<\/tr>\n<\/tbody>\n<\/table>\n<table class=\"m_-3378637402005944029mcnCaptionBottomContent\" border=\"0\" width=\"282\" cellspacing=\"0\" cellpadding=\"0\" align=\"right\">\n<tbody>\n<tr>\n<td align=\"center\" valign=\"top\"><img decoding=\"async\" class=\"m_-3378637402005944029mcnImage CToWUd a6T\" tabindex=\"0\" src=\"https:\/\/ci4.googleusercontent.com\/proxy\/YM_d9mLRz_j36FMwTHXS1LunkH29F5TW5knIV_E9s0nKTJBEAFNB2mFsZLDtNt6r-3yNrhvYkZU0b2LsKipNf7bGIRCHv4IDPa5XRiyMSkcOpBCQo8nb_a8UUL6RMnGNN1QPzD7eLZywZwylUf9X0STdpLveNw=s0-d-e1-ft#https:\/\/mcusercontent.com\/29b5d15ba954a6b70ad212262\/images\/0b115812-6803-4b81-99a8-f5c7003fb5c7.jpg\" alt=\"\" width=\"264\" \/><\/td>\n<\/tr>\n<tr>\n<td class=\"m_-3378637402005944029mcnTextContent\" valign=\"top\" width=\"282\"><strong>2. <\/strong><strong>El CO2 no es veu per\u00f2 les seves conseq\u00fc\u00e8ncies, s\u00ed:<\/strong> a trav\u00e9s d&#8217;aquesta recerca, l&#8217;alumnat podr\u00e0 observar els canvis que tenen lloc en un ecosistema polar quan els nivells de CO2 augmenten notablement.<\/td>\n<\/tr>\n<\/tbody>\n<\/table>\n<\/td>\n<\/tr>\n<\/tbody>\n<\/table>\n","protected":false},"excerpt":{"rendered":"<p>Recerkids, \u00e9s un\u00a0programa educatiu organitzat per la Direcci\u00f3 General de Recerca de la Generalitat de Catalunya i Eduxarxa que t\u00e9 [&hellip;]<\/p>\n","protected":false},"author":1,"featured_media":0,"comment_status":"open","ping_status":"closed","sticky":false,"template":"","format":"standard","meta":{"_bbp_topic_count":0,"_bbp_reply_count":0,"_bbp_total_topic_count":0,"_bbp_total_reply_count":0,"_bbp_voice_count":0,"_bbp_anonymous_reply_count":0,"_bbp_topic_count_hidden":0,"_bbp_reply_count_hidden":0,"_bbp_forum_subforum_count":0,"site-sidebar-layout":"default","site-content-layout":"","ast-site-content-layout":"","site-content-style":"default","site-sidebar-style":"default","ast-global-header-display":"","ast-banner-title-visibility":"","ast-main-header-display":"","ast-hfb-above-header-display":"","ast-hfb-below-header-display":"","ast-hfb-mobile-header-display":"","site-post-title":"","ast-breadcrumbs-content":"","ast-featured-img":"","footer-sml-layout":"","theme-transparent-header-meta":"","adv-header-id-meta":"","stick-header-meta":"","header-above-stick-meta":"","header-main-stick-meta":"","header-below-stick-meta":"","astra-migrate-meta-layouts":"default","ast-page-background-enabled":"default","ast-page-background-meta":{"desktop":{"background-color":"var(--ast-global-color-4)","background-image":"","background-repeat":"repeat","background-position":"center center","background-size":"auto","background-attachment":"scroll","background-type":"","background-media":"","overlay-type":"","overlay-color":"","overlay-opacity":"","overlay-gradient":""},"tablet":{"background-color":"","background-image":"","background-repeat":"repeat","background-position":"center center","background-size":"auto","background-attachment":"scroll","background-type":"","background-media":"","overlay-type":"","overlay-color":"","overlay-opacity":"","overlay-gradient":""},"mobile":{"background-color":"","background-image":"","background-repeat":"repeat","background-position":"center center","background-size":"auto","background-attachment":"scroll","background-type":"","background-media":"","overlay-type":"","overlay-color":"","overlay-opacity":"","overlay-gradient":""}},"ast-content-background-meta":{"desktop":{"background-color":"var(--ast-global-color-5)","background-image":"","background-repeat":"repeat","background-position":"center center","background-size":"auto","background-attachment":"scroll","background-type":"","background-media":"","overlay-type":"","overlay-color":"","overlay-opacity":"","overlay-gradient":""},"tablet":{"background-color":"var(--ast-global-color-5)","background-image":"","background-repeat":"repeat","background-position":"center center","background-size":"auto","background-attachment":"scroll","background-type":"","background-media":"","overlay-type":"","overlay-color":"","overlay-opacity":"","overlay-gradient":""},"mobile":{"background-color":"var(--ast-global-color-5)","background-image":"","background-repeat":"repeat","background-position":"center center","background-size":"auto","background-attachment":"scroll","background-type":"","background-media":"","overlay-type":"","overlay-color":"","overlay-opacity":"","overlay-gradient":""}},"footnotes":""},"categories":[29],"tags":[],"class_list":["post-12251","post","type-post","status-publish","format-standard","hentry","category-portada"],"post_mailing_queue_ids":[],"_links":{"self":[{"href":"https:\/\/serveiseducatius.xtec.cat\/pladurgell\/wp-json\/wp\/v2\/posts\/12251","targetHints":{"allow":["GET"]}}],"collection":[{"href":"https:\/\/serveiseducatius.xtec.cat\/pladurgell\/wp-json\/wp\/v2\/posts"}],"about":[{"href":"https:\/\/serveiseducatius.xtec.cat\/pladurgell\/wp-json\/wp\/v2\/types\/post"}],"author":[{"embeddable":true,"href":"https:\/\/serveiseducatius.xtec.cat\/pladurgell\/wp-json\/wp\/v2\/users\/1"}],"replies":[{"embeddable":true,"href":"https:\/\/serveiseducatius.xtec.cat\/pladurgell\/wp-json\/wp\/v2\/comments?post=12251"}],"version-history":[{"count":3,"href":"https:\/\/serveiseducatius.xtec.cat\/pladurgell\/wp-json\/wp\/v2\/posts\/12251\/revisions"}],"predecessor-version":[{"id":12254,"href":"https:\/\/serveiseducatius.xtec.cat\/pladurgell\/wp-json\/wp\/v2\/posts\/12251\/revisions\/12254"}],"wp:attachment":[{"href":"https:\/\/serveiseducatius.xtec.cat\/pladurgell\/wp-json\/wp\/v2\/media?parent=12251"}],"wp:term":[{"taxonomy":"category","embeddable":true,"href":"https:\/\/serveiseducatius.xtec.cat\/pladurgell\/wp-json\/wp\/v2\/categories?post=12251"},{"taxonomy":"post_tag","embeddable":true,"href":"https:\/\/serveiseducatius.xtec.cat\/pladurgell\/wp-json\/wp\/v2\/tags?post=12251"}],"curies":[{"name":"wp","href":"https:\/\/api.w.org\/{rel}","templated":true}]}}