{"id":12160,"date":"2020-09-28T16:49:49","date_gmt":"2020-09-28T14:49:49","guid":{"rendered":"http:\/\/serveiseducatius.xtec.cat\/pladurgell\/?p=12160"},"modified":"2020-09-28T16:52:14","modified_gmt":"2020-09-28T14:52:14","slug":"lliurament-de-guardons-del-xive-premi-de-poesia-i-illustracio-de-poesia-el-sol-de-pla","status":"publish","type":"post","link":"https:\/\/serveiseducatius.xtec.cat\/pladurgell\/portada\/lliurament-de-guardons-del-xive-premi-de-poesia-i-illustracio-de-poesia-el-sol-de-pla\/","title":{"rendered":"Lliurament de guardons del XIV\u00e8 Premi de poesia i il\u00b7lustraci\u00f3 de poesia El Sol de Pla"},"content":{"rendered":"<p style=\"text-align: center;\"><a href=\"https:\/\/serveiseducatius.xtec.cat\/pladurgell\/wp-content\/uploads\/usu1141\/2020\/09\/2020092814533517687.jpg\"><img loading=\"lazy\" decoding=\"async\" class=\"alignnone size-full wp-image-12161\" src=\"https:\/\/serveiseducatius.xtec.cat\/pladurgell\/wp-content\/uploads\/usu1141\/2020\/09\/2020092814533517687.jpg\" alt=\"\" width=\"755\" height=\"572\" srcset=\"https:\/\/serveiseducatius.xtec.cat\/pladurgell\/wp-content\/uploads\/usu1141\/2020\/09\/2020092814533517687.jpg 755w, https:\/\/serveiseducatius.xtec.cat\/pladurgell\/wp-content\/uploads\/usu1141\/2020\/09\/2020092814533517687-300x227.jpg 300w\" sizes=\"auto, (max-width: 755px) 100vw, 755px\" \/><\/a><\/p>\n<p style=\"text-align: right;\"><sub><span style=\"font-family: inherit;\">Imatge: Territoris.cat\/ Consell Comarcal del Pla d&#8217;Urgell<\/span><\/sub><\/p>\n<p><span style=\"font-family: inherit; font-size: 1em;\">En un\u00a0 calendari marcadament condicionat per la situaci\u00f3 sanit\u00e0ria arran de la pand\u00e8mia de la COVID-19, el passat dissabte 26 de setembre al llarg del mat\u00ed es va desvetllar el veredicte del jurat del XIV Premi de poesia i d&#8217;il\u00b7lustraci\u00f3 de poesia El Sol del Pla\u00a0 i es va celebrar l&#8217;acte de lliurament de guardons.<\/span><\/p>\n<p>Es va fer de manera esglaonada amb cita pr\u00e8via i aforament limitat per als centres , els guardonats i guardonades i les seves fam\u00edlies.<\/p>\n<p>Un total de 39 alumnes de diferents centres de la comarca van rebre distincions pels seus treballs amb un diploma\u00a0 i un val de compra de material escolar. Tamb\u00e9 es van lliurar vals de compra a tots els centres que hi van participar.<\/p>\n<p>En aquesta edici\u00f3, hi han participat 24 centres i s&#8217;han presentat\u00a0 751 originals a concurs.\u00a0El premi compta amb la col\u00b7laboraci\u00f3 de l&#8217;Institut d&#8217;Estudis Ilerdencs de la Diputaci\u00f3 de Lleida.<\/p>\n<p>Si voleu accedir a la <a href=\"http:\/\/www.plaurgell.cat\/actualitat\/noticies\/felicitats-als-premiats-i-les-premiades-amb-el-xiv-premi-el-sol-del-pla\">galeria d&#8217;imatges<\/a> us enllacem el lloc web del Consell Comarcal on surten publicades .<\/p>\n<p>Tamb\u00e9 podeu trobar m\u00e9s informaci\u00f3 a <a href=\"https:\/\/www.territoris.cat\/album\/pla-d39-urgell\/premi-poesia-i-il-lustracio-sol-pla-2020\/20200927185242067840.html\">Territoris.cat<\/a><\/p>\n","protected":false},"excerpt":{"rendered":"<p>Imatge: Territoris.cat\/ Consell Comarcal del Pla d&#8217;Urgell En un\u00a0 calendari marcadament condicionat per la situaci\u00f3 sanit\u00e0ria arran de la pand\u00e8mia [&hellip;]<\/p>\n","protected":false},"author":1,"featured_media":0,"comment_status":"open","ping_status":"closed","sticky":false,"template":"","format":"standard","meta":{"_bbp_topic_count":0,"_bbp_reply_count":0,"_bbp_total_topic_count":0,"_bbp_total_reply_count":0,"_bbp_voice_count":0,"_bbp_anonymous_reply_count":0,"_bbp_topic_count_hidden":0,"_bbp_reply_count_hidden":0,"_bbp_forum_subforum_count":0,"site-sidebar-layout":"default","site-content-layout":"","ast-site-content-layout":"","site-content-style":"default","site-sidebar-style":"default","ast-global-header-display":"","ast-banner-title-visibility":"","ast-main-header-display":"","ast-hfb-above-header-display":"","ast-hfb-below-header-display":"","ast-hfb-mobile-header-display":"","site-post-title":"","ast-breadcrumbs-content":"","ast-featured-img":"","footer-sml-layout":"","theme-transparent-header-meta":"","adv-header-id-meta":"","stick-header-meta":"","header-above-stick-meta":"","header-main-stick-meta":"","header-below-stick-meta":"","astra-migrate-meta-layouts":"default","ast-page-background-enabled":"default","ast-page-background-meta":{"desktop":{"background-color":"var(--ast-global-color-4)","background-image":"","background-repeat":"repeat","background-position":"center center","background-size":"auto","background-attachment":"scroll","background-type":"","background-media":"","overlay-type":"","overlay-color":"","overlay-opacity":"","overlay-gradient":""},"tablet":{"background-color":"","background-image":"","background-repeat":"repeat","background-position":"center center","background-size":"auto","background-attachment":"scroll","background-type":"","background-media":"","overlay-type":"","overlay-color":"","overlay-opacity":"","overlay-gradient":""},"mobile":{"background-color":"","background-image":"","background-repeat":"repeat","background-position":"center center","background-size":"auto","background-attachment":"scroll","background-type":"","background-media":"","overlay-type":"","overlay-color":"","overlay-opacity":"","overlay-gradient":""}},"ast-content-background-meta":{"desktop":{"background-color":"var(--ast-global-color-5)","background-image":"","background-repeat":"repeat","background-position":"center center","background-size":"auto","background-attachment":"scroll","background-type":"","background-media":"","overlay-type":"","overlay-color":"","overlay-opacity":"","overlay-gradient":""},"tablet":{"background-color":"var(--ast-global-color-5)","background-image":"","background-repeat":"repeat","background-position":"center center","background-size":"auto","background-attachment":"scroll","background-type":"","background-media":"","overlay-type":"","overlay-color":"","overlay-opacity":"","overlay-gradient":""},"mobile":{"background-color":"var(--ast-global-color-5)","background-image":"","background-repeat":"repeat","background-position":"center center","background-size":"auto","background-attachment":"scroll","background-type":"","background-media":"","overlay-type":"","overlay-color":"","overlay-opacity":"","overlay-gradient":""}},"footnotes":""},"categories":[251,29],"tags":[394,419,236],"class_list":["post-12160","post","type-post","status-publish","format-standard","hentry","category-dinamica-educativa-sant-vicenc-dels-horts","category-portada","tag-poesia","tag-illustracio","tag-llengua-catalana"],"post_mailing_queue_ids":[],"_links":{"self":[{"href":"https:\/\/serveiseducatius.xtec.cat\/pladurgell\/wp-json\/wp\/v2\/posts\/12160","targetHints":{"allow":["GET"]}}],"collection":[{"href":"https:\/\/serveiseducatius.xtec.cat\/pladurgell\/wp-json\/wp\/v2\/posts"}],"about":[{"href":"https:\/\/serveiseducatius.xtec.cat\/pladurgell\/wp-json\/wp\/v2\/types\/post"}],"author":[{"embeddable":true,"href":"https:\/\/serveiseducatius.xtec.cat\/pladurgell\/wp-json\/wp\/v2\/users\/1"}],"replies":[{"embeddable":true,"href":"https:\/\/serveiseducatius.xtec.cat\/pladurgell\/wp-json\/wp\/v2\/comments?post=12160"}],"version-history":[{"count":1,"href":"https:\/\/serveiseducatius.xtec.cat\/pladurgell\/wp-json\/wp\/v2\/posts\/12160\/revisions"}],"predecessor-version":[{"id":12162,"href":"https:\/\/serveiseducatius.xtec.cat\/pladurgell\/wp-json\/wp\/v2\/posts\/12160\/revisions\/12162"}],"wp:attachment":[{"href":"https:\/\/serveiseducatius.xtec.cat\/pladurgell\/wp-json\/wp\/v2\/media?parent=12160"}],"wp:term":[{"taxonomy":"category","embeddable":true,"href":"https:\/\/serveiseducatius.xtec.cat\/pladurgell\/wp-json\/wp\/v2\/categories?post=12160"},{"taxonomy":"post_tag","embeddable":true,"href":"https:\/\/serveiseducatius.xtec.cat\/pladurgell\/wp-json\/wp\/v2\/tags?post=12160"}],"curies":[{"name":"wp","href":"https:\/\/api.w.org\/{rel}","templated":true}]}}