{"id":12095,"date":"2020-09-17T16:11:18","date_gmt":"2020-09-17T14:11:18","guid":{"rendered":"http:\/\/serveiseducatius.xtec.cat\/pladurgell\/?p=12095"},"modified":"2020-09-17T16:11:44","modified_gmt":"2020-09-17T14:11:44","slug":"escoles-verdes","status":"publish","type":"post","link":"https:\/\/serveiseducatius.xtec.cat\/pladurgell\/general\/escoles-verdes\/","title":{"rendered":"Programa Escoles Verdes"},"content":{"rendered":"<p style=\"text-align: center;\"><a href=\"https:\/\/serveiseducatius.xtec.cat\/pladurgell\/wp-content\/uploads\/usu1141\/2020\/09\/logo-EEVV.jpg\"><img loading=\"lazy\" decoding=\"async\" class=\"alignnone wp-image-12112\" src=\"https:\/\/serveiseducatius.xtec.cat\/pladurgell\/wp-content\/uploads\/usu1141\/2020\/09\/logo-EEVV.jpg\" alt=\"\" width=\"259\" height=\"217\" \/><\/a><\/p>\n<p style=\"text-align: justify;\">Estem d&#8217;enhorabona, l&#8217;assessoria d&#8217;Escoles Verdes de Lleida\u00a0 ha estrenat nova p\u00e0gina web. Aqu\u00ed us deixem <a href=\"https:\/\/escoles.fundesplai.org\/?mailpoet_router&amp;endpoint=track&amp;action=click&amp;data=WyI0MTUyIiwibThjemM0NTY2ajQ4MHcwY2NnNGtra29rZzQ0NDhzczgiLCI0MyIsIjJhM2EwNmIzNzMwMyIsZmFsc2Vd\">l&#8217;enlla\u00e7 .<\/a><\/p>\n<p style=\"text-align: justify;\">En aquest espai\u00a0 hi trobareu tota l&#8217;actualitat\u00a0 del Programa, recursos educatius i altres informacions d&#8217;inter\u00e8s sobre temes ambientals i de sostenibilitat. Cada setmana penjaran una not\u00edcia al bloc. Hi podeu col\u00b7laborar tot enviant-los not\u00edcies de les accions que feu al vostres centres. Les publicaran i en faran difusi\u00f3. El treball en xarxa enriqueix a tothom.<\/p>\n<p>Us deixem el contacte:<\/p>\n<p><strong>Neus Iba\u00f1ez Perales<\/strong><br \/>\n<strong>Fundaci\u00f3 Catalana de l\u2019Esplai<\/strong><br \/>\n<a href=\"https:\/\/escoles.fundesplai.org\/?mailpoet_router&amp;endpoint=track&amp;action=click&amp;data=WyI0MTUyIiwibThjemM0NTY2ajQ4MHcwY2NnNGtra29rZzQ0NDhzczgiLCI0MyIsIjhlMTIyNTE0YjI0NiIsZmFsc2Vd\" target=\"_blank\" rel=\"noopener noreferrer\" data-saferedirecturl=\"https:\/\/www.google.com\/url?q=https:\/\/escoles.fundesplai.org?mailpoet_router%26endpoint%3Dtrack%26action%3Dclick%26data%3DWyI0MTUyIiwibThjemM0NTY2ajQ4MHcwY2NnNGtra29rZzQ0NDhzczgiLCI0MyIsIjhlMTIyNTE0YjI0NiIsZmFsc2Vd&amp;source=gmail&amp;ust=1600436692300000&amp;usg=AFQjCNErON15cuNBsOu6mPQZP9BoGXZpQw\">escolesverdeslleida@<wbr \/>fundesplai.org<\/a>\u00a0\/ 600 504 304<br \/>\n<strong>Servei d\u2019assessorament del Programa Escoles Verdes<\/strong><\/p>\n","protected":false},"excerpt":{"rendered":"<p>Estem d&#8217;enhorabona, l&#8217;assessoria d&#8217;Escoles Verdes de Lleida\u00a0 ha estrenat nova p\u00e0gina web. Aqu\u00ed us deixem l&#8217;enlla\u00e7 . En aquest espai\u00a0 [&hellip;]<\/p>\n","protected":false},"author":1,"featured_media":0,"comment_status":"open","ping_status":"closed","sticky":false,"template":"","format":"standard","meta":{"_bbp_topic_count":0,"_bbp_reply_count":0,"_bbp_total_topic_count":0,"_bbp_total_reply_count":0,"_bbp_voice_count":0,"_bbp_anonymous_reply_count":0,"_bbp_topic_count_hidden":0,"_bbp_reply_count_hidden":0,"_bbp_forum_subforum_count":0,"site-sidebar-layout":"default","site-content-layout":"","ast-site-content-layout":"","site-content-style":"default","site-sidebar-style":"default","ast-global-header-display":"","ast-banner-title-visibility":"","ast-main-header-display":"","ast-hfb-above-header-display":"","ast-hfb-below-header-display":"","ast-hfb-mobile-header-display":"","site-post-title":"","ast-breadcrumbs-content":"","ast-featured-img":"","footer-sml-layout":"","theme-transparent-header-meta":"","adv-header-id-meta":"","stick-header-meta":"","header-above-stick-meta":"","header-main-stick-meta":"","header-below-stick-meta":"","astra-migrate-meta-layouts":"default","ast-page-background-enabled":"default","ast-page-background-meta":{"desktop":{"background-color":"var(--ast-global-color-4)","background-image":"","background-repeat":"repeat","background-position":"center center","background-size":"auto","background-attachment":"scroll","background-type":"","background-media":"","overlay-type":"","overlay-color":"","overlay-opacity":"","overlay-gradient":""},"tablet":{"background-color":"","background-image":"","background-repeat":"repeat","background-position":"center center","background-size":"auto","background-attachment":"scroll","background-type":"","background-media":"","overlay-type":"","overlay-color":"","overlay-opacity":"","overlay-gradient":""},"mobile":{"background-color":"","background-image":"","background-repeat":"repeat","background-position":"center center","background-size":"auto","background-attachment":"scroll","background-type":"","background-media":"","overlay-type":"","overlay-color":"","overlay-opacity":"","overlay-gradient":""}},"ast-content-background-meta":{"desktop":{"background-color":"var(--ast-global-color-5)","background-image":"","background-repeat":"repeat","background-position":"center center","background-size":"auto","background-attachment":"scroll","background-type":"","background-media":"","overlay-type":"","overlay-color":"","overlay-opacity":"","overlay-gradient":""},"tablet":{"background-color":"var(--ast-global-color-5)","background-image":"","background-repeat":"repeat","background-position":"center center","background-size":"auto","background-attachment":"scroll","background-type":"","background-media":"","overlay-type":"","overlay-color":"","overlay-opacity":"","overlay-gradient":""},"mobile":{"background-color":"var(--ast-global-color-5)","background-image":"","background-repeat":"repeat","background-position":"center center","background-size":"auto","background-attachment":"scroll","background-type":"","background-media":"","overlay-type":"","overlay-color":"","overlay-opacity":"","overlay-gradient":""}},"footnotes":""},"categories":[1,29,308],"tags":[413,363,295],"class_list":["post-12095","post","type-post","status-publish","format-standard","hentry","category-general","category-portada","category-escoles-verdes","tag-escolesverdes","tag-escoles-verdes","tag-medi-ambient"],"post_mailing_queue_ids":[],"_links":{"self":[{"href":"https:\/\/serveiseducatius.xtec.cat\/pladurgell\/wp-json\/wp\/v2\/posts\/12095","targetHints":{"allow":["GET"]}}],"collection":[{"href":"https:\/\/serveiseducatius.xtec.cat\/pladurgell\/wp-json\/wp\/v2\/posts"}],"about":[{"href":"https:\/\/serveiseducatius.xtec.cat\/pladurgell\/wp-json\/wp\/v2\/types\/post"}],"author":[{"embeddable":true,"href":"https:\/\/serveiseducatius.xtec.cat\/pladurgell\/wp-json\/wp\/v2\/users\/1"}],"replies":[{"embeddable":true,"href":"https:\/\/serveiseducatius.xtec.cat\/pladurgell\/wp-json\/wp\/v2\/comments?post=12095"}],"version-history":[{"count":3,"href":"https:\/\/serveiseducatius.xtec.cat\/pladurgell\/wp-json\/wp\/v2\/posts\/12095\/revisions"}],"predecessor-version":[{"id":12116,"href":"https:\/\/serveiseducatius.xtec.cat\/pladurgell\/wp-json\/wp\/v2\/posts\/12095\/revisions\/12116"}],"wp:attachment":[{"href":"https:\/\/serveiseducatius.xtec.cat\/pladurgell\/wp-json\/wp\/v2\/media?parent=12095"}],"wp:term":[{"taxonomy":"category","embeddable":true,"href":"https:\/\/serveiseducatius.xtec.cat\/pladurgell\/wp-json\/wp\/v2\/categories?post=12095"},{"taxonomy":"post_tag","embeddable":true,"href":"https:\/\/serveiseducatius.xtec.cat\/pladurgell\/wp-json\/wp\/v2\/tags?post=12095"}],"curies":[{"name":"wp","href":"https:\/\/api.w.org\/{rel}","templated":true}]}}