{"id":11988,"date":"2020-08-31T10:22:54","date_gmt":"2020-08-31T08:22:54","guid":{"rendered":"http:\/\/serveiseducatius.xtec.cat\/pladurgell\/?p=11988"},"modified":"2020-09-04T12:17:56","modified_gmt":"2020-09-04T10:17:56","slug":"taller-dentorns-virtuals-daprenentatge","status":"publish","type":"post","link":"https:\/\/serveiseducatius.xtec.cat\/pladurgell\/general\/taller-dentorns-virtuals-daprenentatge\/","title":{"rendered":"Taller d&#8217;Entorns Virtuals d&#8217;Aprenentatge"},"content":{"rendered":"<p><a href=\"https:\/\/serveiseducatius.xtec.cat\/pladurgell\/wp-content\/uploads\/usu1141\/2020\/08\/EVA.jpg\"><img loading=\"lazy\" decoding=\"async\" class=\" wp-image-11993 aligncenter\" src=\"https:\/\/serveiseducatius.xtec.cat\/pladurgell\/wp-content\/uploads\/usu1141\/2020\/08\/EVA-300x201.jpg\" alt=\"\" width=\"303\" height=\"203\" srcset=\"https:\/\/serveiseducatius.xtec.cat\/pladurgell\/wp-content\/uploads\/usu1141\/2020\/08\/EVA-300x201.jpg 300w, https:\/\/serveiseducatius.xtec.cat\/pladurgell\/wp-content\/uploads\/usu1141\/2020\/08\/EVA.jpg 319w\" sizes=\"auto, (max-width: 303px) 100vw, 303px\" \/><\/a><\/p>\n<p style=\"text-align: justify;\">Coincidint amb l&#8217;inici del nou curs escolar, us presentem el primer taller internivells que hem organitzat des del CRP del Pla d&#8217;Urgell dins del Pla d&#8217;Educaci\u00f3 Digital a Catalunya. Es tracta d&#8217;una primera actuaci\u00f3 d&#8217;assessorament, formaci\u00f3 i seguiment de l&#8217;estrat\u00e8gia digital dels centres de la comarca, l&#8217;objectiu de la qual \u00e9s presentar i fer una introducci\u00f3 dels Entorns Virtuals d&#8217;Aprenentatge- <b>Moodle\u00a0i Classroom.<\/b><\/p>\n<p class=\"gmail_default\" style=\"text-align: justify;\">M\u00e9s informaci\u00f3 i inscripcions al seg\u00fcent enlla\u00e7 <strong>a partir de l&#8217;1 de setembre<\/strong>.<\/p>\n<p class=\"gmail_default\" style=\"text-align: justify;\"><strong><a href=\"https:\/\/aplicacions.gestioeducativa.gencat.cat\/pls\/soloas\/pk_for_mod_ins.p_for_detall_activitat?p_header=Llista%20d%27activitats%5Epk_for_mod_ins.p_for_cons_activitats?p_crp=607%26p_any=2020-2021%26p_totes=S%26p_inici=1%26p_excloure_crp_rec=T&amp;p_codi=6070340529&amp;p_curs=2020-2021&amp;p_excloure_crp_rec=T\" target=\"_blank\" rel=\"noopener noreferrer\" data-saferedirecturl=\"https:\/\/www.google.com\/url?q=https:\/\/aplicacions.gestioeducativa.gencat.cat\/pls\/soloas\/pk_for_mod_ins.p_for_detall_activitat?p_header%3DLlista%2520d%2527activitats%255Epk_for_mod_ins.p_for_cons_activitats?p_crp%3D607%2526p_any%3D2020-2021%2526p_totes%3DS%2526p_inici%3D1%2526p_excloure_crp_rec%3DT%26p_codi%3D6070340529%26p_curs%3D2020-2021%26p_excloure_crp_rec%3DT&amp;source=gmail&amp;ust=1598864258912000&amp;usg=AFQjCNEDRciQgJci4moT55PEcYo3xNf48Q\">6070340529\u00a0 Pla d&#8217;Educaci\u00f3 Digital a Catalunya- Formaci\u00f3 mentoritzada<\/a><\/strong><\/p>\n<p><!--more--><\/p>\n<p><b>Destinataris<\/b>: mestres d&#8217;educaci\u00f3 infantil i prim\u00e0ria i professorat d&#8217;educaci\u00f3 secund\u00e0ria.<br \/>\n<b>Format<\/b>: virtual<br \/>\n<b>Dates:<\/b> <b>3, 8 i 10 de setembre de 2020<\/b><br \/>\n<b>Horari: <\/b>De 16.30h a 18.30h<br \/>\n<b>Durada<\/b>: 10h distribu\u00efdes en 3 sessions de dues hores en format telem\u00e0tic i 4h d&#8217;altres requisits.<br \/>\n<b>Formadora<\/b>: Mariona Vall\u00e9s\u00a0Romero, mentora digital del nostre territori.<br \/>\n<b>Inscripcions<\/b>: Per aquesta formaci\u00f3 s&#8217;obrir\u00e0 un\u00a0<b>per\u00edode excepcional d&#8217;inscripci\u00f3 entre l&#8217;1 i el 3 de setembre.<\/b><\/p>\n","protected":false},"excerpt":{"rendered":"<p>Coincidint amb l&#8217;inici del nou curs escolar, us presentem el primer taller internivells que hem organitzat des del CRP del [&hellip;]<\/p>\n","protected":false},"author":1,"featured_media":0,"comment_status":"open","ping_status":"closed","sticky":false,"template":"","format":"standard","meta":{"_bbp_topic_count":0,"_bbp_reply_count":0,"_bbp_total_topic_count":0,"_bbp_total_reply_count":0,"_bbp_voice_count":0,"_bbp_anonymous_reply_count":0,"_bbp_topic_count_hidden":0,"_bbp_reply_count_hidden":0,"_bbp_forum_subforum_count":0,"site-sidebar-layout":"default","site-content-layout":"","ast-site-content-layout":"","site-content-style":"default","site-sidebar-style":"default","ast-global-header-display":"","ast-banner-title-visibility":"","ast-main-header-display":"","ast-hfb-above-header-display":"","ast-hfb-below-header-display":"","ast-hfb-mobile-header-display":"","site-post-title":"","ast-breadcrumbs-content":"","ast-featured-img":"","footer-sml-layout":"","theme-transparent-header-meta":"","adv-header-id-meta":"","stick-header-meta":"","header-above-stick-meta":"","header-main-stick-meta":"","header-below-stick-meta":"","astra-migrate-meta-layouts":"default","ast-page-background-enabled":"default","ast-page-background-meta":{"desktop":{"background-color":"var(--ast-global-color-4)","background-image":"","background-repeat":"repeat","background-position":"center center","background-size":"auto","background-attachment":"scroll","background-type":"","background-media":"","overlay-type":"","overlay-color":"","overlay-opacity":"","overlay-gradient":""},"tablet":{"background-color":"","background-image":"","background-repeat":"repeat","background-position":"center center","background-size":"auto","background-attachment":"scroll","background-type":"","background-media":"","overlay-type":"","overlay-color":"","overlay-opacity":"","overlay-gradient":""},"mobile":{"background-color":"","background-image":"","background-repeat":"repeat","background-position":"center center","background-size":"auto","background-attachment":"scroll","background-type":"","background-media":"","overlay-type":"","overlay-color":"","overlay-opacity":"","overlay-gradient":""}},"ast-content-background-meta":{"desktop":{"background-color":"var(--ast-global-color-5)","background-image":"","background-repeat":"repeat","background-position":"center center","background-size":"auto","background-attachment":"scroll","background-type":"","background-media":"","overlay-type":"","overlay-color":"","overlay-opacity":"","overlay-gradient":""},"tablet":{"background-color":"var(--ast-global-color-5)","background-image":"","background-repeat":"repeat","background-position":"center center","background-size":"auto","background-attachment":"scroll","background-type":"","background-media":"","overlay-type":"","overlay-color":"","overlay-opacity":"","overlay-gradient":""},"mobile":{"background-color":"var(--ast-global-color-5)","background-image":"","background-repeat":"repeat","background-position":"center center","background-size":"auto","background-attachment":"scroll","background-type":"","background-media":"","overlay-type":"","overlay-color":"","overlay-opacity":"","overlay-gradient":""}},"footnotes":""},"categories":[154,1,153,29],"tags":[163,172,179,409,226],"class_list":["post-11988","post","type-post","status-publish","format-standard","hentry","category-formacio","category-general","category-pfz","category-portada","tag-educacio-infantil","tag-educacio-primaria","tag-educacio-secundaria","tag-entorns-virtuals-daprenentatge","tag-formacio"],"post_mailing_queue_ids":[],"_links":{"self":[{"href":"https:\/\/serveiseducatius.xtec.cat\/pladurgell\/wp-json\/wp\/v2\/posts\/11988","targetHints":{"allow":["GET"]}}],"collection":[{"href":"https:\/\/serveiseducatius.xtec.cat\/pladurgell\/wp-json\/wp\/v2\/posts"}],"about":[{"href":"https:\/\/serveiseducatius.xtec.cat\/pladurgell\/wp-json\/wp\/v2\/types\/post"}],"author":[{"embeddable":true,"href":"https:\/\/serveiseducatius.xtec.cat\/pladurgell\/wp-json\/wp\/v2\/users\/1"}],"replies":[{"embeddable":true,"href":"https:\/\/serveiseducatius.xtec.cat\/pladurgell\/wp-json\/wp\/v2\/comments?post=11988"}],"version-history":[{"count":4,"href":"https:\/\/serveiseducatius.xtec.cat\/pladurgell\/wp-json\/wp\/v2\/posts\/11988\/revisions"}],"predecessor-version":[{"id":12057,"href":"https:\/\/serveiseducatius.xtec.cat\/pladurgell\/wp-json\/wp\/v2\/posts\/11988\/revisions\/12057"}],"wp:attachment":[{"href":"https:\/\/serveiseducatius.xtec.cat\/pladurgell\/wp-json\/wp\/v2\/media?parent=11988"}],"wp:term":[{"taxonomy":"category","embeddable":true,"href":"https:\/\/serveiseducatius.xtec.cat\/pladurgell\/wp-json\/wp\/v2\/categories?post=11988"},{"taxonomy":"post_tag","embeddable":true,"href":"https:\/\/serveiseducatius.xtec.cat\/pladurgell\/wp-json\/wp\/v2\/tags?post=11988"}],"curies":[{"name":"wp","href":"https:\/\/api.w.org\/{rel}","templated":true}]}}