{"id":11968,"date":"2020-07-14T14:16:21","date_gmt":"2020-07-14T12:16:21","guid":{"rendered":"http:\/\/serveiseducatius.xtec.cat\/pladurgell\/?p=11968"},"modified":"2020-08-31T11:04:30","modified_gmt":"2020-08-31T09:04:30","slug":"pla-de-formacio-de-zona-2020-2021","status":"publish","type":"post","link":"https:\/\/serveiseducatius.xtec.cat\/pladurgell\/general\/pla-de-formacio-de-zona-2020-2021\/","title":{"rendered":"Pla de Formaci\u00f3 de Zona 2020-2021"},"content":{"rendered":"<p>&nbsp;<\/p>\n<p><a href=\"https:\/\/serveiseducatius.xtec.cat\/pladurgell\/wp-content\/uploads\/usu1141\/2019\/10\/PFZ_gran_trans.png\"><img loading=\"lazy\" decoding=\"async\" class=\"aligncenter wp-image-10072\" src=\"https:\/\/serveiseducatius.xtec.cat\/pladurgell\/wp-content\/uploads\/usu1141\/2019\/10\/PFZ_gran_trans-300x247.png\" alt=\"\" width=\"219\" height=\"180\" srcset=\"https:\/\/serveiseducatius.xtec.cat\/pladurgell\/wp-content\/uploads\/usu1141\/2019\/10\/PFZ_gran_trans-300x247.png 300w, https:\/\/serveiseducatius.xtec.cat\/pladurgell\/wp-content\/uploads\/usu1141\/2019\/10\/PFZ_gran_trans-768x633.png 768w, https:\/\/serveiseducatius.xtec.cat\/pladurgell\/wp-content\/uploads\/usu1141\/2019\/10\/PFZ_gran_trans-1024x844.png 1024w, https:\/\/serveiseducatius.xtec.cat\/pladurgell\/wp-content\/uploads\/usu1141\/2019\/10\/PFZ_gran_trans.png 1772w\" sizes=\"auto, (max-width: 219px) 100vw, 219px\" \/><\/a><\/p>\n<p>Teniu a la vostra disposici\u00f3 el <a href=\"https:\/\/serveiseducatius.xtec.cat\/pladurgell\/formacio\/activitats\/\">llistat d&#8217;activitats aprovades del Pla de Formaci\u00f3 de Zona<\/a> per al curs 2020-2021.<\/p>\n<p>Les i<strong>nscripcions<\/strong> del primer torn es podran realitzar del <strong>14 al 24 de setembre de 2020<\/strong>.<\/p>\n<p>Les <strong>adjudicacions<\/strong> es podran consultar a partir del<strong> 9 d&#8217;octubre de 2020.<\/strong><\/p>\n<p>Us recordem que enguany hi ha <strong>activitats extraordin\u00e0ries per al primer trimestre<\/strong> que poden comen\u00e7ar a partir del 2 de setembre i la <strong>inscripci\u00f3 de les quals es dur\u00e0 a terme a partir de l&#8217;1 de setembre<\/strong>. \u00c9s el cas de les formacions mentoritzades de cultura digital ( assessoraments a centre, tallers a centre i tallers d&#8217;equips de centre:<\/p>\n<p>PDA2. Pla d&#8217;Educaci\u00f3 Digital de Catalunya- assessoria mentoritzada<\/p>\n<p>PDF1. Pla d&#8217;Educaci\u00f3 Digital de Catalunya- formaci\u00f3 mentoritzada<\/p>\n<p>&nbsp;<\/p>\n","protected":false},"excerpt":{"rendered":"<p>&nbsp; Teniu a la vostra disposici\u00f3 el llistat d&#8217;activitats aprovades del Pla de Formaci\u00f3 de Zona per al curs 2020-2021. [&hellip;]<\/p>\n","protected":false},"author":1,"featured_media":0,"comment_status":"open","ping_status":"closed","sticky":false,"template":"","format":"standard","meta":{"_bbp_topic_count":0,"_bbp_reply_count":0,"_bbp_total_topic_count":0,"_bbp_total_reply_count":0,"_bbp_voice_count":0,"_bbp_anonymous_reply_count":0,"_bbp_topic_count_hidden":0,"_bbp_reply_count_hidden":0,"_bbp_forum_subforum_count":0,"site-sidebar-layout":"default","site-content-layout":"","ast-site-content-layout":"","site-content-style":"default","site-sidebar-style":"default","ast-global-header-display":"","ast-banner-title-visibility":"","ast-main-header-display":"","ast-hfb-above-header-display":"","ast-hfb-below-header-display":"","ast-hfb-mobile-header-display":"","site-post-title":"","ast-breadcrumbs-content":"","ast-featured-img":"","footer-sml-layout":"","theme-transparent-header-meta":"","adv-header-id-meta":"","stick-header-meta":"","header-above-stick-meta":"","header-main-stick-meta":"","header-below-stick-meta":"","astra-migrate-meta-layouts":"default","ast-page-background-enabled":"default","ast-page-background-meta":{"desktop":{"background-color":"var(--ast-global-color-4)","background-image":"","background-repeat":"repeat","background-position":"center center","background-size":"auto","background-attachment":"scroll","background-type":"","background-media":"","overlay-type":"","overlay-color":"","overlay-opacity":"","overlay-gradient":""},"tablet":{"background-color":"","background-image":"","background-repeat":"repeat","background-position":"center center","background-size":"auto","background-attachment":"scroll","background-type":"","background-media":"","overlay-type":"","overlay-color":"","overlay-opacity":"","overlay-gradient":""},"mobile":{"background-color":"","background-image":"","background-repeat":"repeat","background-position":"center center","background-size":"auto","background-attachment":"scroll","background-type":"","background-media":"","overlay-type":"","overlay-color":"","overlay-opacity":"","overlay-gradient":""}},"ast-content-background-meta":{"desktop":{"background-color":"var(--ast-global-color-5)","background-image":"","background-repeat":"repeat","background-position":"center center","background-size":"auto","background-attachment":"scroll","background-type":"","background-media":"","overlay-type":"","overlay-color":"","overlay-opacity":"","overlay-gradient":""},"tablet":{"background-color":"var(--ast-global-color-5)","background-image":"","background-repeat":"repeat","background-position":"center center","background-size":"auto","background-attachment":"scroll","background-type":"","background-media":"","overlay-type":"","overlay-color":"","overlay-opacity":"","overlay-gradient":""},"mobile":{"background-color":"var(--ast-global-color-5)","background-image":"","background-repeat":"repeat","background-position":"center center","background-size":"auto","background-attachment":"scroll","background-type":"","background-media":"","overlay-type":"","overlay-color":"","overlay-opacity":"","overlay-gradient":""}},"footnotes":""},"categories":[154,1,153,29],"tags":[],"class_list":["post-11968","post","type-post","status-publish","format-standard","hentry","category-formacio","category-general","category-pfz","category-portada"],"post_mailing_queue_ids":[],"_links":{"self":[{"href":"https:\/\/serveiseducatius.xtec.cat\/pladurgell\/wp-json\/wp\/v2\/posts\/11968","targetHints":{"allow":["GET"]}}],"collection":[{"href":"https:\/\/serveiseducatius.xtec.cat\/pladurgell\/wp-json\/wp\/v2\/posts"}],"about":[{"href":"https:\/\/serveiseducatius.xtec.cat\/pladurgell\/wp-json\/wp\/v2\/types\/post"}],"author":[{"embeddable":true,"href":"https:\/\/serveiseducatius.xtec.cat\/pladurgell\/wp-json\/wp\/v2\/users\/1"}],"replies":[{"embeddable":true,"href":"https:\/\/serveiseducatius.xtec.cat\/pladurgell\/wp-json\/wp\/v2\/comments?post=11968"}],"version-history":[{"count":3,"href":"https:\/\/serveiseducatius.xtec.cat\/pladurgell\/wp-json\/wp\/v2\/posts\/11968\/revisions"}],"predecessor-version":[{"id":12005,"href":"https:\/\/serveiseducatius.xtec.cat\/pladurgell\/wp-json\/wp\/v2\/posts\/11968\/revisions\/12005"}],"wp:attachment":[{"href":"https:\/\/serveiseducatius.xtec.cat\/pladurgell\/wp-json\/wp\/v2\/media?parent=11968"}],"wp:term":[{"taxonomy":"category","embeddable":true,"href":"https:\/\/serveiseducatius.xtec.cat\/pladurgell\/wp-json\/wp\/v2\/categories?post=11968"},{"taxonomy":"post_tag","embeddable":true,"href":"https:\/\/serveiseducatius.xtec.cat\/pladurgell\/wp-json\/wp\/v2\/tags?post=11968"}],"curies":[{"name":"wp","href":"https:\/\/api.w.org\/{rel}","templated":true}]}}