{"id":11932,"date":"2020-06-26T10:23:28","date_gmt":"2020-06-26T08:23:28","guid":{"rendered":"http:\/\/serveiseducatius.xtec.cat\/pladurgell\/?p=11932"},"modified":"2021-09-15T14:14:09","modified_gmt":"2021-09-15T12:14:09","slug":"un-alumne-de-limstitut-terres-de-ponent-guanyador-del-premi-sambori-de-narrativa","status":"publish","type":"post","link":"https:\/\/serveiseducatius.xtec.cat\/pladurgell\/general\/un-alumne-de-limstitut-terres-de-ponent-guanyador-del-premi-sambori-de-narrativa\/","title":{"rendered":"Un alumne de l&#8217;Institut Terres de Ponent, guanyador del premi Sambori de Narrativa"},"content":{"rendered":"<p><a href=\"https:\/\/serveiseducatius.xtec.cat\/pladurgell\/wp-content\/uploads\/usu1141\/2020\/06\/Sambori.jpg\"><img loading=\"lazy\" decoding=\"async\" class=\"aligncenter wp-image-11933\" src=\"https:\/\/serveiseducatius.xtec.cat\/pladurgell\/wp-content\/uploads\/usu1141\/2020\/06\/Sambori.jpg\" alt=\"\" width=\"403\" height=\"116\" \/><\/a><\/p>\n<p style=\"text-align: justify;\">Felicitem tota la comunitat educatica de l&#8217;Institut Terres de Ponent de Mollerussa.!!!<\/p>\n<p style=\"text-align: justify;\">L\u2019estudiant de batxillerat d&#8217;aquest institut, Joel Lloret ha guanyat el Premi Sambori de Narrativa, amb l\u2019obra\u00a0 Anhel de venjan\u00e7a.<\/p>\n<p style=\"text-align: justify;\">Des del 2006,\u00a0\u00d2mnium Cultural\u00a0organitza i impulsa\u00a0el\u00a0<a href=\"http:\/\/www.sambori.net\/sambori-omnium\/\"><strong>Premi Sambori \u00d2mnium a Catalunya, Andorra i la Catalunya Nord,<\/strong><\/a><strong>\u00a0<\/strong>tot coordinant-se amb la Fundaci\u00f3 Sambori, que organitza aquest concurs des del 1998 al Pa\u00eds Valenci\u00e0. En la passada edici\u00f3 van participar en el premi 130.000 estudiants, una xifra que el converteix en la convocat\u00f2ria literari escolar amb m\u00e9s participaci\u00f3 d\u2019Europa.<br \/>\nEst\u00e0 dirigit a alumnes de prim\u00e0ria, secund\u00e0ria i batxillerat amb l\u2019objectiu de promoure la participaci\u00f3 en un projecte com\u00fa i difondre l\u2019\u00fas del catal\u00e0.<\/p>\n<p style=\"text-align: justify;\">L\u2019acte de lliurament del premi tindr\u00e0 lloc aquest divendres 26 de juny a les dotze del migdia a la Biblioteca de l\u2019institut, presidit per representants d\u2019\u00d2mnium Cultural, entitat que convoca el certamen, dirigit centres educatius.<a href=\"https:\/\/serveiseducatius.xtec.cat\/pladurgell\/wp-content\/uploads\/usu1141\/2020\/06\/Joel.jpg\"><img loading=\"lazy\" decoding=\"async\" class=\"wp-image-11934 aligncenter\" src=\"https:\/\/serveiseducatius.xtec.cat\/pladurgell\/wp-content\/uploads\/usu1141\/2020\/06\/Joel.jpg\" alt=\"\" width=\"275\" height=\"155\" srcset=\"https:\/\/serveiseducatius.xtec.cat\/pladurgell\/wp-content\/uploads\/usu1141\/2020\/06\/Joel.jpg 151w, https:\/\/serveiseducatius.xtec.cat\/pladurgell\/wp-content\/uploads\/usu1141\/2020\/06\/Joel-150x85.jpg 150w\" sizes=\"auto, (max-width: 275px) 100vw, 275px\" \/><\/a><\/p>\n<pre><sub>Imatge:Territoris.cat<\/sub><\/pre>\n<p>&nbsp;<\/p>\n<p><strong><a href=\"https:\/\/www.territoris.cat\/articulo\/pla-d39-urgell\/joel-lloret-l-ins-terres-ponent-mollerussa-guanya-sambori-narrativa\/20200625212111065686.html\">Territoris.cat<\/a><\/strong><\/p>\n<p><img loading=\"lazy\" decoding=\"async\" class=\"wp-image-10835 alignnone\" src=\"https:\/\/serveiseducatius.xtec.cat\/pladurgell\/wp-content\/uploads\/usu1141\/2020\/02\/Twiter.png\" alt=\"\" width=\"29\" height=\"29\" srcset=\"https:\/\/serveiseducatius.xtec.cat\/pladurgell\/wp-content\/uploads\/usu1141\/2020\/02\/Twiter.png 300w, https:\/\/serveiseducatius.xtec.cat\/pladurgell\/wp-content\/uploads\/usu1141\/2020\/02\/Twiter-150x150.png 150w\" sizes=\"auto, (max-width: 29px) 100vw, 29px\" \/><strong><a href=\"https:\/\/twitter.com\/hashtag\/PremiSamborideNarrativa?src=hash&amp;ref_src=twsrc%5Etfw%7Ctwcamp%5Eembeddedtimeline%7Ctwterm%5Eprofile%3Asepladurgell&amp;ref_url=https%3A%2F%2Fserveiseducatius.xtec.cat%2Fpladurgell%2F\">Twiter<\/a><\/strong><\/p>\n","protected":false},"excerpt":{"rendered":"<p>Felicitem tota la comunitat educatica de l&#8217;Institut Terres de Ponent de Mollerussa.!!! L\u2019estudiant de batxillerat d&#8217;aquest institut, Joel Lloret ha [&hellip;]<\/p>\n","protected":false},"author":1,"featured_media":0,"comment_status":"open","ping_status":"closed","sticky":false,"template":"","format":"standard","meta":{"_bbp_topic_count":0,"_bbp_reply_count":0,"_bbp_total_topic_count":0,"_bbp_total_reply_count":0,"_bbp_voice_count":0,"_bbp_anonymous_reply_count":0,"_bbp_topic_count_hidden":0,"_bbp_reply_count_hidden":0,"_bbp_forum_subforum_count":0,"site-sidebar-layout":"default","site-content-layout":"","ast-site-content-layout":"","site-content-style":"default","site-sidebar-style":"default","ast-global-header-display":"","ast-banner-title-visibility":"","ast-main-header-display":"","ast-hfb-above-header-display":"","ast-hfb-below-header-display":"","ast-hfb-mobile-header-display":"","site-post-title":"","ast-breadcrumbs-content":"","ast-featured-img":"","footer-sml-layout":"","theme-transparent-header-meta":"","adv-header-id-meta":"","stick-header-meta":"","header-above-stick-meta":"","header-main-stick-meta":"","header-below-stick-meta":"","astra-migrate-meta-layouts":"default","ast-page-background-enabled":"default","ast-page-background-meta":{"desktop":{"background-color":"var(--ast-global-color-4)","background-image":"","background-repeat":"repeat","background-position":"center center","background-size":"auto","background-attachment":"scroll","background-type":"","background-media":"","overlay-type":"","overlay-color":"","overlay-opacity":"","overlay-gradient":""},"tablet":{"background-color":"","background-image":"","background-repeat":"repeat","background-position":"center center","background-size":"auto","background-attachment":"scroll","background-type":"","background-media":"","overlay-type":"","overlay-color":"","overlay-opacity":"","overlay-gradient":""},"mobile":{"background-color":"","background-image":"","background-repeat":"repeat","background-position":"center center","background-size":"auto","background-attachment":"scroll","background-type":"","background-media":"","overlay-type":"","overlay-color":"","overlay-opacity":"","overlay-gradient":""}},"ast-content-background-meta":{"desktop":{"background-color":"var(--ast-global-color-5)","background-image":"","background-repeat":"repeat","background-position":"center center","background-size":"auto","background-attachment":"scroll","background-type":"","background-media":"","overlay-type":"","overlay-color":"","overlay-opacity":"","overlay-gradient":""},"tablet":{"background-color":"var(--ast-global-color-5)","background-image":"","background-repeat":"repeat","background-position":"center center","background-size":"auto","background-attachment":"scroll","background-type":"","background-media":"","overlay-type":"","overlay-color":"","overlay-opacity":"","overlay-gradient":""},"mobile":{"background-color":"var(--ast-global-color-5)","background-image":"","background-repeat":"repeat","background-position":"center center","background-size":"auto","background-attachment":"scroll","background-type":"","background-media":"","overlay-type":"","overlay-color":"","overlay-opacity":"","overlay-gradient":""}},"footnotes":""},"categories":[1,29,313],"tags":[387,179,291],"class_list":["post-11932","post","type-post","status-publish","format-standard","hentry","category-general","category-portada","category-practiques-educatives-de-referencia","tag-joemquedoacasa","tag-educacio-secundaria","tag-premis"],"post_mailing_queue_ids":[],"_links":{"self":[{"href":"https:\/\/serveiseducatius.xtec.cat\/pladurgell\/wp-json\/wp\/v2\/posts\/11932","targetHints":{"allow":["GET"]}}],"collection":[{"href":"https:\/\/serveiseducatius.xtec.cat\/pladurgell\/wp-json\/wp\/v2\/posts"}],"about":[{"href":"https:\/\/serveiseducatius.xtec.cat\/pladurgell\/wp-json\/wp\/v2\/types\/post"}],"author":[{"embeddable":true,"href":"https:\/\/serveiseducatius.xtec.cat\/pladurgell\/wp-json\/wp\/v2\/users\/1"}],"replies":[{"embeddable":true,"href":"https:\/\/serveiseducatius.xtec.cat\/pladurgell\/wp-json\/wp\/v2\/comments?post=11932"}],"version-history":[{"count":3,"href":"https:\/\/serveiseducatius.xtec.cat\/pladurgell\/wp-json\/wp\/v2\/posts\/11932\/revisions"}],"predecessor-version":[{"id":11946,"href":"https:\/\/serveiseducatius.xtec.cat\/pladurgell\/wp-json\/wp\/v2\/posts\/11932\/revisions\/11946"}],"wp:attachment":[{"href":"https:\/\/serveiseducatius.xtec.cat\/pladurgell\/wp-json\/wp\/v2\/media?parent=11932"}],"wp:term":[{"taxonomy":"category","embeddable":true,"href":"https:\/\/serveiseducatius.xtec.cat\/pladurgell\/wp-json\/wp\/v2\/categories?post=11932"},{"taxonomy":"post_tag","embeddable":true,"href":"https:\/\/serveiseducatius.xtec.cat\/pladurgell\/wp-json\/wp\/v2\/tags?post=11932"}],"curies":[{"name":"wp","href":"https:\/\/api.w.org\/{rel}","templated":true}]}}