{"id":11925,"date":"2020-06-25T10:56:48","date_gmt":"2020-06-25T08:56:48","guid":{"rendered":"http:\/\/serveiseducatius.xtec.cat\/pladurgell\/?p=11925"},"modified":"2020-11-19T17:06:42","modified_gmt":"2020-11-19T16:06:42","slug":"setmana-bio-a-lescola","status":"publish","type":"post","link":"https:\/\/serveiseducatius.xtec.cat\/pladurgell\/general\/setmana-bio-a-lescola\/","title":{"rendered":"Setmana Bio a l&#8217;Escola"},"content":{"rendered":"<p><a href=\"https:\/\/serveiseducatius.xtec.cat\/pladurgell\/wp-content\/uploads\/usu1141\/2020\/06\/setmana-bio.jpg\"><img loading=\"lazy\" decoding=\"async\" class=\"aligncenter wp-image-11926\" src=\"https:\/\/serveiseducatius.xtec.cat\/pladurgell\/wp-content\/uploads\/usu1141\/2020\/06\/setmana-bio-300x268.jpg\" alt=\"\" width=\"296\" height=\"264\" srcset=\"https:\/\/serveiseducatius.xtec.cat\/pladurgell\/wp-content\/uploads\/usu1141\/2020\/06\/setmana-bio-300x268.jpg 300w, https:\/\/serveiseducatius.xtec.cat\/pladurgell\/wp-content\/uploads\/usu1141\/2020\/06\/setmana-bio-768x686.jpg 768w, https:\/\/serveiseducatius.xtec.cat\/pladurgell\/wp-content\/uploads\/usu1141\/2020\/06\/setmana-bio-1024x915.jpg 1024w, https:\/\/serveiseducatius.xtec.cat\/pladurgell\/wp-content\/uploads\/usu1141\/2020\/06\/setmana-bio.jpg 1080w\" sizes=\"auto, (max-width: 296px) 100vw, 296px\" \/><\/a><\/p>\n<p style=\"text-align: justify;\">Del 17 al 25 d&#8217;octubre, tindr\u00e0 lloc la La <a href=\"http:\/\/setmanabio.cat\/setmana-bio\/\"><strong>Setmana Bio per l\u2019alimentaci\u00f3 ecol\u00f2gica<\/strong><\/a> \u00e9s un esdeveniment en qu\u00e8 se celebraren tot un conjunt d\u2019activitats per tot el territori catal\u00e0, amb l\u2019objectiu com\u00fa de promocionar i donar a con\u00e8ixer la producci\u00f3 i alimentaci\u00f3 ecol\u00f2giques entre la poblaci\u00f3.<\/p>\n<p style=\"text-align: justify;\">La\u00a0<a href=\"http:\/\/setmanabio.cat\/setmana-bio-escola\/\"><strong>Setmana Bio a l\u2019escola<\/strong><\/a>\u00a0\u00e9s l\u2019apartat de la\u00a0<strong>Setmana Bio per l\u2019alimentaci\u00f3 ecol\u00f2gica<\/strong> dedicat a la comunitat educativa. El seu objectiu \u00e9s donar a con\u00e8ixer la producci\u00f3 agr\u00e0ria i l\u2019alimentaci\u00f3 ecol\u00f2giques en l\u2019entorn educatiu, tant a l\u2019alumnat com a les fam\u00edlies, mitjan\u00e7ant un programa d\u2019activitats espec\u00edfiques. Al llarg d\u2019aquesta setmana tamb\u00e9 es lliuraren els guardons del <strong>Premi Escola, Agricultura i Alimentaci\u00f3 Ecol\u00f2gica. <\/strong>Poden optar al premi tots els centres educatius d\u2019educaci\u00f3 infantil, prim\u00e0ria, secund\u00e0ria, batxillerat, formaci\u00f3 professional, educaci\u00f3 especial i llar d\u2019infants de Catalunya, que hagin iniciat al llarg del curs escolar 2019-2020 un projecte o una experi\u00e8ncia pedag\u00f2gica relacionada amb la producci\u00f3 agr\u00e0ria o l\u2019alimentaci\u00f3 ecol\u00f2giques. El termini per a la <strong><a href=\"http:\/\/setmanabio.cat\/condicions-premi-escola\/\">presentaci\u00f3 de les candidatures<\/a><\/strong> va de l&#8217;1 de juny al 24 de juliol.<!--more--><\/p>\n<p style=\"text-align: justify;\">Les activitats de\u00a0<strong>Setmana Bio a l\u2019escola<\/strong>\u00a0les pot organitzar qualsevol centre educatiu de Catalunya que tingui inter\u00e8s, ja sigui centre d\u2019educaci\u00f3 infantil, prim\u00e0ria, secund\u00e0ria, batxillerat, educaci\u00f3 professional, educaci\u00f3 especial o llar d\u2019infants. Tamb\u00e9 poden organitzar activitats les associacions i entitats relacionades amb la comunitat educativa, com per exemple les AMPAs, biblioteques, entitats locals o qualsevol altra que tingui inter\u00e8s en fer-ho.<\/p>\n","protected":false},"excerpt":{"rendered":"<p>Del 17 al 25 d&#8217;octubre, tindr\u00e0 lloc la La Setmana Bio per l\u2019alimentaci\u00f3 ecol\u00f2gica \u00e9s un esdeveniment en qu\u00e8 se [&hellip;]<\/p>\n","protected":false},"author":1,"featured_media":0,"comment_status":"open","ping_status":"closed","sticky":false,"template":"","format":"standard","meta":{"_bbp_topic_count":0,"_bbp_reply_count":0,"_bbp_total_topic_count":0,"_bbp_total_reply_count":0,"_bbp_voice_count":0,"_bbp_anonymous_reply_count":0,"_bbp_topic_count_hidden":0,"_bbp_reply_count_hidden":0,"_bbp_forum_subforum_count":0,"site-sidebar-layout":"default","site-content-layout":"","ast-site-content-layout":"","site-content-style":"default","site-sidebar-style":"default","ast-global-header-display":"","ast-banner-title-visibility":"","ast-main-header-display":"","ast-hfb-above-header-display":"","ast-hfb-below-header-display":"","ast-hfb-mobile-header-display":"","site-post-title":"","ast-breadcrumbs-content":"","ast-featured-img":"","footer-sml-layout":"","theme-transparent-header-meta":"","adv-header-id-meta":"","stick-header-meta":"","header-above-stick-meta":"","header-main-stick-meta":"","header-below-stick-meta":"","astra-migrate-meta-layouts":"default","ast-page-background-enabled":"default","ast-page-background-meta":{"desktop":{"background-color":"var(--ast-global-color-4)","background-image":"","background-repeat":"repeat","background-position":"center center","background-size":"auto","background-attachment":"scroll","background-type":"","background-media":"","overlay-type":"","overlay-color":"","overlay-opacity":"","overlay-gradient":""},"tablet":{"background-color":"","background-image":"","background-repeat":"repeat","background-position":"center center","background-size":"auto","background-attachment":"scroll","background-type":"","background-media":"","overlay-type":"","overlay-color":"","overlay-opacity":"","overlay-gradient":""},"mobile":{"background-color":"","background-image":"","background-repeat":"repeat","background-position":"center center","background-size":"auto","background-attachment":"scroll","background-type":"","background-media":"","overlay-type":"","overlay-color":"","overlay-opacity":"","overlay-gradient":""}},"ast-content-background-meta":{"desktop":{"background-color":"var(--ast-global-color-5)","background-image":"","background-repeat":"repeat","background-position":"center center","background-size":"auto","background-attachment":"scroll","background-type":"","background-media":"","overlay-type":"","overlay-color":"","overlay-opacity":"","overlay-gradient":""},"tablet":{"background-color":"var(--ast-global-color-5)","background-image":"","background-repeat":"repeat","background-position":"center center","background-size":"auto","background-attachment":"scroll","background-type":"","background-media":"","overlay-type":"","overlay-color":"","overlay-opacity":"","overlay-gradient":""},"mobile":{"background-color":"var(--ast-global-color-5)","background-image":"","background-repeat":"repeat","background-position":"center center","background-size":"auto","background-attachment":"scroll","background-type":"","background-media":"","overlay-type":"","overlay-color":"","overlay-opacity":"","overlay-gradient":""}},"footnotes":""},"categories":[1,29,308,398],"tags":[387,289,163,172,179,363,295,291,317],"class_list":["post-11925","post","type-post","status-publish","format-standard","hentry","category-general","category-portada","category-escoles-verdes","category-sostenibilitat","tag-joemquedoacasa","tag-ciencies-naturals","tag-educacio-infantil","tag-educacio-primaria","tag-educacio-secundaria","tag-escoles-verdes","tag-medi-ambient","tag-premis","tag-recursos-en-linia"],"post_mailing_queue_ids":[],"_links":{"self":[{"href":"https:\/\/serveiseducatius.xtec.cat\/pladurgell\/wp-json\/wp\/v2\/posts\/11925","targetHints":{"allow":["GET"]}}],"collection":[{"href":"https:\/\/serveiseducatius.xtec.cat\/pladurgell\/wp-json\/wp\/v2\/posts"}],"about":[{"href":"https:\/\/serveiseducatius.xtec.cat\/pladurgell\/wp-json\/wp\/v2\/types\/post"}],"author":[{"embeddable":true,"href":"https:\/\/serveiseducatius.xtec.cat\/pladurgell\/wp-json\/wp\/v2\/users\/1"}],"replies":[{"embeddable":true,"href":"https:\/\/serveiseducatius.xtec.cat\/pladurgell\/wp-json\/wp\/v2\/comments?post=11925"}],"version-history":[{"count":2,"href":"https:\/\/serveiseducatius.xtec.cat\/pladurgell\/wp-json\/wp\/v2\/posts\/11925\/revisions"}],"predecessor-version":[{"id":11928,"href":"https:\/\/serveiseducatius.xtec.cat\/pladurgell\/wp-json\/wp\/v2\/posts\/11925\/revisions\/11928"}],"wp:attachment":[{"href":"https:\/\/serveiseducatius.xtec.cat\/pladurgell\/wp-json\/wp\/v2\/media?parent=11925"}],"wp:term":[{"taxonomy":"category","embeddable":true,"href":"https:\/\/serveiseducatius.xtec.cat\/pladurgell\/wp-json\/wp\/v2\/categories?post=11925"},{"taxonomy":"post_tag","embeddable":true,"href":"https:\/\/serveiseducatius.xtec.cat\/pladurgell\/wp-json\/wp\/v2\/tags?post=11925"}],"curies":[{"name":"wp","href":"https:\/\/api.w.org\/{rel}","templated":true}]}}