{"id":11870,"date":"2020-06-17T13:18:55","date_gmt":"2020-06-17T11:18:55","guid":{"rendered":"http:\/\/serveiseducatius.xtec.cat\/pladurgell\/?p=11870"},"modified":"2020-06-17T14:10:56","modified_gmt":"2020-06-17T12:10:56","slug":"xviii-jornada-de-la-xarxa-de-competencies-basiques","status":"publish","type":"post","link":"https:\/\/serveiseducatius.xtec.cat\/pladurgell\/general\/xviii-jornada-de-la-xarxa-de-competencies-basiques\/","title":{"rendered":"XVIII Jornada de la Xarxa de Compet\u00e8ncies Basiques"},"content":{"rendered":"<p><a href=\"https:\/\/serveiseducatius.xtec.cat\/pladurgell\/wp-content\/uploads\/usu1141\/2020\/06\/XVIII-jornada-CCBB.jpg\"><img loading=\"lazy\" decoding=\"async\" class=\"aligncenter wp-image-11871\" src=\"https:\/\/serveiseducatius.xtec.cat\/pladurgell\/wp-content\/uploads\/usu1141\/2020\/06\/XVIII-jornada-CCBB-300x146.jpg\" alt=\"\" width=\"298\" height=\"145\" srcset=\"https:\/\/serveiseducatius.xtec.cat\/pladurgell\/wp-content\/uploads\/usu1141\/2020\/06\/XVIII-jornada-CCBB-300x146.jpg 300w, https:\/\/serveiseducatius.xtec.cat\/pladurgell\/wp-content\/uploads\/usu1141\/2020\/06\/XVIII-jornada-CCBB.jpg 553w\" sizes=\"auto, (max-width: 298px) 100vw, 298px\" \/><\/a><\/p>\n<p style=\"text-align: justify;\">El <strong>divendres 3 de juliol de les 10 a les 12 del mat\u00ed<\/strong> celebrarem la XVIII Jornada anual de la Xarca de Compet\u00e8ncies b\u00e0siques, amb el lema <strong>&#8220;Passem el poder de l&#8217;avaluaci\u00f3 als aprenents&#8221;<\/strong>.La Jornada ser\u00e0 en format virtual i per aquest motiu no cal inscripci\u00f3 pr\u00e8via, la podreu seguir en directe pel\u00a0<a href=\"https:\/\/www.youtube.com\/watch?v=P-Az4fZlCUY&amp;feature=youtu.be\" target=\"_blank\" rel=\"noopener noreferrer\" data-saferedirecturl=\"https:\/\/www.google.com\/url?q=https:\/\/www.youtube.com\/watch?v%3DP-Az4fZlCUY%26feature%3Dyoutu.be&amp;source=gmail&amp;ust=1592478171027000&amp;usg=AFQjCNEwpT6Mrdy9rwJtbsYhpbO3J238cQ\"><strong>canal de youtube de la Xarxa C<\/strong>b.<\/a>\u00a0En\u00a0<strong><a href=\"https:\/\/blocs.xtec.cat\/18jornadaxarxacb\/\" target=\"_blank\" rel=\"noopener noreferrer\" data-saferedirecturl=\"https:\/\/www.google.com\/url?q=https:\/\/blocs.xtec.cat\/18jornadaxarxacb\/&amp;source=gmail&amp;ust=1592478171027000&amp;usg=AFQjCNEGcQEPLSNnUl_sQDseOXY6ScZgeQ\">aquest enlla\u00e7\u00a0<\/a><\/strong>trobareu tota la informaci\u00f3 i si voleu estar m\u00e9s informats i informades podeu omplir\u00a0<strong><a href=\"https:\/\/docs.google.com\/forms\/d\/e\/1FAIpQLSdum-5qqFflmNh2wCU1gTdzvTbnZaufuYoZ326HvxSx53pCoQ\/viewform\" target=\"_blank\" rel=\"noopener noreferrer\" data-saferedirecturl=\"https:\/\/www.google.com\/url?q=https:\/\/docs.google.com\/forms\/d\/e\/1FAIpQLSdum-5qqFflmNh2wCU1gTdzvTbnZaufuYoZ326HvxSx53pCoQ\/viewform&amp;source=gmail&amp;ust=1592478171027000&amp;usg=AFQjCNHT8qygxYRlzUxlitKK9rwsPgzNgQ\">aquest formulari.<\/a><\/strong><\/p>\n<p style=\"text-align: justify;\"><span class=\"style-scope yt-formatted-string\" dir=\"auto\" style=\"color: #000000;\">L\u2019objectiu de la jornada de la Xarxa Cb d\u2019enguany \u00e9s reflexionar sobre com podem passar el poder de l\u2019avaluaci\u00f3 als aprenents perqu\u00e8 siguin m\u00e9s conscients del que s\u2019espera d\u2019ells i d\u2019elles, s\u2019involucrin m\u00e9s en el propi aprenentatge i en les tasques escolars per mitj\u00e0 de processos d\u2019autoregulaci\u00f3 i adquireixen autonomia per prendre decisions sobre els passos a seguir. <\/span><span style=\"color: #000000;\"><a class=\"yt-simple-endpoint style-scope yt-formatted-string\" dir=\"auto\" style=\"color: #000000;\" spellcheck=\"false\" href=\"https:\/\/www.youtube.com\/results?search_query=%2318JornadaXCB\">#18JornadaXCB<\/a>.<\/span><!--more--><\/p>\n<p style=\"text-align: justify;\">Coneixerem el testimoni de companys i companyes de la Xarxa Cb sobre el que han fet i apr\u00e8s durant el curs en el seu equip impulsor, donarem veu als alumnes que ens explicaran com han viscut\u00a0aquest trimestre i sabrem\u00a0quines propostes ens fan per fer millor la nostra feina, sabrem l&#8217;opini\u00f3 de la Neus Sanmart\u00ed (UAB) sobre la import\u00e0ncia de compartir els objectius d&#8217;aprenentatge amb els aprenents, realitzarem una taula rodona amb el Fernando Hern\u00e1ndez (UB), el David Duran (UAB) i dues coordinadores de la Xarxa Cb sobre el present i el futur de l&#8217;escola, connectarem amb el Joan Mateo, president del Consell Superior d&#8217;avaluaci\u00f3 que ens compartir\u00e0 un estudi que avala els bons resultats dels centres de la Xarxa Cb per afavorir la millora dels aprenentatges dels seus alumnes, parlarem amb el David Duran sobre l&#8217;observaci\u00f3 entre iguals dels docents i per acabar tindrem les salutacions del Fernando Trujillo de la Universitat de Granada que ens va acompanyar en la Jornada de fa dos anys i del Miguel Angel Santos Guerra de la Universitat de M\u00e0laga que estar\u00e0 amb nosaltres en la Jornada anual del pr\u00f2xim curs.<\/p>\n","protected":false},"excerpt":{"rendered":"<p>El divendres 3 de juliol de les 10 a les 12 del mat\u00ed celebrarem la XVIII Jornada anual de la [&hellip;]<\/p>\n","protected":false},"author":1,"featured_media":0,"comment_status":"open","ping_status":"closed","sticky":false,"template":"","format":"standard","meta":{"_bbp_topic_count":0,"_bbp_reply_count":0,"_bbp_total_topic_count":0,"_bbp_total_reply_count":0,"_bbp_voice_count":0,"_bbp_anonymous_reply_count":0,"_bbp_topic_count_hidden":0,"_bbp_reply_count_hidden":0,"_bbp_forum_subforum_count":0,"site-sidebar-layout":"default","site-content-layout":"","ast-site-content-layout":"","site-content-style":"default","site-sidebar-style":"default","ast-global-header-display":"","ast-banner-title-visibility":"","ast-main-header-display":"","ast-hfb-above-header-display":"","ast-hfb-below-header-display":"","ast-hfb-mobile-header-display":"","site-post-title":"","ast-breadcrumbs-content":"","ast-featured-img":"","footer-sml-layout":"","theme-transparent-header-meta":"","adv-header-id-meta":"","stick-header-meta":"","header-above-stick-meta":"","header-main-stick-meta":"","header-below-stick-meta":"","astra-migrate-meta-layouts":"default","ast-page-background-enabled":"default","ast-page-background-meta":{"desktop":{"background-color":"var(--ast-global-color-4)","background-image":"","background-repeat":"repeat","background-position":"center center","background-size":"auto","background-attachment":"scroll","background-type":"","background-media":"","overlay-type":"","overlay-color":"","overlay-opacity":"","overlay-gradient":""},"tablet":{"background-color":"","background-image":"","background-repeat":"repeat","background-position":"center center","background-size":"auto","background-attachment":"scroll","background-type":"","background-media":"","overlay-type":"","overlay-color":"","overlay-opacity":"","overlay-gradient":""},"mobile":{"background-color":"","background-image":"","background-repeat":"repeat","background-position":"center center","background-size":"auto","background-attachment":"scroll","background-type":"","background-media":"","overlay-type":"","overlay-color":"","overlay-opacity":"","overlay-gradient":""}},"ast-content-background-meta":{"desktop":{"background-color":"var(--ast-global-color-5)","background-image":"","background-repeat":"repeat","background-position":"center center","background-size":"auto","background-attachment":"scroll","background-type":"","background-media":"","overlay-type":"","overlay-color":"","overlay-opacity":"","overlay-gradient":""},"tablet":{"background-color":"var(--ast-global-color-5)","background-image":"","background-repeat":"repeat","background-position":"center center","background-size":"auto","background-attachment":"scroll","background-type":"","background-media":"","overlay-type":"","overlay-color":"","overlay-opacity":"","overlay-gradient":""},"mobile":{"background-color":"var(--ast-global-color-5)","background-image":"","background-repeat":"repeat","background-position":"center center","background-size":"auto","background-attachment":"scroll","background-type":"","background-media":"","overlay-type":"","overlay-color":"","overlay-opacity":"","overlay-gradient":""}},"footnotes":""},"categories":[1,29,344],"tags":[387,194,326],"class_list":["post-11870","post","type-post","status-publish","format-standard","hentry","category-general","category-portada","category-xarxa-c","tag-joemquedoacasa","tag-avaluacio","tag-xarxa-competencies-basiques"],"post_mailing_queue_ids":[],"_links":{"self":[{"href":"https:\/\/serveiseducatius.xtec.cat\/pladurgell\/wp-json\/wp\/v2\/posts\/11870","targetHints":{"allow":["GET"]}}],"collection":[{"href":"https:\/\/serveiseducatius.xtec.cat\/pladurgell\/wp-json\/wp\/v2\/posts"}],"about":[{"href":"https:\/\/serveiseducatius.xtec.cat\/pladurgell\/wp-json\/wp\/v2\/types\/post"}],"author":[{"embeddable":true,"href":"https:\/\/serveiseducatius.xtec.cat\/pladurgell\/wp-json\/wp\/v2\/users\/1"}],"replies":[{"embeddable":true,"href":"https:\/\/serveiseducatius.xtec.cat\/pladurgell\/wp-json\/wp\/v2\/comments?post=11870"}],"version-history":[{"count":3,"href":"https:\/\/serveiseducatius.xtec.cat\/pladurgell\/wp-json\/wp\/v2\/posts\/11870\/revisions"}],"predecessor-version":[{"id":11884,"href":"https:\/\/serveiseducatius.xtec.cat\/pladurgell\/wp-json\/wp\/v2\/posts\/11870\/revisions\/11884"}],"wp:attachment":[{"href":"https:\/\/serveiseducatius.xtec.cat\/pladurgell\/wp-json\/wp\/v2\/media?parent=11870"}],"wp:term":[{"taxonomy":"category","embeddable":true,"href":"https:\/\/serveiseducatius.xtec.cat\/pladurgell\/wp-json\/wp\/v2\/categories?post=11870"},{"taxonomy":"post_tag","embeddable":true,"href":"https:\/\/serveiseducatius.xtec.cat\/pladurgell\/wp-json\/wp\/v2\/tags?post=11870"}],"curies":[{"name":"wp","href":"https:\/\/api.w.org\/{rel}","templated":true}]}}