{"id":11843,"date":"2020-06-09T20:43:12","date_gmt":"2020-06-09T18:43:12","guid":{"rendered":"http:\/\/serveiseducatius.xtec.cat\/pladurgell\/?p=11843"},"modified":"2020-11-19T17:55:51","modified_gmt":"2020-11-19T16:55:51","slug":"3r-butlleti-digital-del-bdr-la-lectura-font-de-plaer-i-coneixement","status":"publish","type":"post","link":"https:\/\/serveiseducatius.xtec.cat\/pladurgell\/portada\/3r-butlleti-digital-del-bdr-la-lectura-font-de-plaer-i-coneixement\/","title":{"rendered":"3r Butllet\u00ed digital del BDR: La lectura, font de plaer i coneixement"},"content":{"rendered":"<div><\/div>\n<div><a href=\"https:\/\/serveiseducatius.xtec.cat\/pladurgell\/wp-content\/uploads\/usu1141\/2018\/05\/actualitat-412X412-bdr-nou-format.png_1595044798.png\"><img loading=\"lazy\" decoding=\"async\" class=\"aligncenter size-medium wp-image-9028\" src=\"https:\/\/serveiseducatius.xtec.cat\/pladurgell\/wp-content\/uploads\/usu1141\/2018\/05\/actualitat-412X412-bdr-nou-format.png_1595044798-300x300.png\" alt=\"\" width=\"300\" height=\"300\" srcset=\"https:\/\/serveiseducatius.xtec.cat\/pladurgell\/wp-content\/uploads\/usu1141\/2018\/05\/actualitat-412X412-bdr-nou-format.png_1595044798-300x300.png 300w, https:\/\/serveiseducatius.xtec.cat\/pladurgell\/wp-content\/uploads\/usu1141\/2018\/05\/actualitat-412X412-bdr-nou-format.png_1595044798-150x150.png 150w, https:\/\/serveiseducatius.xtec.cat\/pladurgell\/wp-content\/uploads\/usu1141\/2018\/05\/actualitat-412X412-bdr-nou-format.png_1595044798.png 538w\" sizes=\"auto, (max-width: 300px) 100vw, 300px\" \/><\/a><\/div>\n<div><\/div>\n<p>S&#8217;ha publicat el\u00a0<b>3r butllet\u00ed digital<\/b> del <i>Banc de recursos: La lectura, font de plaer i coneixement<\/i> (<b>juny 2020<\/b>) molt recomanable tat per al professorat com per a les fam\u00edlies.<\/p>\n<p><a href=\"https:\/\/sites.google.com\/a\/xtec.cat\/butlleti-bdr\/\" target=\"_blank\" rel=\"noopener noreferrer\" data-saferedirecturl=\"https:\/\/www.google.com\/url?q=https:\/\/sites.google.com\/a\/xtec.cat\/butlleti-bdr\/&amp;source=gmail&amp;ust=1591786287841000&amp;usg=AFQjCNF4O7Ko5SFN42879yYFrcbGRI3dVg\">Acc\u00e9s al BDR<\/a>.<\/p>\n<p>Destaquem els recursos seg\u00fcents:<\/p>\n<p>&#8211; <a href=\"https:\/\/www.rosasensat.org\/el-dol-i-la-perdua-seleccio-de-llibres-per-llegir-mirar-i-parlar-a-educacio-infantil-i-primaria\/\" target=\"_blank\" rel=\"noopener noreferrer\" data-saferedirecturl=\"https:\/\/www.google.com\/url?q=https:\/\/www.rosasensat.org\/el-dol-i-la-perdua-seleccio-de-llibres-per-llegir-mirar-i-parlar-a-educacio-infantil-i-primaria\/&amp;source=gmail&amp;ust=1591786287841000&amp;usg=AFQjCNHC-WxAIc2BXgns6eCdsSRNKsJoTw\">EL DOL I LA P\u00c8RDUA<\/a>: Selecci\u00f3 de llibres per llegir, mirar i parlar de la mort a Educaci\u00f3 Infantil i Prim\u00e0ria, elaborada per la Biblioteca Rosa Sensat, amb l&#8217;objectiu de proporcionar als infants una visi\u00f3 molt ampla del m\u00f3n a trav\u00e9s dels referents literaris i la seva lectura.<\/p>\n<p>&#8211; <a href=\"https:\/\/drive.google.com\/file\/d\/1UNdJovNCdAbqhK0KMwJkvxxqgs-_qLnR\/view\" target=\"_blank\" rel=\"noopener noreferrer\" data-saferedirecturl=\"https:\/\/www.google.com\/url?q=https:\/\/drive.google.com\/file\/d\/1UNdJovNCdAbqhK0KMwJkvxxqgs-_qLnR\/view&amp;source=gmail&amp;ust=1591786287841000&amp;usg=AFQjCNEOU3cKsd58neMt7Yvqq4rmVA4shg\">RECOMANACIONS ESTIU 2020<\/a>: Quinze lectures per a l&#8217;alumnat d&#8217;Educaci\u00f3 secund\u00e0ria i Batxillerat que inclouen les que s&#8217;han seleccionat per al concurs Protagonista Jove, m\u00e9s algunes propostes m\u00e9s.<\/p>\n","protected":false},"excerpt":{"rendered":"<p>S&#8217;ha publicat el\u00a03r butllet\u00ed digital del Banc de recursos: La lectura, font de plaer i coneixement (juny 2020) molt recomanable [&hellip;]<\/p>\n","protected":false},"author":1,"featured_media":0,"comment_status":"open","ping_status":"closed","sticky":false,"template":"","format":"standard","meta":{"_bbp_topic_count":0,"_bbp_reply_count":0,"_bbp_total_topic_count":0,"_bbp_total_reply_count":0,"_bbp_voice_count":0,"_bbp_anonymous_reply_count":0,"_bbp_topic_count_hidden":0,"_bbp_reply_count_hidden":0,"_bbp_forum_subforum_count":0,"site-sidebar-layout":"default","site-content-layout":"","ast-site-content-layout":"","site-content-style":"default","site-sidebar-style":"default","ast-global-header-display":"","ast-banner-title-visibility":"","ast-main-header-display":"","ast-hfb-above-header-display":"","ast-hfb-below-header-display":"","ast-hfb-mobile-header-display":"","site-post-title":"","ast-breadcrumbs-content":"","ast-featured-img":"","footer-sml-layout":"","theme-transparent-header-meta":"","adv-header-id-meta":"","stick-header-meta":"","header-above-stick-meta":"","header-main-stick-meta":"","header-below-stick-meta":"","astra-migrate-meta-layouts":"default","ast-page-background-enabled":"default","ast-page-background-meta":{"desktop":{"background-color":"var(--ast-global-color-4)","background-image":"","background-repeat":"repeat","background-position":"center center","background-size":"auto","background-attachment":"scroll","background-type":"","background-media":"","overlay-type":"","overlay-color":"","overlay-opacity":"","overlay-gradient":""},"tablet":{"background-color":"","background-image":"","background-repeat":"repeat","background-position":"center center","background-size":"auto","background-attachment":"scroll","background-type":"","background-media":"","overlay-type":"","overlay-color":"","overlay-opacity":"","overlay-gradient":""},"mobile":{"background-color":"","background-image":"","background-repeat":"repeat","background-position":"center center","background-size":"auto","background-attachment":"scroll","background-type":"","background-media":"","overlay-type":"","overlay-color":"","overlay-opacity":"","overlay-gradient":""}},"ast-content-background-meta":{"desktop":{"background-color":"var(--ast-global-color-5)","background-image":"","background-repeat":"repeat","background-position":"center center","background-size":"auto","background-attachment":"scroll","background-type":"","background-media":"","overlay-type":"","overlay-color":"","overlay-opacity":"","overlay-gradient":""},"tablet":{"background-color":"var(--ast-global-color-5)","background-image":"","background-repeat":"repeat","background-position":"center center","background-size":"auto","background-attachment":"scroll","background-type":"","background-media":"","overlay-type":"","overlay-color":"","overlay-opacity":"","overlay-gradient":""},"mobile":{"background-color":"var(--ast-global-color-5)","background-image":"","background-repeat":"repeat","background-position":"center center","background-size":"auto","background-attachment":"scroll","background-type":"","background-media":"","overlay-type":"","overlay-color":"","overlay-opacity":"","overlay-gradient":""}},"footnotes":""},"categories":[293,29],"tags":[387,147,100],"class_list":["post-11843","post","type-post","status-publish","format-standard","hentry","category-lectura","category-portada","tag-joemquedoacasa","tag-el-gust-per-la-lectura","tag-lectura"],"post_mailing_queue_ids":[],"_links":{"self":[{"href":"https:\/\/serveiseducatius.xtec.cat\/pladurgell\/wp-json\/wp\/v2\/posts\/11843","targetHints":{"allow":["GET"]}}],"collection":[{"href":"https:\/\/serveiseducatius.xtec.cat\/pladurgell\/wp-json\/wp\/v2\/posts"}],"about":[{"href":"https:\/\/serveiseducatius.xtec.cat\/pladurgell\/wp-json\/wp\/v2\/types\/post"}],"author":[{"embeddable":true,"href":"https:\/\/serveiseducatius.xtec.cat\/pladurgell\/wp-json\/wp\/v2\/users\/1"}],"replies":[{"embeddable":true,"href":"https:\/\/serveiseducatius.xtec.cat\/pladurgell\/wp-json\/wp\/v2\/comments?post=11843"}],"version-history":[{"count":3,"href":"https:\/\/serveiseducatius.xtec.cat\/pladurgell\/wp-json\/wp\/v2\/posts\/11843\/revisions"}],"predecessor-version":[{"id":11846,"href":"https:\/\/serveiseducatius.xtec.cat\/pladurgell\/wp-json\/wp\/v2\/posts\/11843\/revisions\/11846"}],"wp:attachment":[{"href":"https:\/\/serveiseducatius.xtec.cat\/pladurgell\/wp-json\/wp\/v2\/media?parent=11843"}],"wp:term":[{"taxonomy":"category","embeddable":true,"href":"https:\/\/serveiseducatius.xtec.cat\/pladurgell\/wp-json\/wp\/v2\/categories?post=11843"},{"taxonomy":"post_tag","embeddable":true,"href":"https:\/\/serveiseducatius.xtec.cat\/pladurgell\/wp-json\/wp\/v2\/tags?post=11843"}],"curies":[{"name":"wp","href":"https:\/\/api.w.org\/{rel}","templated":true}]}}