{"id":11795,"date":"2020-06-04T12:00:22","date_gmt":"2020-06-04T10:00:22","guid":{"rendered":"http:\/\/serveiseducatius.xtec.cat\/pladurgell\/?p=11795"},"modified":"2020-06-05T15:34:05","modified_gmt":"2020-06-05T13:34:05","slug":"convocatoria-extraordinaria-programes-dinnovacio-pedagogica","status":"publish","type":"post","link":"https:\/\/serveiseducatius.xtec.cat\/pladurgell\/general\/convocatoria-extraordinaria-programes-dinnovacio-pedagogica\/","title":{"rendered":"Convocat\u00f2ria  extraordin\u00e0ria Programes d&#8217;Innovaci\u00f3 pedag\u00f2gica"},"content":{"rendered":"<p style=\"font-weight: 400; text-align: justify;\"><a href=\"https:\/\/serveiseducatius.xtec.cat\/pladurgell\/wp-content\/uploads\/usu1141\/2020\/06\/Programes-innovaci\u00f3.jpg\"><img loading=\"lazy\" decoding=\"async\" class=\"aligncenter  wp-image-11826\" src=\"https:\/\/serveiseducatius.xtec.cat\/pladurgell\/wp-content\/uploads\/usu1141\/2020\/06\/Programes-innovaci\u00f3.jpg\" alt=\"\" width=\"205\" height=\"205\" srcset=\"https:\/\/serveiseducatius.xtec.cat\/pladurgell\/wp-content\/uploads\/usu1141\/2020\/06\/Programes-innovaci\u00f3.jpg 271w, https:\/\/serveiseducatius.xtec.cat\/pladurgell\/wp-content\/uploads\/usu1141\/2020\/06\/Programes-innovaci\u00f3-150x150.jpg 150w\" sizes=\"auto, (max-width: 205px) 100vw, 205px\" \/><\/a><br \/>\nAvui 4 de juny, s&#8217;obre una convocat\u00f2ria extraordin\u00e0ria perqu\u00e8 els centres educatius puguin participar en<strong style=\"font-weight: 400;\"> Programes d&#8217;innovaci\u00f3 pedag\u00f2gica.<\/strong> La\u00a0 del mes de mar\u00e7 ha estat desconvocada definitivament donada la situaci\u00f3 creada per la COVID-19. Els programes que obren convocat\u00f2ria s\u00f3n:<\/p>\n<ul style=\"font-weight: 400; text-align: justify;\">\n<li>Per a ensenyaments d\u2019educaci\u00f3 infantil, prim\u00e0ria, secund\u00e0ria i\/o batxillerat. <strong>Termini de presentaci\u00f3 de sol\u00b7licituds fins al 31 de juliol de 2020.<\/strong>\n<ul>\n<li style=\"text-align: justify;\"><a href=\"http:\/\/xtec.gencat.cat\/ca\/projectes\/ensenyaments-artistics\/araART\/\" data-saferedirecturl=\"https:\/\/www.google.com\/url?q=http:\/\/xtec.gencat.cat\/ca\/projectes\/ensenyaments-artistics\/araART\/&amp;source=gmail&amp;ust=1591348934768000&amp;usg=AFQjCNHt7Mtfyc8SnILaBxvpqPUTl7rWIQ\">AraArt<\/a>. Modalitat A.<\/li>\n<li style=\"text-align: justify;\"><a href=\"https:\/\/magnet.cat\/\" data-saferedirecturl=\"https:\/\/www.google.com\/url?q=https:\/\/magnet.cat\/&amp;source=gmail&amp;ust=1591348934768000&amp;usg=AFQjCNHA11gaBbmlXkZUl1-tofgB56SJ8A\">Magnet<\/a><\/li>\n<li style=\"text-align: justify;\"><a href=\"http:\/\/xtec.gencat.cat\/ca\/curriculum\/xarxacb\/\" data-saferedirecturl=\"https:\/\/www.google.com\/url?q=http:\/\/xtec.gencat.cat\/ca\/curriculum\/xarxacb\/&amp;source=gmail&amp;ust=1591348934768000&amp;usg=AFQjCNGakw0ZwAYij-KxSmjfQ6LzME3QiA\">Xarxa de Compet\u00e8ncies B\u00e0sique<\/a>s<\/li>\n<\/ul>\n<\/li>\n<\/ul>\n<p><!--more--><\/p>\n<ul style=\"font-weight: 400; text-align: justify;\">\n<li>Per a ensenyaments de Formaci\u00f3 Professional.\u00a0<strong>Termini de presentaci\u00f3 de sol\u00b7licituds fins al 3 de juliol de 2020.<\/strong>\n<ul>\n<li><a href=\"http:\/\/educacio.gencat.cat\/portal\/page\/portal\/Educacio\/PCentrePrivat\/PCPInici\/PCPInnovacioPedagogica\/ActivaFP\" data-saferedirecturl=\"https:\/\/www.google.com\/url?q=http:\/\/educacio.gencat.cat\/portal\/page\/portal\/Educacio\/PCentrePrivat\/PCPInici\/PCPInnovacioPedagogica\/ActivaFP&amp;source=gmail&amp;ust=1591348934768000&amp;usg=AFQjCNFcff4SCWBdwPAVJ-K3TFxRcLGVJQ\">ActivaFP<\/a><\/li>\n<li><a href=\"https:\/\/projectes.xtec.cat\/impulsfp\/categoria\/impulsfp\/emprenfp\/\" data-saferedirecturl=\"https:\/\/www.google.com\/url?q=https:\/\/projectes.xtec.cat\/impulsfp\/categoria\/impulsfp\/emprenfp\/&amp;source=gmail&amp;ust=1591348934768000&amp;usg=AFQjCNEO907UWA93s8jfw9U5iHz-yKUjaA\">Empr\u00e8nFP<\/a><\/li>\n<li><a href=\"https:\/\/projectes.xtec.cat\/empresafp\/\" data-saferedirecturl=\"https:\/\/www.google.com\/url?q=https:\/\/projectes.xtec.cat\/empresafp\/&amp;source=gmail&amp;ust=1591348934768000&amp;usg=AFQjCNG7tDNQ9mfJP1nfecOR6okjXtKTjA\">EmpresaFP<\/a><\/li>\n<li><a href=\"http:\/\/xtec.gencat.cat\/ca\/innovacio\/programes_innovacio\/fp\/transferencia\/\" data-saferedirecturl=\"https:\/\/www.google.com\/url?q=http:\/\/xtec.gencat.cat\/ca\/innovacio\/programes_innovacio\/fp\/transferencia\/&amp;source=gmail&amp;ust=1591348934768000&amp;usg=AFQjCNHnh_dDFkEevlSOyCoCC9XJOPxgqA\">InnovaFP<\/a><\/li>\n<li><a href=\"https:\/\/projectes.xtec.cat\/mobilitatfp\/inici\/?_ga=2.257098243.944762598.1583132289-490588994.1583132289\" data-saferedirecturl=\"https:\/\/www.google.com\/url?q=https:\/\/projectes.xtec.cat\/mobilitatfp\/inici\/?_ga%3D2.257098243.944762598.1583132289-490588994.1583132289&amp;source=gmail&amp;ust=1591348934768000&amp;usg=AFQjCNHQPJ_M6TUhmjeni7vQAsGF9tUpVQ\">Mobilitat formativa i cooperaci\u00f3 europea i internacional en els ensenyaments professionals<\/a><\/li>\n<li><a href=\"https:\/\/projectes.xtec.cat\/impulsfp\/categoria\/impulsfp\/orientafp\/\" data-saferedirecturl=\"https:\/\/www.google.com\/url?q=https:\/\/projectes.xtec.cat\/impulsfp\/categoria\/impulsfp\/orientafp\/&amp;source=gmail&amp;ust=1591348934768000&amp;usg=AFQjCNFUx11SMQ-YdTPrbU-J9EGv8pxW9w\">OrientaFP<\/a><\/li>\n<li><a href=\"http:\/\/educacio.gencat.cat\/portal\/page\/portal\/Educacio\/PCentrePrivat\/PCPInici\/PCPInnovacioPedagogica\/ErasmuFPRE\" data-saferedirecturl=\"https:\/\/www.google.com\/url?q=http:\/\/educacio.gencat.cat\/portal\/page\/portal\/Educacio\/PCentrePrivat\/PCPInici\/PCPInnovacioPedagogica\/ErasmuFPRE&amp;source=gmail&amp;ust=1591348934768000&amp;usg=AFQjCNFyrQr0yBytC5GpxIWb-T1bD2e76w\">Reconeixement Erasmus +<\/a><\/li>\n<\/ul>\n<\/li>\n<li>Per a ensenyaments de R\u00e8gim Especial. <strong>Termini de presentaci\u00f3 de sol\u00b7licituds fins al 31 de juliol de 2020.<\/strong>\n<ul>\n<li>\u00a0<a href=\"http:\/\/ensenyament.gencat.cat\/ca\/arees-actuacio\/centres-serveis-educatius\/programes-innovacio-pedagogica\/talent-creatiu-empresa\" data-saferedirecturl=\"https:\/\/www.google.com\/url?q=http:\/\/ensenyament.gencat.cat\/ca\/arees-actuacio\/centres-serveis-educatius\/programes-innovacio-pedagogica\/talent-creatiu-empresa&amp;source=gmail&amp;ust=1591348934769000&amp;usg=AFQjCNGYSQl6hU9ysX0lMLu-N-6fbX60wg\">Talent creatiu i empresa<\/a><\/li>\n<\/ul>\n<\/li>\n<\/ul>\n<p><!--more--><\/p>\n<p><!--more--><\/p>\n<p style=\"text-align: justify;\">\u00a0<span style=\"font-weight: 400;\">Els centres educatius poden sol\u00b7licitar la participaci\u00f3 en alguns dels programes ofertats a trav\u00e9s de l\u2019<strong><a href=\"https:\/\/espai.educacio.gencat.cat\/Centres\/Innovacio-pedagogica\/Pagines\/default.aspx\">apartat d\u2019innovaci\u00f3 pedag\u00f2gica<\/a><\/strong> del\u00a0 portal de centre.<\/span><\/p>\n<p style=\"font-weight: 400; text-align: justify;\">Per a m\u00e9s informaci\u00f3n respecte a la convocatoria us podeu dirigir al <strong><a href=\"http:\/\/xtec.gencat.cat\/ca\/innovacio\/convocatoria-programes-innovacio\/\">Portal XTEC.<\/a><\/strong><\/p>\n","protected":false},"excerpt":{"rendered":"<p>Avui 4 de juny, s&#8217;obre una convocat\u00f2ria extraordin\u00e0ria perqu\u00e8 els centres educatius puguin participar en Programes d&#8217;innovaci\u00f3 pedag\u00f2gica. La\u00a0 del [&hellip;]<\/p>\n","protected":false},"author":1,"featured_media":0,"comment_status":"open","ping_status":"closed","sticky":false,"template":"","format":"standard","meta":{"_bbp_topic_count":0,"_bbp_reply_count":0,"_bbp_total_topic_count":0,"_bbp_total_reply_count":0,"_bbp_voice_count":0,"_bbp_anonymous_reply_count":0,"_bbp_topic_count_hidden":0,"_bbp_reply_count_hidden":0,"_bbp_forum_subforum_count":0,"site-sidebar-layout":"default","site-content-layout":"","ast-site-content-layout":"","site-content-style":"default","site-sidebar-style":"default","ast-global-header-display":"","ast-banner-title-visibility":"","ast-main-header-display":"","ast-hfb-above-header-display":"","ast-hfb-below-header-display":"","ast-hfb-mobile-header-display":"","site-post-title":"","ast-breadcrumbs-content":"","ast-featured-img":"","footer-sml-layout":"","theme-transparent-header-meta":"","adv-header-id-meta":"","stick-header-meta":"","header-above-stick-meta":"","header-main-stick-meta":"","header-below-stick-meta":"","astra-migrate-meta-layouts":"default","ast-page-background-enabled":"default","ast-page-background-meta":{"desktop":{"background-color":"var(--ast-global-color-4)","background-image":"","background-repeat":"repeat","background-position":"center center","background-size":"auto","background-attachment":"scroll","background-type":"","background-media":"","overlay-type":"","overlay-color":"","overlay-opacity":"","overlay-gradient":""},"tablet":{"background-color":"","background-image":"","background-repeat":"repeat","background-position":"center center","background-size":"auto","background-attachment":"scroll","background-type":"","background-media":"","overlay-type":"","overlay-color":"","overlay-opacity":"","overlay-gradient":""},"mobile":{"background-color":"","background-image":"","background-repeat":"repeat","background-position":"center center","background-size":"auto","background-attachment":"scroll","background-type":"","background-media":"","overlay-type":"","overlay-color":"","overlay-opacity":"","overlay-gradient":""}},"ast-content-background-meta":{"desktop":{"background-color":"var(--ast-global-color-5)","background-image":"","background-repeat":"repeat","background-position":"center center","background-size":"auto","background-attachment":"scroll","background-type":"","background-media":"","overlay-type":"","overlay-color":"","overlay-opacity":"","overlay-gradient":""},"tablet":{"background-color":"var(--ast-global-color-5)","background-image":"","background-repeat":"repeat","background-position":"center center","background-size":"auto","background-attachment":"scroll","background-type":"","background-media":"","overlay-type":"","overlay-color":"","overlay-opacity":"","overlay-gradient":""},"mobile":{"background-color":"var(--ast-global-color-5)","background-image":"","background-repeat":"repeat","background-position":"center center","background-size":"auto","background-attachment":"scroll","background-type":"","background-media":"","overlay-type":"","overlay-color":"","overlay-opacity":"","overlay-gradient":""}},"footnotes":""},"categories":[1,29,307],"tags":[387,163,172,179,349],"class_list":["post-11795","post","type-post","status-publish","format-standard","hentry","category-general","category-portada","category-programes","tag-joemquedoacasa","tag-educacio-infantil","tag-educacio-primaria","tag-educacio-secundaria","tag-programes-innovacio"],"post_mailing_queue_ids":[],"_links":{"self":[{"href":"https:\/\/serveiseducatius.xtec.cat\/pladurgell\/wp-json\/wp\/v2\/posts\/11795","targetHints":{"allow":["GET"]}}],"collection":[{"href":"https:\/\/serveiseducatius.xtec.cat\/pladurgell\/wp-json\/wp\/v2\/posts"}],"about":[{"href":"https:\/\/serveiseducatius.xtec.cat\/pladurgell\/wp-json\/wp\/v2\/types\/post"}],"author":[{"embeddable":true,"href":"https:\/\/serveiseducatius.xtec.cat\/pladurgell\/wp-json\/wp\/v2\/users\/1"}],"replies":[{"embeddable":true,"href":"https:\/\/serveiseducatius.xtec.cat\/pladurgell\/wp-json\/wp\/v2\/comments?post=11795"}],"version-history":[{"count":3,"href":"https:\/\/serveiseducatius.xtec.cat\/pladurgell\/wp-json\/wp\/v2\/posts\/11795\/revisions"}],"predecessor-version":[{"id":11827,"href":"https:\/\/serveiseducatius.xtec.cat\/pladurgell\/wp-json\/wp\/v2\/posts\/11795\/revisions\/11827"}],"wp:attachment":[{"href":"https:\/\/serveiseducatius.xtec.cat\/pladurgell\/wp-json\/wp\/v2\/media?parent=11795"}],"wp:term":[{"taxonomy":"category","embeddable":true,"href":"https:\/\/serveiseducatius.xtec.cat\/pladurgell\/wp-json\/wp\/v2\/categories?post=11795"},{"taxonomy":"post_tag","embeddable":true,"href":"https:\/\/serveiseducatius.xtec.cat\/pladurgell\/wp-json\/wp\/v2\/tags?post=11795"}],"curies":[{"name":"wp","href":"https:\/\/api.w.org\/{rel}","templated":true}]}}