{"id":10984,"date":"2020-03-17T19:42:42","date_gmt":"2020-03-17T18:42:42","guid":{"rendered":"http:\/\/serveiseducatius.xtec.cat\/pladurgell\/?p=10984"},"modified":"2020-03-26T16:44:22","modified_gmt":"2020-03-26T15:44:22","slug":"recursos-per-al-professorat-activitats-dautoaprenentatge","status":"publish","type":"post","link":"https:\/\/serveiseducatius.xtec.cat\/pladurgell\/portada\/recursos-per-al-professorat-activitats-dautoaprenentatge\/","title":{"rendered":"Recursos per al professorat. Activitats d&#8217;autoaprenentatge."},"content":{"rendered":"<p><a href=\"https:\/\/serveiseducatius.xtec.cat\/pladurgell\/wp-content\/uploads\/usu1141\/2020\/03\/actualitat-553x553-docents-activitats-autoaprenentatge.jpg_2147148254.jpg\"><img loading=\"lazy\" decoding=\"async\" class=\"size-full wp-image-10985 aligncenter\" src=\"https:\/\/serveiseducatius.xtec.cat\/pladurgell\/wp-content\/uploads\/usu1141\/2020\/03\/actualitat-553x553-docents-activitats-autoaprenentatge.jpg_2147148254.jpg\" alt=\"\" width=\"271\" height=\"271\" srcset=\"https:\/\/serveiseducatius.xtec.cat\/pladurgell\/wp-content\/uploads\/usu1141\/2020\/03\/actualitat-553x553-docents-activitats-autoaprenentatge.jpg_2147148254.jpg 271w, https:\/\/serveiseducatius.xtec.cat\/pladurgell\/wp-content\/uploads\/usu1141\/2020\/03\/actualitat-553x553-docents-activitats-autoaprenentatge.jpg_2147148254-150x150.jpg 150w\" sizes=\"auto, (max-width: 271px) 100vw, 271px\" \/><\/a><\/p>\n<p>El Departament d\u2019Educaci\u00f3 ens anima a aprofitar aquests dies per aprofundir en aquells aspectes que tenen a veure amb la nostra pr\u00e0ctica docent i tamb\u00e9 per prendre part en diferents activitats de formaci\u00f3 a dist\u00e0ncia. Per fer-ho, ens ofereixen un recull actualitzat de <strong><a href=\"http:\/\/xtec.gencat.cat\/ca\/recursos\/actuacio-extraordinaria-activitats-autoaprenentatge\/\">recursos i activitats did\u00e0ctiques en l\u00ednia<\/a> .<\/strong><\/p>\n<p>Tamb\u00e9 ens ofereixen una <a href=\"http:\/\/xtec.gencat.cat\/ca\/formacio\/formacio-extraordinaria-oberta\/\" target=\"_blank\" rel=\"noopener noreferrer\"><strong>nova proposta formativa<\/strong><\/a>, creada en el marc d&#8217;aquest context extraordinari.<\/p>\n<p>Tanmateix, s&#8217;han publicat unes <a href=\"http:\/\/xtec.gencat.cat\/web\/.content\/recursos\/actuacio-extraordinaria-activitats-autoaprenentatge\/Orientacions-centres-tancament-coronavirus.pdf\"><strong>orientacions per als centres educatius sobre activitats per als alumnes a causa del tancament dels centres per coronavirus.<\/strong><\/a><\/p>\n<p>Tamb\u00e9 us enllacem els recursos per a l&#8217;alumnat a l&#8217;<strong><a href=\"http:\/\/www.edu365.cat\/\">EDU365<\/a><\/strong><\/p>\n<p>Us encoratgem a seguir les indicacions del Departament de Salut #joemquedoacasa i a acompanyar el vostre alumnat en el seu proc\u00e9s d&#8217;aprenentatge en aquests moments complicats.<!--more--><\/p>\n<p>Algunes de les propostes en l&#8217;\u00e0mbit STEAM s\u00f3n:<\/p>\n<p><strong>PROPOSTES STEAM<\/strong><\/p>\n<p><a href=\"https:\/\/projectes.xtec.cat\/steamcat\/\" data-saferedirecturl=\"https:\/\/www.google.com\/url?q=https:\/\/projectes.xtec.cat\/steamcat\/&amp;source=gmail&amp;ust=1584555115819000&amp;usg=AFQjCNGDv9CfWWzZxXBTsZ2CI59i-RDhBg\">https:\/\/projectes.xtec.cat\/steamcat\/<\/a><\/p>\n<p><strong>PROPOSTES DEL CESIRE<\/strong><\/p>\n<p>Posa\u2019t al dia<\/p>\n<p><a href=\"https:\/\/agora.xtec.cat\/cesire\/general\/posat-al-dia\/\" data-saferedirecturl=\"https:\/\/www.google.com\/url?q=https:\/\/agora.xtec.cat\/cesire\/general\/posat-al-dia\/&amp;source=gmail&amp;ust=1584555115819000&amp;usg=AFQjCNFA-up78Qr9U9f_ZX4sWgc5s5N02w\">https:\/\/agora.xtec.cat\/cesire\/general\/posat-al-dia\/<\/a><\/p>\n<p><strong>STEAMCAT<\/strong><\/p>\n<p>Recursos autoformatius<\/p>\n<p><a href=\"https:\/\/projectes.xtec.cat\/steamcat\/portada\/steamacasa-joemquedoacasa\/\" data-saferedirecturl=\"https:\/\/www.google.com\/url?q=https:\/\/projectes.xtec.cat\/steamcat\/portada\/steamacasa-joemquedoacasa\/&amp;source=gmail&amp;ust=1584555115819000&amp;usg=AFQjCNFDkrypIRcQ8PmjbiOHepNQ71f_1g\">https:\/\/projectes.xtec.cat\/steamcat\/portada\/steamacasa-joemquedoacasa\/<\/a><\/p>\n<p>&nbsp;<\/p>\n<p>&nbsp;<\/p>\n","protected":false},"excerpt":{"rendered":"<p>El Departament d\u2019Educaci\u00f3 ens anima a aprofitar aquests dies per aprofundir en aquells aspectes que tenen a veure amb la [&hellip;]<\/p>\n","protected":false},"author":1,"featured_media":0,"comment_status":"open","ping_status":"closed","sticky":false,"template":"","format":"standard","meta":{"_bbp_topic_count":0,"_bbp_reply_count":0,"_bbp_total_topic_count":0,"_bbp_total_reply_count":0,"_bbp_voice_count":0,"_bbp_anonymous_reply_count":0,"_bbp_topic_count_hidden":0,"_bbp_reply_count_hidden":0,"_bbp_forum_subforum_count":0,"site-sidebar-layout":"default","site-content-layout":"","ast-site-content-layout":"","site-content-style":"default","site-sidebar-style":"default","ast-global-header-display":"","ast-banner-title-visibility":"","ast-main-header-display":"","ast-hfb-above-header-display":"","ast-hfb-below-header-display":"","ast-hfb-mobile-header-display":"","site-post-title":"","ast-breadcrumbs-content":"","ast-featured-img":"","footer-sml-layout":"","theme-transparent-header-meta":"","adv-header-id-meta":"","stick-header-meta":"","header-above-stick-meta":"","header-main-stick-meta":"","header-below-stick-meta":"","astra-migrate-meta-layouts":"default","ast-page-background-enabled":"default","ast-page-background-meta":{"desktop":{"background-color":"var(--ast-global-color-4)","background-image":"","background-repeat":"repeat","background-position":"center center","background-size":"auto","background-attachment":"scroll","background-type":"","background-media":"","overlay-type":"","overlay-color":"","overlay-opacity":"","overlay-gradient":""},"tablet":{"background-color":"","background-image":"","background-repeat":"repeat","background-position":"center center","background-size":"auto","background-attachment":"scroll","background-type":"","background-media":"","overlay-type":"","overlay-color":"","overlay-opacity":"","overlay-gradient":""},"mobile":{"background-color":"","background-image":"","background-repeat":"repeat","background-position":"center center","background-size":"auto","background-attachment":"scroll","background-type":"","background-media":"","overlay-type":"","overlay-color":"","overlay-opacity":"","overlay-gradient":""}},"ast-content-background-meta":{"desktop":{"background-color":"var(--ast-global-color-5)","background-image":"","background-repeat":"repeat","background-position":"center center","background-size":"auto","background-attachment":"scroll","background-type":"","background-media":"","overlay-type":"","overlay-color":"","overlay-opacity":"","overlay-gradient":""},"tablet":{"background-color":"var(--ast-global-color-5)","background-image":"","background-repeat":"repeat","background-position":"center center","background-size":"auto","background-attachment":"scroll","background-type":"","background-media":"","overlay-type":"","overlay-color":"","overlay-opacity":"","overlay-gradient":""},"mobile":{"background-color":"var(--ast-global-color-5)","background-image":"","background-repeat":"repeat","background-position":"center center","background-size":"auto","background-attachment":"scroll","background-type":"","background-media":"","overlay-type":"","overlay-color":"","overlay-opacity":"","overlay-gradient":""}},"footnotes":""},"categories":[29],"tags":[387],"class_list":["post-10984","post","type-post","status-publish","format-standard","hentry","category-portada","tag-joemquedoacasa"],"post_mailing_queue_ids":[],"_links":{"self":[{"href":"https:\/\/serveiseducatius.xtec.cat\/pladurgell\/wp-json\/wp\/v2\/posts\/10984","targetHints":{"allow":["GET"]}}],"collection":[{"href":"https:\/\/serveiseducatius.xtec.cat\/pladurgell\/wp-json\/wp\/v2\/posts"}],"about":[{"href":"https:\/\/serveiseducatius.xtec.cat\/pladurgell\/wp-json\/wp\/v2\/types\/post"}],"author":[{"embeddable":true,"href":"https:\/\/serveiseducatius.xtec.cat\/pladurgell\/wp-json\/wp\/v2\/users\/1"}],"replies":[{"embeddable":true,"href":"https:\/\/serveiseducatius.xtec.cat\/pladurgell\/wp-json\/wp\/v2\/comments?post=10984"}],"version-history":[{"count":3,"href":"https:\/\/serveiseducatius.xtec.cat\/pladurgell\/wp-json\/wp\/v2\/posts\/10984\/revisions"}],"predecessor-version":[{"id":10989,"href":"https:\/\/serveiseducatius.xtec.cat\/pladurgell\/wp-json\/wp\/v2\/posts\/10984\/revisions\/10989"}],"wp:attachment":[{"href":"https:\/\/serveiseducatius.xtec.cat\/pladurgell\/wp-json\/wp\/v2\/media?parent=10984"}],"wp:term":[{"taxonomy":"category","embeddable":true,"href":"https:\/\/serveiseducatius.xtec.cat\/pladurgell\/wp-json\/wp\/v2\/categories?post=10984"},{"taxonomy":"post_tag","embeddable":true,"href":"https:\/\/serveiseducatius.xtec.cat\/pladurgell\/wp-json\/wp\/v2\/tags?post=10984"}],"curies":[{"name":"wp","href":"https:\/\/api.w.org\/{rel}","templated":true}]}}