{"id":10679,"date":"2020-02-06T10:11:05","date_gmt":"2020-02-06T09:11:05","guid":{"rendered":"http:\/\/serveiseducatius.xtec.cat\/pladurgell\/?p=10679"},"modified":"2020-02-06T10:11:50","modified_gmt":"2020-02-06T09:11:50","slug":"la-biblioteca-reuneix-alumnes-de-p-3-i-de-lins-mollerussa-en-diverses-sessions-de-contacontes","status":"publish","type":"post","link":"https:\/\/serveiseducatius.xtec.cat\/pladurgell\/portada\/la-biblioteca-reuneix-alumnes-de-p-3-i-de-lins-mollerussa-en-diverses-sessions-de-contacontes\/","title":{"rendered":"La biblioteca reuneix alumnes de P-3 i de l\u2019INS Mollerussa en diverses sessions de contacontes"},"content":{"rendered":"<ul>\n<li style=\"text-align: justify;\"><strong><u>L\u2019alumnat del Grau Superior d\u2019Educaci\u00f3 infantil fa pr\u00e0ctiques amb els m\u00e9s petits de les escoles de la ciutat com a part de la mat\u00e8ria curricular<\/u><\/strong><\/li>\n<\/ul>\n<p style=\"text-align: justify;\"><strong>\u00a0<\/strong>Els alumnes de P-3 de les escoles de Mollerussa participen aquesta setmana en una sessi\u00f3 de contacontes a c\u00e0rrec d\u2019una desena d\u2019alumnes de segon curs del Grau Superior d\u2019Educaci\u00f3 Infantil a l\u2019Institut Mollerussa. La Biblioteca Comarcal Jaume Vila n\u2019\u00e9s l\u2019escenari d\u2019aquesta activitat en la qual aniran passant els escolars d\u2019aquest curs dels diferents centres de la ciutat.<\/p>\n<p style=\"text-align: justify;\">Aquesta iniciativa, que s\u2019emmarca dins el Pla Educatiu d\u2019Entorn, forma part del curr\u00edculum pedag\u00f2gic que desenvolupen els estudiants d\u2019aquest cicle formatiu i per al qual compten amb la col\u00b7laboraci\u00f3 de l\u2019Ajuntament, a trav\u00e9s de la regidoria d\u2019Ensenyament. En aquest sentit, cal recordar que un dels eixos tem\u00e0tics en els quals s\u2019ha treballat al llarg del curs ha estat les diferents festes populars com La Castanya, la celebraci\u00f3 del Nadal i properament el Carnestoltes per a les quals s\u2019han organitzat diferents activitats, que han servit per posar en pr\u00e0ctica amb els alumnes de les escoles bressol municipals els coneixements te\u00f2rics adquirits.<\/p>\n<p style=\"text-align: justify;\"><img loading=\"lazy\" decoding=\"async\" class=\"aligncenter size-large\" src=\"https:\/\/www.mollerussa.cat\/wp-content\/uploads\/2020\/02\/contacontes-INS-Molleussa.jpg\" width=\"1600\" height=\"1200\" \/><\/p>\n","protected":false},"excerpt":{"rendered":"<p>L\u2019alumnat del Grau Superior d\u2019Educaci\u00f3 infantil fa pr\u00e0ctiques amb els m\u00e9s petits de les escoles de la ciutat com a [&hellip;]<\/p>\n","protected":false},"author":1,"featured_media":10681,"comment_status":"open","ping_status":"closed","sticky":false,"template":"","format":"standard","meta":{"_bbp_topic_count":0,"_bbp_reply_count":0,"_bbp_total_topic_count":0,"_bbp_total_reply_count":0,"_bbp_voice_count":0,"_bbp_anonymous_reply_count":0,"_bbp_topic_count_hidden":0,"_bbp_reply_count_hidden":0,"_bbp_forum_subforum_count":0,"site-sidebar-layout":"default","site-content-layout":"","ast-site-content-layout":"","site-content-style":"default","site-sidebar-style":"default","ast-global-header-display":"","ast-banner-title-visibility":"","ast-main-header-display":"","ast-hfb-above-header-display":"","ast-hfb-below-header-display":"","ast-hfb-mobile-header-display":"","site-post-title":"","ast-breadcrumbs-content":"","ast-featured-img":"","footer-sml-layout":"","theme-transparent-header-meta":"","adv-header-id-meta":"","stick-header-meta":"","header-above-stick-meta":"","header-main-stick-meta":"","header-below-stick-meta":"","astra-migrate-meta-layouts":"default","ast-page-background-enabled":"default","ast-page-background-meta":{"desktop":{"background-color":"var(--ast-global-color-4)","background-image":"","background-repeat":"repeat","background-position":"center center","background-size":"auto","background-attachment":"scroll","background-type":"","background-media":"","overlay-type":"","overlay-color":"","overlay-opacity":"","overlay-gradient":""},"tablet":{"background-color":"","background-image":"","background-repeat":"repeat","background-position":"center center","background-size":"auto","background-attachment":"scroll","background-type":"","background-media":"","overlay-type":"","overlay-color":"","overlay-opacity":"","overlay-gradient":""},"mobile":{"background-color":"","background-image":"","background-repeat":"repeat","background-position":"center center","background-size":"auto","background-attachment":"scroll","background-type":"","background-media":"","overlay-type":"","overlay-color":"","overlay-opacity":"","overlay-gradient":""}},"ast-content-background-meta":{"desktop":{"background-color":"var(--ast-global-color-5)","background-image":"","background-repeat":"repeat","background-position":"center center","background-size":"auto","background-attachment":"scroll","background-type":"","background-media":"","overlay-type":"","overlay-color":"","overlay-opacity":"","overlay-gradient":""},"tablet":{"background-color":"var(--ast-global-color-5)","background-image":"","background-repeat":"repeat","background-position":"center center","background-size":"auto","background-attachment":"scroll","background-type":"","background-media":"","overlay-type":"","overlay-color":"","overlay-opacity":"","overlay-gradient":""},"mobile":{"background-color":"var(--ast-global-color-5)","background-image":"","background-repeat":"repeat","background-position":"center center","background-size":"auto","background-attachment":"scroll","background-type":"","background-media":"","overlay-type":"","overlay-color":"","overlay-opacity":"","overlay-gradient":""}},"footnotes":""},"categories":[359,75,29,313],"tags":[173,318],"class_list":["post-10679","post","type-post","status-publish","format-standard","has-post-thumbnail","hentry","category-biblioteques-escolars-de-catalunya","category-pee","category-portada","category-practiques-educatives-de-referencia","tag-gust-per-la-lectura","tag-practiques-educatives-de-referencia"],"post_mailing_queue_ids":[],"_links":{"self":[{"href":"https:\/\/serveiseducatius.xtec.cat\/pladurgell\/wp-json\/wp\/v2\/posts\/10679","targetHints":{"allow":["GET"]}}],"collection":[{"href":"https:\/\/serveiseducatius.xtec.cat\/pladurgell\/wp-json\/wp\/v2\/posts"}],"about":[{"href":"https:\/\/serveiseducatius.xtec.cat\/pladurgell\/wp-json\/wp\/v2\/types\/post"}],"author":[{"embeddable":true,"href":"https:\/\/serveiseducatius.xtec.cat\/pladurgell\/wp-json\/wp\/v2\/users\/1"}],"replies":[{"embeddable":true,"href":"https:\/\/serveiseducatius.xtec.cat\/pladurgell\/wp-json\/wp\/v2\/comments?post=10679"}],"version-history":[{"count":2,"href":"https:\/\/serveiseducatius.xtec.cat\/pladurgell\/wp-json\/wp\/v2\/posts\/10679\/revisions"}],"predecessor-version":[{"id":10682,"href":"https:\/\/serveiseducatius.xtec.cat\/pladurgell\/wp-json\/wp\/v2\/posts\/10679\/revisions\/10682"}],"wp:featuredmedia":[{"embeddable":true,"href":"https:\/\/serveiseducatius.xtec.cat\/pladurgell\/wp-json\/wp\/v2\/media\/10681"}],"wp:attachment":[{"href":"https:\/\/serveiseducatius.xtec.cat\/pladurgell\/wp-json\/wp\/v2\/media?parent=10679"}],"wp:term":[{"taxonomy":"category","embeddable":true,"href":"https:\/\/serveiseducatius.xtec.cat\/pladurgell\/wp-json\/wp\/v2\/categories?post=10679"},{"taxonomy":"post_tag","embeddable":true,"href":"https:\/\/serveiseducatius.xtec.cat\/pladurgell\/wp-json\/wp\/v2\/tags?post=10679"}],"curies":[{"name":"wp","href":"https:\/\/api.w.org\/{rel}","templated":true}]}}