{"id":9157,"date":"2026-04-30T16:38:33","date_gmt":"2026-04-30T14:38:33","guid":{"rendered":"https:\/\/serveiseducatius.xtec.cat\/pladelestany\/?p=9157"},"modified":"2026-04-30T16:38:33","modified_gmt":"2026-04-30T14:38:33","slug":"jornada-jpre-de-programacio-i-robotica-educatives-18a-edicio","status":"publish","type":"post","link":"https:\/\/serveiseducatius.xtec.cat\/pladelestany\/general\/jornada-jpre-de-programacio-i-robotica-educatives-18a-edicio\/","title":{"rendered":"Jornada JPRE de Programaci\u00f3 i Rob\u00f2tica Educatives (18a edici\u00f3)"},"content":{"rendered":"\n<p>La Jornada JPRE \u00e9s un espai de refer\u00e8ncia per con\u00e8ixer i compartir experi\u00e8ncies sobre programaci\u00f3, rob\u00f2tica, pensament computacional i fabricaci\u00f3 digital aplicades a l&#8217;aula. Al llarg del mat\u00ed, el professorat podr\u00e0 participar en tallers pr\u00e0ctics centrats en el desenvolupament de les compet\u00e8ncies digitals de l\u2019alumnat d&#8217;infantil, prim\u00e0ria i secund\u00e0ria, aix\u00ed com descobrir propostes vinculades a la intel\u00b7lig\u00e8ncia artificial, la realitat virtual i augmentada.<\/p>\n\n\n\n<figure class=\"wp-block-image aligncenter size-large\"><a href=\"https:\/\/serveiseducatius.xtec.cat\/pladelestany\/wp-content\/uploads\/usu771\/2026\/04\/image-4.png\"><img loading=\"lazy\" decoding=\"async\" width=\"1024\" height=\"576\" src=\"https:\/\/serveiseducatius.xtec.cat\/pladelestany\/wp-content\/uploads\/usu771\/2026\/04\/image-4-1024x576.png\" alt=\"\" class=\"wp-image-9158\" srcset=\"https:\/\/serveiseducatius.xtec.cat\/pladelestany\/wp-content\/uploads\/usu771\/2026\/04\/image-4-1024x576.png 1024w, https:\/\/serveiseducatius.xtec.cat\/pladelestany\/wp-content\/uploads\/usu771\/2026\/04\/image-4-300x169.png 300w, https:\/\/serveiseducatius.xtec.cat\/pladelestany\/wp-content\/uploads\/usu771\/2026\/04\/image-4-768x432.png 768w, https:\/\/serveiseducatius.xtec.cat\/pladelestany\/wp-content\/uploads\/usu771\/2026\/04\/image-4.png 1536w\" sizes=\"auto, (max-width: 1024px) 100vw, 1024px\" \/><\/a><\/figure>\n\n\n\n<p>La jornada inclou tamb\u00e9 una mostra d\u2019experi\u00e8ncies educatives, una fira d\u2019empreses amb novetats en tecnologia educativa i la Fira d\u2019alumnes del projecte&nbsp;<em>Robots en acci\u00f3!<\/em>, on els estudiants presenten els seus projectes en funcionament.<\/p>\n\n\n\n<p>Trobareu m\u00e9s informaci\u00f3 i inscripcions a l&#8217;espai web: <a href=\"https:\/\/projectes.xtec.cat\/pensament-computacional\/formacio\/principal-jpre26\/\" target=\"_blank\" rel=\"noreferrer noopener\">https:\/\/projectes.xtec.cat\/pensament-computacional\/formacio\/principal-jpre26\/<\/a><\/p>\n\n\n\n<p><\/p>\n","protected":false},"excerpt":{"rendered":"<p>La Jornada JPRE \u00e9s un espai de refer\u00e8ncia per con\u00e8ixer i compartir experi\u00e8ncies sobre programaci\u00f3, rob\u00f2tica, pensament computacional i fabricaci\u00f3 [&hellip;]<\/p>\n","protected":false},"author":1,"featured_media":9162,"comment_status":"closed","ping_status":"open","sticky":false,"template":"","format":"standard","meta":{"site-sidebar-layout":"default","site-content-layout":"","ast-site-content-layout":"default","site-content-style":"default","site-sidebar-style":"default","ast-global-header-display":"","ast-banner-title-visibility":"","ast-main-header-display":"","ast-hfb-above-header-display":"","ast-hfb-below-header-display":"","ast-hfb-mobile-header-display":"","site-post-title":"","ast-breadcrumbs-content":"","ast-featured-img":"","footer-sml-layout":"","theme-transparent-header-meta":"","adv-header-id-meta":"","stick-header-meta":"","header-above-stick-meta":"","header-main-stick-meta":"","header-below-stick-meta":"","astra-migrate-meta-layouts":"set","ast-page-background-enabled":"default","ast-page-background-meta":{"desktop":{"background-color":"var(--ast-global-color-4)","background-image":"","background-repeat":"repeat","background-position":"center center","background-size":"auto","background-attachment":"scroll","background-type":"","background-media":"","overlay-type":"","overlay-color":"","overlay-opacity":"","overlay-gradient":""},"tablet":{"background-color":"","background-image":"","background-repeat":"repeat","background-position":"center center","background-size":"auto","background-attachment":"scroll","background-type":"","background-media":"","overlay-type":"","overlay-color":"","overlay-opacity":"","overlay-gradient":""},"mobile":{"background-color":"","background-image":"","background-repeat":"repeat","background-position":"center center","background-size":"auto","background-attachment":"scroll","background-type":"","background-media":"","overlay-type":"","overlay-color":"","overlay-opacity":"","overlay-gradient":""}},"ast-content-background-meta":{"desktop":{"background-color":"var(--ast-global-color-5)","background-image":"","background-repeat":"repeat","background-position":"center center","background-size":"auto","background-attachment":"scroll","background-type":"","background-media":"","overlay-type":"","overlay-color":"","overlay-opacity":"","overlay-gradient":""},"tablet":{"background-color":"var(--ast-global-color-5)","background-image":"","background-repeat":"repeat","background-position":"center center","background-size":"auto","background-attachment":"scroll","background-type":"","background-media":"","overlay-type":"","overlay-color":"","overlay-opacity":"","overlay-gradient":""},"mobile":{"background-color":"var(--ast-global-color-5)","background-image":"","background-repeat":"repeat","background-position":"center center","background-size":"auto","background-attachment":"scroll","background-type":"","background-media":"","overlay-type":"","overlay-color":"","overlay-opacity":"","overlay-gradient":""}},"footnotes":""},"categories":[369,1,29],"tags":[],"class_list":["post-9157","post","type-post","status-publish","format-standard","has-post-thumbnail","hentry","category-difusio","category-general","category-portada"],"post_mailing_queue_ids":[],"_links":{"self":[{"href":"https:\/\/serveiseducatius.xtec.cat\/pladelestany\/wp-json\/wp\/v2\/posts\/9157","targetHints":{"allow":["GET"]}}],"collection":[{"href":"https:\/\/serveiseducatius.xtec.cat\/pladelestany\/wp-json\/wp\/v2\/posts"}],"about":[{"href":"https:\/\/serveiseducatius.xtec.cat\/pladelestany\/wp-json\/wp\/v2\/types\/post"}],"author":[{"embeddable":true,"href":"https:\/\/serveiseducatius.xtec.cat\/pladelestany\/wp-json\/wp\/v2\/users\/1"}],"replies":[{"embeddable":true,"href":"https:\/\/serveiseducatius.xtec.cat\/pladelestany\/wp-json\/wp\/v2\/comments?post=9157"}],"version-history":[{"count":2,"href":"https:\/\/serveiseducatius.xtec.cat\/pladelestany\/wp-json\/wp\/v2\/posts\/9157\/revisions"}],"predecessor-version":[{"id":9163,"href":"https:\/\/serveiseducatius.xtec.cat\/pladelestany\/wp-json\/wp\/v2\/posts\/9157\/revisions\/9163"}],"wp:featuredmedia":[{"embeddable":true,"href":"https:\/\/serveiseducatius.xtec.cat\/pladelestany\/wp-json\/wp\/v2\/media\/9162"}],"wp:attachment":[{"href":"https:\/\/serveiseducatius.xtec.cat\/pladelestany\/wp-json\/wp\/v2\/media?parent=9157"}],"wp:term":[{"taxonomy":"category","embeddable":true,"href":"https:\/\/serveiseducatius.xtec.cat\/pladelestany\/wp-json\/wp\/v2\/categories?post=9157"},{"taxonomy":"post_tag","embeddable":true,"href":"https:\/\/serveiseducatius.xtec.cat\/pladelestany\/wp-json\/wp\/v2\/tags?post=9157"}],"curies":[{"name":"wp","href":"https:\/\/api.w.org\/{rel}","templated":true}]}}