{"id":9133,"date":"2026-04-30T09:49:12","date_gmt":"2026-04-30T07:49:12","guid":{"rendered":"https:\/\/serveiseducatius.xtec.cat\/pladelestany\/?p=9133"},"modified":"2026-04-30T09:49:12","modified_gmt":"2026-04-30T07:49:12","slug":"jornades-pel-foment-de-la-llengua-2","status":"publish","type":"post","link":"https:\/\/serveiseducatius.xtec.cat\/pladelestany\/portada\/jornades-pel-foment-de-la-llengua-2\/","title":{"rendered":"Jornades pel foment de la llengua"},"content":{"rendered":"\n<p>Des de l&#8217;equip organitzador de les jornades, ens conviden a la tercera edici\u00f3 de les Jornades del <a href=\"https:\/\/sites.google.com\/xtec.cat\/magradaencatala\/20252026-3es-jornades?authuser=0\" target=\"_blank\" rel=\"noreferrer noopener\">M\u2019agrada en catal\u00e0<\/a>, que enguany celebrem amb m\u00e9s il\u00b7lusi\u00f3 i comprom\u00eds que mai. Aquest projecte continua creixent i consolidant-se com un espai compartit per escoles, instituts, entitats i persones del territori.<br>Durant les jornades, podrem gaudir d\u2019un ampli ventall d\u2019activitats: teatre, xerrades, balls tradicionals, contes, jocs, tallers i moltes altres propostes dinamitzades per estudiants, entitats culturals i artistes convidats. Seran dies per a compartir experi\u00e8ncies, fomentar la conviv\u00e8ncia i celebrar la riquesa cultural i ling\u00fc\u00edstica del nostre poble. La llengua catalana hi tindr\u00e0 un paper central com a eina de cohesi\u00f3 i construcci\u00f3 comunit\u00e0ria.<\/p>\n\n\n\n<p>Trobareu adjunt el programa complet de les activitats organitzades pel CFA Pla de l\u2019Estany, amb dates, horaris i ubicacions destacades. Per a m\u00e9s detall podeu consultar el web: <a href=\"https:\/\/sites.google.com\/xtec.cat\/magradaencatala\/20252026-3es-jornades?authuser=0\" target=\"_blank\" rel=\"noreferrer noopener\">M&#8217;agrada en catal\u00e0<\/a>.<\/p>\n\n\n\n<p>Us animem a participar-hi, a fer-la vostra i a contribuir entre tots i totes a fer viu el catal\u00e0.<\/p>\n\n\n\n<div class=\"wp-block-columns is-layout-flex wp-container-core-columns-is-layout-1 wp-block-columns-is-layout-flex\">\n<div class=\"wp-block-column is-layout-flow wp-block-column-is-layout-flow\">\n<figure class=\"wp-block-image aligncenter size-large\"><a href=\"https:\/\/serveiseducatius.xtec.cat\/pladelestany\/wp-content\/uploads\/usu771\/2026\/04\/2026-Cartell-i-programacio-Jornades-de-catala-CFA-PLA-DE-LESTANY-5-1-1.jpg\"><img loading=\"lazy\" decoding=\"async\" width=\"724\" height=\"1024\" src=\"https:\/\/serveiseducatius.xtec.cat\/pladelestany\/wp-content\/uploads\/usu771\/2026\/04\/2026-Cartell-i-programacio-Jornades-de-catala-CFA-PLA-DE-LESTANY-5-1-1-724x1024.jpg\" alt=\"\" class=\"wp-image-9134\" srcset=\"https:\/\/serveiseducatius.xtec.cat\/pladelestany\/wp-content\/uploads\/usu771\/2026\/04\/2026-Cartell-i-programacio-Jornades-de-catala-CFA-PLA-DE-LESTANY-5-1-1-724x1024.jpg 724w, https:\/\/serveiseducatius.xtec.cat\/pladelestany\/wp-content\/uploads\/usu771\/2026\/04\/2026-Cartell-i-programacio-Jornades-de-catala-CFA-PLA-DE-LESTANY-5-1-1-212x300.jpg 212w, https:\/\/serveiseducatius.xtec.cat\/pladelestany\/wp-content\/uploads\/usu771\/2026\/04\/2026-Cartell-i-programacio-Jornades-de-catala-CFA-PLA-DE-LESTANY-5-1-1-768x1086.jpg 768w, https:\/\/serveiseducatius.xtec.cat\/pladelestany\/wp-content\/uploads\/usu771\/2026\/04\/2026-Cartell-i-programacio-Jornades-de-catala-CFA-PLA-DE-LESTANY-5-1-1-1086x1536.jpg 1086w, https:\/\/serveiseducatius.xtec.cat\/pladelestany\/wp-content\/uploads\/usu771\/2026\/04\/2026-Cartell-i-programacio-Jornades-de-catala-CFA-PLA-DE-LESTANY-5-1-1.jpg 1240w\" sizes=\"auto, (max-width: 724px) 100vw, 724px\" \/><\/a><\/figure>\n<\/div>\n\n\n\n<div class=\"wp-block-column is-layout-flow wp-block-column-is-layout-flow\">\n<figure class=\"wp-block-image aligncenter size-large\"><a href=\"https:\/\/serveiseducatius.xtec.cat\/pladelestany\/wp-content\/uploads\/usu771\/2026\/04\/2026-Cartell-i-programacio-Jornades-de-catala-CFA-PLA-DE-LESTANY-5-1-2.jpg\"><img loading=\"lazy\" decoding=\"async\" width=\"724\" height=\"1024\" src=\"https:\/\/serveiseducatius.xtec.cat\/pladelestany\/wp-content\/uploads\/usu771\/2026\/04\/2026-Cartell-i-programacio-Jornades-de-catala-CFA-PLA-DE-LESTANY-5-1-2-724x1024.jpg\" alt=\"\" class=\"wp-image-9135\" srcset=\"https:\/\/serveiseducatius.xtec.cat\/pladelestany\/wp-content\/uploads\/usu771\/2026\/04\/2026-Cartell-i-programacio-Jornades-de-catala-CFA-PLA-DE-LESTANY-5-1-2-724x1024.jpg 724w, https:\/\/serveiseducatius.xtec.cat\/pladelestany\/wp-content\/uploads\/usu771\/2026\/04\/2026-Cartell-i-programacio-Jornades-de-catala-CFA-PLA-DE-LESTANY-5-1-2-212x300.jpg 212w, https:\/\/serveiseducatius.xtec.cat\/pladelestany\/wp-content\/uploads\/usu771\/2026\/04\/2026-Cartell-i-programacio-Jornades-de-catala-CFA-PLA-DE-LESTANY-5-1-2-768x1086.jpg 768w, https:\/\/serveiseducatius.xtec.cat\/pladelestany\/wp-content\/uploads\/usu771\/2026\/04\/2026-Cartell-i-programacio-Jornades-de-catala-CFA-PLA-DE-LESTANY-5-1-2-1086x1536.jpg 1086w, https:\/\/serveiseducatius.xtec.cat\/pladelestany\/wp-content\/uploads\/usu771\/2026\/04\/2026-Cartell-i-programacio-Jornades-de-catala-CFA-PLA-DE-LESTANY-5-1-2.jpg 1240w\" sizes=\"auto, (max-width: 724px) 100vw, 724px\" \/><\/a><\/figure>\n<\/div>\n<\/div>\n","protected":false},"excerpt":{"rendered":"<p>Des de l&#8217;equip organitzador de les jornades, ens conviden a la tercera edici\u00f3 de les Jornades del M\u2019agrada en catal\u00e0, [&hellip;]<\/p>\n","protected":false},"author":1,"featured_media":9136,"comment_status":"closed","ping_status":"open","sticky":false,"template":"","format":"standard","meta":{"site-sidebar-layout":"default","site-content-layout":"","ast-site-content-layout":"default","site-content-style":"default","site-sidebar-style":"default","ast-global-header-display":"","ast-banner-title-visibility":"","ast-main-header-display":"","ast-hfb-above-header-display":"","ast-hfb-below-header-display":"","ast-hfb-mobile-header-display":"","site-post-title":"","ast-breadcrumbs-content":"","ast-featured-img":"","footer-sml-layout":"","theme-transparent-header-meta":"","adv-header-id-meta":"","stick-header-meta":"","header-above-stick-meta":"","header-main-stick-meta":"","header-below-stick-meta":"","astra-migrate-meta-layouts":"set","ast-page-background-enabled":"default","ast-page-background-meta":{"desktop":{"background-color":"var(--ast-global-color-4)","background-image":"","background-repeat":"repeat","background-position":"center center","background-size":"auto","background-attachment":"scroll","background-type":"","background-media":"","overlay-type":"","overlay-color":"","overlay-opacity":"","overlay-gradient":""},"tablet":{"background-color":"","background-image":"","background-repeat":"repeat","background-position":"center center","background-size":"auto","background-attachment":"scroll","background-type":"","background-media":"","overlay-type":"","overlay-color":"","overlay-opacity":"","overlay-gradient":""},"mobile":{"background-color":"","background-image":"","background-repeat":"repeat","background-position":"center center","background-size":"auto","background-attachment":"scroll","background-type":"","background-media":"","overlay-type":"","overlay-color":"","overlay-opacity":"","overlay-gradient":""}},"ast-content-background-meta":{"desktop":{"background-color":"var(--ast-global-color-5)","background-image":"","background-repeat":"repeat","background-position":"center center","background-size":"auto","background-attachment":"scroll","background-type":"","background-media":"","overlay-type":"","overlay-color":"","overlay-opacity":"","overlay-gradient":""},"tablet":{"background-color":"var(--ast-global-color-5)","background-image":"","background-repeat":"repeat","background-position":"center center","background-size":"auto","background-attachment":"scroll","background-type":"","background-media":"","overlay-type":"","overlay-color":"","overlay-opacity":"","overlay-gradient":""},"mobile":{"background-color":"var(--ast-global-color-5)","background-image":"","background-repeat":"repeat","background-position":"center center","background-size":"auto","background-attachment":"scroll","background-type":"","background-media":"","overlay-type":"","overlay-color":"","overlay-opacity":"","overlay-gradient":""}},"footnotes":""},"categories":[369,66,29,232],"tags":[],"class_list":["post-9133","post","type-post","status-publish","format-standard","has-post-thumbnail","hentry","category-difusio","category-dinamitzacio","category-portada","category-proposta-de-centre"],"post_mailing_queue_ids":[],"_links":{"self":[{"href":"https:\/\/serveiseducatius.xtec.cat\/pladelestany\/wp-json\/wp\/v2\/posts\/9133","targetHints":{"allow":["GET"]}}],"collection":[{"href":"https:\/\/serveiseducatius.xtec.cat\/pladelestany\/wp-json\/wp\/v2\/posts"}],"about":[{"href":"https:\/\/serveiseducatius.xtec.cat\/pladelestany\/wp-json\/wp\/v2\/types\/post"}],"author":[{"embeddable":true,"href":"https:\/\/serveiseducatius.xtec.cat\/pladelestany\/wp-json\/wp\/v2\/users\/1"}],"replies":[{"embeddable":true,"href":"https:\/\/serveiseducatius.xtec.cat\/pladelestany\/wp-json\/wp\/v2\/comments?post=9133"}],"version-history":[{"count":2,"href":"https:\/\/serveiseducatius.xtec.cat\/pladelestany\/wp-json\/wp\/v2\/posts\/9133\/revisions"}],"predecessor-version":[{"id":9145,"href":"https:\/\/serveiseducatius.xtec.cat\/pladelestany\/wp-json\/wp\/v2\/posts\/9133\/revisions\/9145"}],"wp:featuredmedia":[{"embeddable":true,"href":"https:\/\/serveiseducatius.xtec.cat\/pladelestany\/wp-json\/wp\/v2\/media\/9136"}],"wp:attachment":[{"href":"https:\/\/serveiseducatius.xtec.cat\/pladelestany\/wp-json\/wp\/v2\/media?parent=9133"}],"wp:term":[{"taxonomy":"category","embeddable":true,"href":"https:\/\/serveiseducatius.xtec.cat\/pladelestany\/wp-json\/wp\/v2\/categories?post=9133"},{"taxonomy":"post_tag","embeddable":true,"href":"https:\/\/serveiseducatius.xtec.cat\/pladelestany\/wp-json\/wp\/v2\/tags?post=9133"}],"curies":[{"name":"wp","href":"https:\/\/api.w.org\/{rel}","templated":true}]}}