{"id":8853,"date":"2026-02-24T15:54:48","date_gmt":"2026-02-24T14:54:48","guid":{"rendered":"https:\/\/serveiseducatius.xtec.cat\/pladelestany\/?p=8853"},"modified":"2026-02-24T15:54:48","modified_gmt":"2026-02-24T14:54:48","slug":"xerrades-obertes-del-seminari-de-professionals-que-fan-suport-a-la-inclusio-11","status":"publish","type":"post","link":"https:\/\/serveiseducatius.xtec.cat\/pladelestany\/portada\/xerrades-obertes-del-seminari-de-professionals-que-fan-suport-a-la-inclusio-11\/","title":{"rendered":"Xerrades obertes del seminari de professionals que fan suport a la inclusi\u00f3"},"content":{"rendered":"\n<p>En el seminari de professionals que fan suport a la inclusi\u00f3 oferim sessions obertes a tots els docents de la comarca. <\/p>\n\n\n\n<p>\u00c9s el cas de la pr\u00f2xima I darrera xerrada, sobre <strong>LA REGULACI\u00d3 EMOCIONAL A L\u2019ALUMNAT AUTISTA: desencadenants de l\u2019ansietat i com afrontar-la<\/strong>, a c\u00e0rrec de l&#8217;<strong>Helena Rivera<\/strong>, psic\u00f2loga Cl\u00ednica. <\/p>\n\n\n\n<p>La xerrada es\u00a0dur\u00e0 a terme el pr\u00f2xim\u00a0<strong>DILLUNS 2 DE MAR\u00c7<\/strong>, a les\u00a0<strong>17h<\/strong>\u00a0(lloc per confirmar)<\/p>\n\n\n\n<p>Per motius d&#8217;aforament necessitem que us inscriviu\u00a0<a href=\"https:\/\/docs.google.com\/forms\/d\/e\/1FAIpQLSeVuP8_dKxB07IdY6qu-314w10mxxLUZLCQlQ02H8LrDThPaQ\/viewform\" target=\"_blank\" rel=\"noreferrer noopener\">AQU\u00cd<\/a>\u00a0(inscripcions obertes fins al pr\u00f2xim dijous 26 de febrer)<\/p>\n\n\n\n<p><\/p>\n","protected":false},"excerpt":{"rendered":"<p>En el seminari de professionals que fan suport a la inclusi\u00f3 oferim sessions obertes a tots els docents de la [&hellip;]<\/p>\n","protected":false},"author":1,"featured_media":8854,"comment_status":"closed","ping_status":"open","sticky":false,"template":"","format":"standard","meta":{"site-sidebar-layout":"default","site-content-layout":"","ast-site-content-layout":"default","site-content-style":"default","site-sidebar-style":"default","ast-global-header-display":"","ast-banner-title-visibility":"","ast-main-header-display":"","ast-hfb-above-header-display":"","ast-hfb-below-header-display":"","ast-hfb-mobile-header-display":"","site-post-title":"","ast-breadcrumbs-content":"","ast-featured-img":"","footer-sml-layout":"","theme-transparent-header-meta":"","adv-header-id-meta":"","stick-header-meta":"","header-above-stick-meta":"","header-main-stick-meta":"","header-below-stick-meta":"","astra-migrate-meta-layouts":"set","ast-page-background-enabled":"default","ast-page-background-meta":{"desktop":{"background-color":"var(--ast-global-color-4)","background-image":"","background-repeat":"repeat","background-position":"center center","background-size":"auto","background-attachment":"scroll","background-type":"","background-media":"","overlay-type":"","overlay-color":"","overlay-opacity":"","overlay-gradient":""},"tablet":{"background-color":"","background-image":"","background-repeat":"repeat","background-position":"center center","background-size":"auto","background-attachment":"scroll","background-type":"","background-media":"","overlay-type":"","overlay-color":"","overlay-opacity":"","overlay-gradient":""},"mobile":{"background-color":"","background-image":"","background-repeat":"repeat","background-position":"center center","background-size":"auto","background-attachment":"scroll","background-type":"","background-media":"","overlay-type":"","overlay-color":"","overlay-opacity":"","overlay-gradient":""}},"ast-content-background-meta":{"desktop":{"background-color":"var(--ast-global-color-5)","background-image":"","background-repeat":"repeat","background-position":"center center","background-size":"auto","background-attachment":"scroll","background-type":"","background-media":"","overlay-type":"","overlay-color":"","overlay-opacity":"","overlay-gradient":""},"tablet":{"background-color":"var(--ast-global-color-5)","background-image":"","background-repeat":"repeat","background-position":"center center","background-size":"auto","background-attachment":"scroll","background-type":"","background-media":"","overlay-type":"","overlay-color":"","overlay-opacity":"","overlay-gradient":""},"mobile":{"background-color":"var(--ast-global-color-5)","background-image":"","background-repeat":"repeat","background-position":"center center","background-size":"auto","background-attachment":"scroll","background-type":"","background-media":"","overlay-type":"","overlay-color":"","overlay-opacity":"","overlay-gradient":""}},"footnotes":""},"categories":[369,370,371,29],"tags":[],"class_list":["post-8853","post","type-post","status-publish","format-standard","has-post-thumbnail","hentry","category-difusio","category-escola-inclusiva","category-inclusio","category-portada"],"post_mailing_queue_ids":[],"_links":{"self":[{"href":"https:\/\/serveiseducatius.xtec.cat\/pladelestany\/wp-json\/wp\/v2\/posts\/8853","targetHints":{"allow":["GET"]}}],"collection":[{"href":"https:\/\/serveiseducatius.xtec.cat\/pladelestany\/wp-json\/wp\/v2\/posts"}],"about":[{"href":"https:\/\/serveiseducatius.xtec.cat\/pladelestany\/wp-json\/wp\/v2\/types\/post"}],"author":[{"embeddable":true,"href":"https:\/\/serveiseducatius.xtec.cat\/pladelestany\/wp-json\/wp\/v2\/users\/1"}],"replies":[{"embeddable":true,"href":"https:\/\/serveiseducatius.xtec.cat\/pladelestany\/wp-json\/wp\/v2\/comments?post=8853"}],"version-history":[{"count":1,"href":"https:\/\/serveiseducatius.xtec.cat\/pladelestany\/wp-json\/wp\/v2\/posts\/8853\/revisions"}],"predecessor-version":[{"id":8855,"href":"https:\/\/serveiseducatius.xtec.cat\/pladelestany\/wp-json\/wp\/v2\/posts\/8853\/revisions\/8855"}],"wp:featuredmedia":[{"embeddable":true,"href":"https:\/\/serveiseducatius.xtec.cat\/pladelestany\/wp-json\/wp\/v2\/media\/8854"}],"wp:attachment":[{"href":"https:\/\/serveiseducatius.xtec.cat\/pladelestany\/wp-json\/wp\/v2\/media?parent=8853"}],"wp:term":[{"taxonomy":"category","embeddable":true,"href":"https:\/\/serveiseducatius.xtec.cat\/pladelestany\/wp-json\/wp\/v2\/categories?post=8853"},{"taxonomy":"post_tag","embeddable":true,"href":"https:\/\/serveiseducatius.xtec.cat\/pladelestany\/wp-json\/wp\/v2\/tags?post=8853"}],"curies":[{"name":"wp","href":"https:\/\/api.w.org\/{rel}","templated":true}]}}