{"id":8684,"date":"2026-02-02T17:40:59","date_gmt":"2026-02-02T16:40:59","guid":{"rendered":"https:\/\/serveiseducatius.xtec.cat\/pladelestany\/?p=8684"},"modified":"2026-02-02T17:48:41","modified_gmt":"2026-02-02T16:48:41","slug":"dia-de-la-llengua-materna-2026","status":"publish","type":"post","link":"https:\/\/serveiseducatius.xtec.cat\/pladelestany\/portada\/dia-de-la-llengua-materna-2026\/","title":{"rendered":"Dia internacional de la llengua materna 2026"},"content":{"rendered":"\n<p>La idea de celebrar el Dia Internacional de la Llengua Materna va ser una&nbsp;<a href=\"https:\/\/unesdoc.unesco.org\/ark:\/48223\/pf0000120679_spa\"> iniciativa de Bangla Desh<\/a>&nbsp;. Va ser aprovat a la&nbsp;&nbsp;<a href=\"https:\/\/unesdoc.unesco.org\/ark:\/48223\/pf0000117961_spa\">Confer\u00e8ncia General de la UNESCO de 1999<\/a>&nbsp;&nbsp;i s&#8217;ha observat a tot el m\u00f3n des de l&#8217;any 2000.<\/p>\n\n\n\n<p>Aquest any, el Dia Internacional de la Llengua Materna destaca el paper de les i els joves en la construcci\u00f3 del futur de l&#8217;educaci\u00f3 multiling\u00fce.&nbsp; <strong>Les veus de la joventut sobre l&#8217;educaci\u00f3 multiling\u00fce<\/strong>&nbsp;subratllen que la llengua \u00e9s molt m\u00e9s que un mitj\u00e0 de comunicaci\u00f3: \u00e9s fonamental per a la identitat, l&#8217;aprenentatge, el benestar i la participaci\u00f3 en la vida social. La celebraci\u00f3 ressalta la import\u00e0ncia de comptar amb sistemes educatius que reconeguin i valorin la llengua de cada estudiant per fomentar-ne la inclusi\u00f3 i millorar els resultats d&#8217;aprenentatge.<\/p>\n\n\n\n<p class=\"has-medium-font-size\">Per fomentar la diversitat ling\u00fc\u00edstica als centres educatius, es poden organitzar diverses activitats. En podeu trobar en els seg\u00fcents espais del Departament d&#8217;Educaci\u00f3 i Formaci\u00f3 Professional:<\/p>\n\n\n\n<p class=\"has-medium-font-size\"><strong><a href=\"https:\/\/projectes.xtec.cat\/origen\/general\/dia-de-la-llengua-materna-2026\/\" target=\"_blank\" rel=\"noreferrer noopener\">Programa de lleng\u00fces i cultures d&#8217;origen<\/a><\/strong><\/p>\n\n\n\n<p class=\"has-medium-font-size\"><a href=\"https:\/\/projectes.xtec.cat\/acollidasuport\/portada\/21-febrer-dia-internacional-llengua-materna\/\" target=\"_blank\" rel=\"noreferrer noopener\"><strong>Alumnat d&#8217;origen estranger<\/strong><\/a><\/p>\n\n\n\n<figure class=\"wp-block-image aligncenter size-full\"><img loading=\"lazy\" decoding=\"async\" width=\"550\" height=\"276\" src=\"https:\/\/serveiseducatius.xtec.cat\/pladelestany\/wp-content\/uploads\/usu771\/2026\/02\/llengua_materna_cartel1_1582024327_w550.jpg\" alt=\"\" class=\"wp-image-8685\" srcset=\"https:\/\/serveiseducatius.xtec.cat\/pladelestany\/wp-content\/uploads\/usu771\/2026\/02\/llengua_materna_cartel1_1582024327_w550.jpg 550w, https:\/\/serveiseducatius.xtec.cat\/pladelestany\/wp-content\/uploads\/usu771\/2026\/02\/llengua_materna_cartel1_1582024327_w550-300x151.jpg 300w\" sizes=\"auto, (max-width: 550px) 100vw, 550px\" \/><\/figure>\n\n\n\n<p class=\"has-text-align-center has-small-font-size\">Imatge extreta del Consorci de Normalitzaci\u00f3 ling\u00fc\u00edstica<\/p>\n","protected":false},"excerpt":{"rendered":"<p>La idea de celebrar el Dia Internacional de la Llengua Materna va ser una&nbsp; iniciativa de Bangla Desh&nbsp;. Va ser [&hellip;]<\/p>\n","protected":false},"author":1,"featured_media":8686,"comment_status":"closed","ping_status":"open","sticky":false,"template":"","format":"standard","meta":{"site-sidebar-layout":"default","site-content-layout":"","ast-site-content-layout":"default","site-content-style":"default","site-sidebar-style":"default","ast-global-header-display":"","ast-banner-title-visibility":"","ast-main-header-display":"","ast-hfb-above-header-display":"","ast-hfb-below-header-display":"","ast-hfb-mobile-header-display":"","site-post-title":"","ast-breadcrumbs-content":"","ast-featured-img":"","footer-sml-layout":"","theme-transparent-header-meta":"","adv-header-id-meta":"","stick-header-meta":"","header-above-stick-meta":"","header-main-stick-meta":"","header-below-stick-meta":"","astra-migrate-meta-layouts":"set","ast-page-background-enabled":"default","ast-page-background-meta":{"desktop":{"background-color":"var(--ast-global-color-4)","background-image":"","background-repeat":"repeat","background-position":"center center","background-size":"auto","background-attachment":"scroll","background-type":"","background-media":"","overlay-type":"","overlay-color":"","overlay-opacity":"","overlay-gradient":""},"tablet":{"background-color":"","background-image":"","background-repeat":"repeat","background-position":"center center","background-size":"auto","background-attachment":"scroll","background-type":"","background-media":"","overlay-type":"","overlay-color":"","overlay-opacity":"","overlay-gradient":""},"mobile":{"background-color":"","background-image":"","background-repeat":"repeat","background-position":"center center","background-size":"auto","background-attachment":"scroll","background-type":"","background-media":"","overlay-type":"","overlay-color":"","overlay-opacity":"","overlay-gradient":""}},"ast-content-background-meta":{"desktop":{"background-color":"var(--ast-global-color-5)","background-image":"","background-repeat":"repeat","background-position":"center center","background-size":"auto","background-attachment":"scroll","background-type":"","background-media":"","overlay-type":"","overlay-color":"","overlay-opacity":"","overlay-gradient":""},"tablet":{"background-color":"var(--ast-global-color-5)","background-image":"","background-repeat":"repeat","background-position":"center center","background-size":"auto","background-attachment":"scroll","background-type":"","background-media":"","overlay-type":"","overlay-color":"","overlay-opacity":"","overlay-gradient":""},"mobile":{"background-color":"var(--ast-global-color-5)","background-image":"","background-repeat":"repeat","background-position":"center center","background-size":"auto","background-attachment":"scroll","background-type":"","background-media":"","overlay-type":"","overlay-color":"","overlay-opacity":"","overlay-gradient":""}},"footnotes":""},"categories":[414,255,369,68,370,371,29,256],"tags":[],"class_list":["post-8684","post","type-post","status-publish","format-standard","has-post-thumbnail","hentry","category-acompanyament-alumnat","category-aula-dacollida","category-difusio","category-elic","category-escola-inclusiva","category-inclusio","category-portada","category-suport-linguistic"],"post_mailing_queue_ids":[],"_links":{"self":[{"href":"https:\/\/serveiseducatius.xtec.cat\/pladelestany\/wp-json\/wp\/v2\/posts\/8684","targetHints":{"allow":["GET"]}}],"collection":[{"href":"https:\/\/serveiseducatius.xtec.cat\/pladelestany\/wp-json\/wp\/v2\/posts"}],"about":[{"href":"https:\/\/serveiseducatius.xtec.cat\/pladelestany\/wp-json\/wp\/v2\/types\/post"}],"author":[{"embeddable":true,"href":"https:\/\/serveiseducatius.xtec.cat\/pladelestany\/wp-json\/wp\/v2\/users\/1"}],"replies":[{"embeddable":true,"href":"https:\/\/serveiseducatius.xtec.cat\/pladelestany\/wp-json\/wp\/v2\/comments?post=8684"}],"version-history":[{"count":6,"href":"https:\/\/serveiseducatius.xtec.cat\/pladelestany\/wp-json\/wp\/v2\/posts\/8684\/revisions"}],"predecessor-version":[{"id":8696,"href":"https:\/\/serveiseducatius.xtec.cat\/pladelestany\/wp-json\/wp\/v2\/posts\/8684\/revisions\/8696"}],"wp:featuredmedia":[{"embeddable":true,"href":"https:\/\/serveiseducatius.xtec.cat\/pladelestany\/wp-json\/wp\/v2\/media\/8686"}],"wp:attachment":[{"href":"https:\/\/serveiseducatius.xtec.cat\/pladelestany\/wp-json\/wp\/v2\/media?parent=8684"}],"wp:term":[{"taxonomy":"category","embeddable":true,"href":"https:\/\/serveiseducatius.xtec.cat\/pladelestany\/wp-json\/wp\/v2\/categories?post=8684"},{"taxonomy":"post_tag","embeddable":true,"href":"https:\/\/serveiseducatius.xtec.cat\/pladelestany\/wp-json\/wp\/v2\/tags?post=8684"}],"curies":[{"name":"wp","href":"https:\/\/api.w.org\/{rel}","templated":true}]}}