{"id":8158,"date":"2025-11-26T11:49:45","date_gmt":"2025-11-26T10:49:45","guid":{"rendered":"https:\/\/serveiseducatius.xtec.cat\/pladelestany\/?p=8158"},"modified":"2025-11-26T11:49:45","modified_gmt":"2025-11-26T10:49:45","slug":"xxxi-concurs-gust-per-la-lectura","status":"publish","type":"post","link":"https:\/\/serveiseducatius.xtec.cat\/pladelestany\/general\/xxxi-concurs-gust-per-la-lectura\/","title":{"rendered":"XXXI concurs GUST PER LA LECTURA"},"content":{"rendered":"\n<p>El Servei de Suports i Recursos Ling\u00fc\u00edstics del Departament d\u2019Educaci\u00f3 i Formaci\u00f3 Professional ha convocat el XXXI Concurs El gust per la lectura, basat en una s\u00e8rie de&nbsp;<a href=\"https:\/\/xtec.gencat.cat\/ca\/projectes\/lectura\/gustperlalectura\/concurs\/propostes-de-lectura\/\" target=\"_blank\" rel=\"noreferrer noopener\">propostes d\u2019obres<\/a>&nbsp;a les quals s\u2019associen&nbsp;<a href=\"https:\/\/xtec.gencat.cat\/ca\/projectes\/lectura\/gustperlalectura\/materialdidactic\/\" target=\"_blank\" rel=\"noreferrer noopener\">materials did\u00e0ctics.&nbsp;<\/a><br><strong>Inscripcions del 16 de novembre de 2025 al 22 de gener de 2026.<\/strong><\/p>\n\n\n\n<p>Per participar en el concurs, els docents hauran de formalitzar la inscripci\u00f3 accedint al formulari mitjan\u00e7ant el <a href=\"https:\/\/inici.espai.educacio.gencat.cat\/\" target=\"_blank\" rel=\"noreferrer noopener\"><strong>portal de centres<\/strong><\/a> del Departament d\u2019Educaci\u00f3 i Formaci\u00f3 Professional, on tamb\u00e9 trobaran un tutorial per guiar el proc\u00e9s.<\/p>\n\n\n\n<p>Es far\u00e0 una inscripci\u00f3 per a cada grup classe que hi participi, independentment de la modalitat del treball (de grup o individual). Cal fer constar el nombre d\u2019alumnes del grup classe.<\/p>\n\n\n<div style=\"width: 100%;\">\n<div style=\"position: relative; padding-bottom: 101.13851992409867%; padding-top: 0; height: 0;\"><iframe loading=\"lazy\" title=\"XXXI Concurs\"El Gust per la lectura\"\" frameborder=\"0\" width=\"527px\" height=\"533px\" style=\"position: absolute; top: 0; left: 0; width: 100%; height: 100%;\" src=\"https:\/\/view.genially.com\/5ffef2a1fbb1810d15725746\" type=\"text\/html\" allowscriptaccess=\"always\" allowfullscreen=\"true\" scrolling=\"yes\" allownetworking=\"all\"><\/iframe> <\/div>\n<\/p><\/div>\n\n\n<p><iframe loading=\"lazy\" src=\"https:\/\/drive.google.com\/file\/d\/14kryuooJbsm18xKlq__L7qiSDVckiYJg\/preview\" width=\"640\" height=\"450\" allow=\"autoplay\"><\/iframe><\/p>\n","protected":false},"excerpt":{"rendered":"<p>El Servei de Suports i Recursos Ling\u00fc\u00edstics del Departament d\u2019Educaci\u00f3 i Formaci\u00f3 Professional ha convocat el XXXI Concurs El gust [&hellip;]<\/p>\n","protected":false},"author":1,"featured_media":8161,"comment_status":"closed","ping_status":"open","sticky":false,"template":"","format":"standard","meta":{"site-sidebar-layout":"default","site-content-layout":"","ast-site-content-layout":"default","site-content-style":"default","site-sidebar-style":"default","ast-global-header-display":"","ast-banner-title-visibility":"","ast-main-header-display":"","ast-hfb-above-header-display":"","ast-hfb-below-header-display":"","ast-hfb-mobile-header-display":"","site-post-title":"","ast-breadcrumbs-content":"","ast-featured-img":"","footer-sml-layout":"","theme-transparent-header-meta":"","adv-header-id-meta":"","stick-header-meta":"","header-above-stick-meta":"","header-main-stick-meta":"","header-below-stick-meta":"","astra-migrate-meta-layouts":"set","ast-page-background-enabled":"default","ast-page-background-meta":{"desktop":{"background-color":"var(--ast-global-color-4)","background-image":"","background-repeat":"repeat","background-position":"center center","background-size":"auto","background-attachment":"scroll","background-type":"","background-media":"","overlay-type":"","overlay-color":"","overlay-opacity":"","overlay-gradient":""},"tablet":{"background-color":"","background-image":"","background-repeat":"repeat","background-position":"center center","background-size":"auto","background-attachment":"scroll","background-type":"","background-media":"","overlay-type":"","overlay-color":"","overlay-opacity":"","overlay-gradient":""},"mobile":{"background-color":"","background-image":"","background-repeat":"repeat","background-position":"center center","background-size":"auto","background-attachment":"scroll","background-type":"","background-media":"","overlay-type":"","overlay-color":"","overlay-opacity":"","overlay-gradient":""}},"ast-content-background-meta":{"desktop":{"background-color":"var(--ast-global-color-5)","background-image":"","background-repeat":"repeat","background-position":"center center","background-size":"auto","background-attachment":"scroll","background-type":"","background-media":"","overlay-type":"","overlay-color":"","overlay-opacity":"","overlay-gradient":""},"tablet":{"background-color":"var(--ast-global-color-5)","background-image":"","background-repeat":"repeat","background-position":"center center","background-size":"auto","background-attachment":"scroll","background-type":"","background-media":"","overlay-type":"","overlay-color":"","overlay-opacity":"","overlay-gradient":""},"mobile":{"background-color":"var(--ast-global-color-5)","background-image":"","background-repeat":"repeat","background-position":"center center","background-size":"auto","background-attachment":"scroll","background-type":"","background-media":"","overlay-type":"","overlay-color":"","overlay-opacity":"","overlay-gradient":""}},"footnotes":""},"categories":[66,1,415,29],"tags":[],"class_list":["post-8158","post","type-post","status-publish","format-standard","has-post-thumbnail","hentry","category-dinamitzacio","category-general","category-gust-per-la-lectura","category-portada"],"post_mailing_queue_ids":[],"_links":{"self":[{"href":"https:\/\/serveiseducatius.xtec.cat\/pladelestany\/wp-json\/wp\/v2\/posts\/8158","targetHints":{"allow":["GET"]}}],"collection":[{"href":"https:\/\/serveiseducatius.xtec.cat\/pladelestany\/wp-json\/wp\/v2\/posts"}],"about":[{"href":"https:\/\/serveiseducatius.xtec.cat\/pladelestany\/wp-json\/wp\/v2\/types\/post"}],"author":[{"embeddable":true,"href":"https:\/\/serveiseducatius.xtec.cat\/pladelestany\/wp-json\/wp\/v2\/users\/1"}],"replies":[{"embeddable":true,"href":"https:\/\/serveiseducatius.xtec.cat\/pladelestany\/wp-json\/wp\/v2\/comments?post=8158"}],"version-history":[{"count":4,"href":"https:\/\/serveiseducatius.xtec.cat\/pladelestany\/wp-json\/wp\/v2\/posts\/8158\/revisions"}],"predecessor-version":[{"id":8237,"href":"https:\/\/serveiseducatius.xtec.cat\/pladelestany\/wp-json\/wp\/v2\/posts\/8158\/revisions\/8237"}],"wp:featuredmedia":[{"embeddable":true,"href":"https:\/\/serveiseducatius.xtec.cat\/pladelestany\/wp-json\/wp\/v2\/media\/8161"}],"wp:attachment":[{"href":"https:\/\/serveiseducatius.xtec.cat\/pladelestany\/wp-json\/wp\/v2\/media?parent=8158"}],"wp:term":[{"taxonomy":"category","embeddable":true,"href":"https:\/\/serveiseducatius.xtec.cat\/pladelestany\/wp-json\/wp\/v2\/categories?post=8158"},{"taxonomy":"post_tag","embeddable":true,"href":"https:\/\/serveiseducatius.xtec.cat\/pladelestany\/wp-json\/wp\/v2\/tags?post=8158"}],"curies":[{"name":"wp","href":"https:\/\/api.w.org\/{rel}","templated":true}]}}