{"id":6061,"date":"2025-02-13T09:39:09","date_gmt":"2025-02-13T08:39:09","guid":{"rendered":"https:\/\/serveiseducatius.xtec.cat\/pladelestany\/?p=6061"},"modified":"2025-02-13T09:40:36","modified_gmt":"2025-02-13T08:40:36","slug":"emissio-en-directe-100-anys-explicant-histories-dia-mundial-de-la-radio","status":"publish","type":"post","link":"https:\/\/serveiseducatius.xtec.cat\/pladelestany\/general\/emissio-en-directe-100-anys-explicant-histories-dia-mundial-de-la-radio\/","title":{"rendered":"Emissi\u00f3 en directe &#8220;100 anys explicant hist\u00f2ries&#8221; &#8211; Dia mundial de la r\u00e0dio"},"content":{"rendered":"<div>\n<p>L\u2019Assemblea General de les Nacions Unides van acordar la celebraci\u00f3 del dia Mundial de la R\u00e0dio el 13 de febrer de cada any. Tal com s\u2019afirma des de la\u00a0<a href=\"https:\/\/www.unesco.org\/es\/days\/world-radio\" target=\"_blank\" rel=\"noreferrer noopener\" data-type=\"link\" data-id=\"https:\/\/www.unesco.org\/es\/days\/world-radio\">UNESCO,<\/a>\u00a0en una era marcada per la vertiginosa velocitat de la innovaci\u00f3 tecnol\u00f2gica i la r\u00e0pida obsolesc\u00e8ncia d\u2019una nova i brillant plataforma darrere l\u2019altra, la r\u00e0dio comen\u00e7a el segon segle de servei com un dels mitjans de comunicaci\u00f3 m\u00e9s fiables i \u00e0mpliament utilitzats al m\u00f3n.<\/p>\n<p>Certament, la r\u00e0dio ens informa, ens uneix i esdev\u00e9 el mitj\u00e0 perfecte per con\u00e8ixer noves idees, noves maneres de pensar, compatir hist\u00f2ries i fer con\u00e8ixer les nostres tradicions arreu<strong>.<\/strong><\/p>\n<p>Un any m\u00e9s el Grup de Treball dels Centres de Recursos Pedag\u00f2gics ha proposat dur a terme la preparaci\u00f3 col\u00b7laborativa d\u2019un programa radiof\u00f2nic al mes de febrer i coincidint amb aquest\u00a0<strong>dia mundial de la r\u00e0dio<\/strong>. Aix\u00ed doncs, us presentem de nou l\u2019activitat\u00a0<strong>\u201cCent anys explicant hist\u00f2ries\u201d<\/strong> en la que els centres enregistren una pe\u00e7a sonora basada en un conte, llegenda o relat popular arrelat al territori.<\/p>\n<\/div>\n<p><img loading=\"lazy\" decoding=\"async\" class=\"aligncenter size-full wp-image-6062\" src=\"https:\/\/serveiseducatius.xtec.cat\/pladelestany\/wp-content\/uploads\/usu771\/2025\/02\/radio.jpg\" alt=\"\" width=\"1197\" height=\"297\" srcset=\"https:\/\/serveiseducatius.xtec.cat\/pladelestany\/wp-content\/uploads\/usu771\/2025\/02\/radio.jpg 1197w, https:\/\/serveiseducatius.xtec.cat\/pladelestany\/wp-content\/uploads\/usu771\/2025\/02\/radio-300x74.jpg 300w, https:\/\/serveiseducatius.xtec.cat\/pladelestany\/wp-content\/uploads\/usu771\/2025\/02\/radio-1024x254.jpg 1024w, https:\/\/serveiseducatius.xtec.cat\/pladelestany\/wp-content\/uploads\/usu771\/2025\/02\/radio-768x191.jpg 768w\" sizes=\"auto, (max-width: 1197px) 100vw, 1197px\" \/><\/p>\n<p>Podeu sentir l&#8217;emissi\u00f3 en directe en el dia Mundial de la R\u00e0dio des d&#8217;aqu\u00ed <a href=\"http:\/\/radio.edigital.cat:8084\/canaldereporters\" target=\"_blank\" rel=\"noopener\" data-saferedirecturl=\"https:\/\/www.google.com\/url?q=http:\/\/radio.edigital.cat:8084\/canaldereporters&amp;source=gmail&amp;ust=1739521857890000&amp;usg=AOvVaw0iVlvP0koYUsIjq2tReQ55\">http:\/\/radio.edigital.<wbr \/>cat:8084\/canaldereporters<\/a><\/p>\n<p>No us perdeu cap de les hist\u00f2ries d&#8217;enguany. Hi trobareu una diversitat d&#8217;accents rica i meravellosa.<\/p>\n<p>Podeu recuperar totes les hist\u00f2ries al repositori d&#8217;arxius sonors.\u00a0<a href=\"https:\/\/projectes.xtec.cat\/canaldereporters\/repositori\/\" target=\"_blank\" rel=\"noopener\" data-saferedirecturl=\"https:\/\/www.google.com\/url?q=https:\/\/projectes.xtec.cat\/canaldereporters\/repositori\/&amp;source=gmail&amp;ust=1739521857890000&amp;usg=AOvVaw0Uq3oDW76zdNBDJHEstd2p\">https:\/\/projectes.<wbr \/>xtec.cat\/canaldereporters\/<wbr \/>repositori\/<\/a><\/p>\n<p>&nbsp;<\/p>\n","protected":false},"excerpt":{"rendered":"<p>L\u2019Assemblea General de les Nacions Unides van acordar la celebraci\u00f3 del dia Mundial de la R\u00e0dio el 13 de febrer [&hellip;]<\/p>\n","protected":false},"author":5,"featured_media":6063,"comment_status":"closed","ping_status":"closed","sticky":false,"template":"","format":"standard","meta":{"site-sidebar-layout":"default","site-content-layout":"","ast-site-content-layout":"","site-content-style":"default","site-sidebar-style":"default","ast-global-header-display":"","ast-banner-title-visibility":"","ast-main-header-display":"","ast-hfb-above-header-display":"","ast-hfb-below-header-display":"","ast-hfb-mobile-header-display":"","site-post-title":"","ast-breadcrumbs-content":"","ast-featured-img":"","footer-sml-layout":"","theme-transparent-header-meta":"","adv-header-id-meta":"","stick-header-meta":"","header-above-stick-meta":"","header-main-stick-meta":"","header-below-stick-meta":"","astra-migrate-meta-layouts":"default","ast-page-background-enabled":"default","ast-page-background-meta":{"desktop":{"background-color":"var(--ast-global-color-4)","background-image":"","background-repeat":"repeat","background-position":"center center","background-size":"auto","background-attachment":"scroll","background-type":"","background-media":"","overlay-type":"","overlay-color":"","overlay-opacity":"","overlay-gradient":""},"tablet":{"background-color":"","background-image":"","background-repeat":"repeat","background-position":"center center","background-size":"auto","background-attachment":"scroll","background-type":"","background-media":"","overlay-type":"","overlay-color":"","overlay-opacity":"","overlay-gradient":""},"mobile":{"background-color":"","background-image":"","background-repeat":"repeat","background-position":"center center","background-size":"auto","background-attachment":"scroll","background-type":"","background-media":"","overlay-type":"","overlay-color":"","overlay-opacity":"","overlay-gradient":""}},"ast-content-background-meta":{"desktop":{"background-color":"var(--ast-global-color-5)","background-image":"","background-repeat":"repeat","background-position":"center center","background-size":"auto","background-attachment":"scroll","background-type":"","background-media":"","overlay-type":"","overlay-color":"","overlay-opacity":"","overlay-gradient":""},"tablet":{"background-color":"var(--ast-global-color-5)","background-image":"","background-repeat":"repeat","background-position":"center center","background-size":"auto","background-attachment":"scroll","background-type":"","background-media":"","overlay-type":"","overlay-color":"","overlay-opacity":"","overlay-gradient":""},"mobile":{"background-color":"var(--ast-global-color-5)","background-image":"","background-repeat":"repeat","background-position":"center center","background-size":"auto","background-attachment":"scroll","background-type":"","background-media":"","overlay-type":"","overlay-color":"","overlay-opacity":"","overlay-gradient":""}},"footnotes":""},"categories":[369,1,29],"tags":[],"class_list":["post-6061","post","type-post","status-publish","format-standard","has-post-thumbnail","hentry","category-difusio","category-general","category-portada"],"post_mailing_queue_ids":[],"_links":{"self":[{"href":"https:\/\/serveiseducatius.xtec.cat\/pladelestany\/wp-json\/wp\/v2\/posts\/6061","targetHints":{"allow":["GET"]}}],"collection":[{"href":"https:\/\/serveiseducatius.xtec.cat\/pladelestany\/wp-json\/wp\/v2\/posts"}],"about":[{"href":"https:\/\/serveiseducatius.xtec.cat\/pladelestany\/wp-json\/wp\/v2\/types\/post"}],"author":[{"embeddable":true,"href":"https:\/\/serveiseducatius.xtec.cat\/pladelestany\/wp-json\/wp\/v2\/users\/5"}],"replies":[{"embeddable":true,"href":"https:\/\/serveiseducatius.xtec.cat\/pladelestany\/wp-json\/wp\/v2\/comments?post=6061"}],"version-history":[{"count":1,"href":"https:\/\/serveiseducatius.xtec.cat\/pladelestany\/wp-json\/wp\/v2\/posts\/6061\/revisions"}],"predecessor-version":[{"id":6064,"href":"https:\/\/serveiseducatius.xtec.cat\/pladelestany\/wp-json\/wp\/v2\/posts\/6061\/revisions\/6064"}],"wp:featuredmedia":[{"embeddable":true,"href":"https:\/\/serveiseducatius.xtec.cat\/pladelestany\/wp-json\/wp\/v2\/media\/6063"}],"wp:attachment":[{"href":"https:\/\/serveiseducatius.xtec.cat\/pladelestany\/wp-json\/wp\/v2\/media?parent=6061"}],"wp:term":[{"taxonomy":"category","embeddable":true,"href":"https:\/\/serveiseducatius.xtec.cat\/pladelestany\/wp-json\/wp\/v2\/categories?post=6061"},{"taxonomy":"post_tag","embeddable":true,"href":"https:\/\/serveiseducatius.xtec.cat\/pladelestany\/wp-json\/wp\/v2\/tags?post=6061"}],"curies":[{"name":"wp","href":"https:\/\/api.w.org\/{rel}","templated":true}]}}