{"id":6027,"date":"2025-02-11T11:41:10","date_gmt":"2025-02-11T10:41:10","guid":{"rendered":"https:\/\/serveiseducatius.xtec.cat\/pladelestany\/?p=6027"},"modified":"2025-02-11T12:18:58","modified_gmt":"2025-02-11T11:18:58","slug":"tdr-2425","status":"publish","type":"post","link":"https:\/\/serveiseducatius.xtec.cat\/pladelestany\/general\/tdr-2425\/","title":{"rendered":"TdR 2425"},"content":{"rendered":"<p dir=\"ltr\">Podeu consultar els treballs que s&#8217;han seleccionat per a l&#8217;edici\u00f3 del curs 24-25.<\/p>\n<table style=\"width: 100%; border-collapse: collapse; border-style: none;\">\n<tbody>\n<tr>\n<td style=\"width: 16.5%; vertical-align: top; border-style: none;\"><a href=\"https:\/\/drive.google.com\/file\/d\/1W6WqEbXsAF4LADH_NFXHybAZRZnWvXWz\/view?usp=drivesdk\" target=\"_blank\" rel=\"noopener\"><img loading=\"lazy\" decoding=\"async\" class=\"alignnone wp-image-5947 \" style=\"font-size: 16px; text-align: center;\" src=\"https:\/\/serveiseducatius.xtec.cat\/pladelestany\/wp-content\/uploads\/usu771\/2025\/01\/TdR-SALUT-INTESTINAL.png\" alt=\"\" width=\"200\" height=\"283\" srcset=\"https:\/\/serveiseducatius.xtec.cat\/pladelestany\/wp-content\/uploads\/usu771\/2025\/01\/TdR-SALUT-INTESTINAL.png 340w, https:\/\/serveiseducatius.xtec.cat\/pladelestany\/wp-content\/uploads\/usu771\/2025\/01\/TdR-SALUT-INTESTINAL-212x300.png 212w\" sizes=\"auto, (max-width: 200px) 100vw, 200px\" \/><\/a><\/td>\n<td style=\"width: 33%; vertical-align: top; border-style: none;\">\n<h4><a style=\"color: #2795b6;\" href=\"https:\/\/drive.google.com\/file\/d\/1pH8jqfK38Ao1igHHRUQSj6b9Q64MGzwF\/view?usp=drivesdk\" target=\"_blank\" rel=\"noopener\"><strong>Correlaci\u00f3 entre l\u2019addici\u00f3 d\u2019un probi\u00f2tic i la salut intestinal.<\/strong><\/a><\/h4>\n<ul>\n<li style=\"text-align: left;\"><strong>Josep May\u00e0 Moncunill<\/strong><\/li>\n<li style=\"text-align: left;\"><span style=\"font-size: medium;\">Tutor:\u00a0<span data-sheets-root=\"1\">Josep Ribas Vila<\/span><\/span><\/li>\n<li style=\"text-align: left;\"><span style=\"font-size: medium;\">Modalitat:\u00a0<span data-sheets-root=\"1\">Cient\u00edfic<\/span><\/span><\/li>\n<li><span data-sheets-root=\"1\">Institut Pla de l\u2019Estany<\/span><\/li>\n<\/ul>\n<\/td>\n<td style=\"width: 16.5%; vertical-align: top; border-style: none;\"><a href=\"https:\/\/drive.google.com\/file\/d\/1n1X5ctvmPJgw7lFxKEwDZrH3BdA_5B1U\/view?usp=drivesdk\" target=\"_blank\" rel=\"noopener\"><img loading=\"lazy\" decoding=\"async\" class=\"alignnone wp-image-5952 \" style=\"font-size: 16px; text-align: center;\" src=\"https:\/\/serveiseducatius.xtec.cat\/pladelestany\/wp-content\/uploads\/usu771\/2025\/01\/TdR-XARXES-NEURONALS.png\" alt=\"\" width=\"200\" height=\"283\" srcset=\"https:\/\/serveiseducatius.xtec.cat\/pladelestany\/wp-content\/uploads\/usu771\/2025\/01\/TdR-XARXES-NEURONALS.png 340w, https:\/\/serveiseducatius.xtec.cat\/pladelestany\/wp-content\/uploads\/usu771\/2025\/01\/TdR-XARXES-NEURONALS-212x300.png 212w\" sizes=\"auto, (max-width: 200px) 100vw, 200px\" \/><\/a><\/td>\n<td style=\"width: 33%; vertical-align: top; border-style: none;\">\n<h4><a style=\"color: #2795b6;\" href=\"https:\/\/drive.google.com\/file\/d\/1ZBlRJ3tvbLoyb5hsAvDDHB5pzBXvd5tN\/view?usp=drivesdk\" target=\"_blank\" rel=\"noopener\"><strong>Xarxes neuronals: Classificaci\u00f3 de races de cavalls amb intel\u00b7lig\u00e8ncia artificial.<\/strong><\/a><\/h4>\n<ul>\n<li style=\"text-align: left;\"><strong>Aina \u00c0vila Sitj\u00e0<\/strong><\/li>\n<li style=\"text-align: left;\"><span style=\"font-size: medium;\">Tutor:\u00a0<span data-sheets-root=\"1\">Rafel Juanola<\/span><\/span><\/li>\n<li style=\"text-align: left;\"><span style=\"font-size: medium;\">Modalitat:\u00a0<span data-sheets-root=\"1\">Tecnol\u00f2gic<\/span><\/span><\/li>\n<li><span data-sheets-root=\"1\">Institut Josep Brugulat<\/span><\/li>\n<\/ul>\n<\/td>\n<\/tr>\n<tr>\n<td style=\"width: 16.5%; vertical-align: top; border-style: none;\"><img loading=\"lazy\" decoding=\"async\" class=\"alignnone wp-image-5949 size-full\" style=\"background-color: #ffffff; font-size: 16px; text-align: center;\" src=\"https:\/\/serveiseducatius.xtec.cat\/pladelestany\/wp-content\/uploads\/usu771\/2025\/01\/TdR-TEIXINT-FUTUR.png\" alt=\"\" width=\"200\" height=\"283\" srcset=\"https:\/\/serveiseducatius.xtec.cat\/pladelestany\/wp-content\/uploads\/usu771\/2025\/01\/TdR-TEIXINT-FUTUR.png 340w, https:\/\/serveiseducatius.xtec.cat\/pladelestany\/wp-content\/uploads\/usu771\/2025\/01\/TdR-TEIXINT-FUTUR-212x300.png 212w\" sizes=\"auto, (max-width: 200px) 100vw, 200px\" \/><\/td>\n<td style=\"width: 33%; vertical-align: top; border-style: none;\">\n<h4><a style=\"color: #2795b6;\" href=\"https:\/\/drive.google.com\/file\/d\/1gMpWNE6rxlL_VK6V6YME9GjrMN2i67sg\/view?usp=drivesdk\" target=\"_blank\" rel=\"noopener\"><strong>Teixint el futur. De la fast fashion a la sostenibilitat: com el passaport digital de producte pot transformar la ind\u00fastria de la moda.<\/strong><\/a><\/h4>\n<ul>\n<li style=\"text-align: left;\"><span style=\"font-family: Arial; font-size: medium;\"><strong><span data-sheets-root=\"1\">X\u00e8nia Do\u00f1ate i Rubio<\/span><\/strong><\/span><\/li>\n<li style=\"text-align: left;\"><span style=\"font-size: medium;\">Tutora:\u00a0<span data-sheets-root=\"1\">C\u00e8lia Pasadas<\/span><\/span><\/li>\n<li style=\"text-align: left;\"><span style=\"font-size: medium;\">Modalitat: Social<\/span><\/li>\n<li style=\"text-align: left;\"><span data-sheets-root=\"1\">Institut Josep Brugulat<\/span><\/li>\n<\/ul>\n<\/td>\n<td style=\"width: 16.5%; vertical-align: top; border-style: none;\"><img loading=\"lazy\" decoding=\"async\" class=\"alignnone wp-image-5948 size-full\" style=\"font-size: 16px; text-align: center; background-color: #ffffff;\" src=\"https:\/\/serveiseducatius.xtec.cat\/pladelestany\/wp-content\/uploads\/usu771\/2025\/01\/TdR-SIMFONIA-FOURIER.png\" alt=\"\" width=\"200\" height=\"283\" srcset=\"https:\/\/serveiseducatius.xtec.cat\/pladelestany\/wp-content\/uploads\/usu771\/2025\/01\/TdR-SIMFONIA-FOURIER.png 340w, https:\/\/serveiseducatius.xtec.cat\/pladelestany\/wp-content\/uploads\/usu771\/2025\/01\/TdR-SIMFONIA-FOURIER-212x300.png 212w\" sizes=\"auto, (max-width: 200px) 100vw, 200px\" \/><\/td>\n<td style=\"width: 33%; vertical-align: top; border-style: none;\">\n<h4><a style=\"color: #2795b6;\" href=\"https:\/\/drive.google.com\/file\/d\/1KbC5GG_iwJxBE0yW377GB6dGc7YZUUtn\/view?usp=drivesdk\" target=\"_blank\" rel=\"noopener\"><strong>Simfonia de Fourier. Aplicaci\u00f3 de la transformada de Fourier per a relacionar les matem\u00e0tiques, la f\u00edsica i la m\u00fasica.<\/strong><\/a><\/h4>\n<ul>\n<li style=\"text-align: left;\"><span style=\"font-family: Arial; font-size: medium;\"><strong><span data-sheets-root=\"1\">Jan G\u00f3mez Pujol<\/span><\/strong><\/span><\/li>\n<li style=\"text-align: left;\"><span style=\"font-size: medium;\">Tutor:\u00a0<span data-sheets-root=\"1\">Narc\u00eds Bartis<\/span><\/span><\/li>\n<li style=\"text-align: left;\"><span style=\"font-size: medium;\">Modalitat: Art\u00edstic &#8211; cient\u00edfic<\/span><\/li>\n<li><span data-sheets-root=\"1\">Institut Pere Alsius i Torrent<\/span><\/li>\n<\/ul>\n<\/td>\n<\/tr>\n<tr>\n<td style=\"width: 16.5%; vertical-align: top; border-style: none;\"><img loading=\"lazy\" decoding=\"async\" class=\"alignnone wp-image-5946 size-full\" style=\"font-size: 16px; text-align: center; background-color: #ffffff;\" src=\"https:\/\/serveiseducatius.xtec.cat\/pladelestany\/wp-content\/uploads\/usu771\/2025\/01\/TdR-oclusio-dental.png\" alt=\"\" width=\"200\" height=\"283\" srcset=\"https:\/\/serveiseducatius.xtec.cat\/pladelestany\/wp-content\/uploads\/usu771\/2025\/01\/TdR-oclusio-dental.png 340w, https:\/\/serveiseducatius.xtec.cat\/pladelestany\/wp-content\/uploads\/usu771\/2025\/01\/TdR-oclusio-dental-212x300.png 212w\" sizes=\"auto, (max-width: 200px) 100vw, 200px\" \/><\/td>\n<td style=\"width: 33%; vertical-align: top; border-style: none;\">\n<h4><a style=\"color: #2795b6;\" href=\"https:\/\/drive.google.com\/file\/d\/1zBzNUCHJ3bYwo6hSMLqKpHrPeeZrZMNb\/view?usp=drivesdk\" target=\"_blank\" rel=\"noopener\"><strong><span style=\"font-family: Arial; font-size: medium;\">L&#8217;oclusi\u00f3 dental, l\u2019enigma de les migranyes.<\/span><\/strong><\/a><\/h4>\n<ul>\n<li style=\"text-align: left;\"><span style=\"font-family: Arial; font-size: medium;\"><strong><span data-sheets-root=\"1\">Paula Company Costa<\/span><\/strong><\/span><\/li>\n<li style=\"text-align: left;\"><span style=\"font-size: medium;\">Tutora:\u00a0<span data-sheets-root=\"1\">Maria Teresa Cels<\/span><\/span><\/li>\n<li style=\"text-align: left;\"><span style=\"font-size: medium;\">Modalitat: Cient\u00edfic<\/span><\/li>\n<li>Institut Pere Alsius<\/li>\n<\/ul>\n<\/td>\n<td style=\"width: 16.5%; vertical-align: top; border-style: none;\"><img loading=\"lazy\" decoding=\"async\" class=\"alignnone wp-image-5941 size-full\" style=\"font-size: 16px; text-align: center; background-color: #ffffff;\" src=\"https:\/\/serveiseducatius.xtec.cat\/pladelestany\/wp-content\/uploads\/usu771\/2025\/01\/TdR-ENTRE-BOMBES.png\" alt=\"\" width=\"200\" height=\"283\" srcset=\"https:\/\/serveiseducatius.xtec.cat\/pladelestany\/wp-content\/uploads\/usu771\/2025\/01\/TdR-ENTRE-BOMBES.png 340w, https:\/\/serveiseducatius.xtec.cat\/pladelestany\/wp-content\/uploads\/usu771\/2025\/01\/TdR-ENTRE-BOMBES-212x300.png 212w\" sizes=\"auto, (max-width: 200px) 100vw, 200px\" \/><\/td>\n<td style=\"width: 33%; vertical-align: top; border-style: none;\">\n<h4><a style=\"color: #2795b6;\" href=\"https:\/\/drive.google.com\/file\/d\/1jY9KpGtawXwkP3d5H3GJVtG3LaH78WLb\/view?usp=drivesdk\" target=\"_blank\" rel=\"noopener\"><strong>Entre bombes i records. Reconstruint la hist\u00f2ria d&#8217;un xofer de l\u2019ex\u00e8rcit republic\u00e0 espanyol 1936-39.<\/strong><\/a><\/h4>\n<ul>\n<li style=\"text-align: left;\"><span style=\"font-family: Arial; font-size: medium;\"><strong><span data-sheets-root=\"1\">Guerau Forast\u00e9 Masgrau<\/span><\/strong><\/span><\/li>\n<li style=\"text-align: left;\"><span style=\"font-size: medium;\">Tutora:\u00a0<span data-sheets-root=\"1\">Ester Garc\u00eda Fragua<\/span><\/span><\/li>\n<li style=\"text-align: left;\"><span style=\"font-size: medium;\">Modalitat: Human\u00edstic &#8211; social<\/span><\/li>\n<li><span data-sheets-root=\"1\">Institut Pere Alsius i Torrent<\/span><\/li>\n<\/ul>\n<\/td>\n<\/tr>\n<tr>\n<td style=\"width: 16.5%; vertical-align: top; border-style: none;\"><img loading=\"lazy\" decoding=\"async\" class=\"alignnone wp-image-5945 size-full\" style=\"font-size: 16px; text-align: center;\" src=\"https:\/\/serveiseducatius.xtec.cat\/pladelestany\/wp-content\/uploads\/usu771\/2025\/01\/TdR-NGOsIGOs.png\" alt=\"\" width=\"200\" height=\"283\" srcset=\"https:\/\/serveiseducatius.xtec.cat\/pladelestany\/wp-content\/uploads\/usu771\/2025\/01\/TdR-NGOsIGOs.png 340w, https:\/\/serveiseducatius.xtec.cat\/pladelestany\/wp-content\/uploads\/usu771\/2025\/01\/TdR-NGOsIGOs-212x300.png 212w\" sizes=\"auto, (max-width: 200px) 100vw, 200px\" \/><\/td>\n<td style=\"width: 33%; vertical-align: top; border-style: none;\">\n<h4><a style=\"color: #2795b6;\" href=\"https:\/\/drive.google.com\/file\/d\/1az_MLLkCisq3O0C21MnuN8-24-xl58bF\/view?usp=drivesdk\" target=\"_blank\" rel=\"noopener\"><strong>NGOs AND IGOs: Who\u2019s got your back?<\/strong><\/a><\/h4>\n<ul>\n<li style=\"text-align: left;\"><span style=\"font-family: Arial; font-size: medium;\"><strong><span data-sheets-root=\"1\">Jenabu Kebbeh Tambidou<\/span><\/strong><\/span><\/li>\n<li style=\"text-align: left;\"><span style=\"font-size: medium;\">Tutoria:\u00a0<span data-sheets-root=\"1\">Manuel Herrer\u00eda<\/span><\/span><\/li>\n<li style=\"text-align: left;\"><span style=\"font-size: medium;\">Modalitat: Human\u00edstic &#8211; social<\/span><\/li>\n<li>Institut Pla de l&#8217;Estany<\/li>\n<\/ul>\n<\/td>\n<td style=\"width: 16.5%; vertical-align: top; border-style: none;\"><img loading=\"lazy\" decoding=\"async\" class=\"alignnone wp-image-5943 size-full\" style=\"font-size: 16px; text-align: center;\" src=\"https:\/\/serveiseducatius.xtec.cat\/pladelestany\/wp-content\/uploads\/usu771\/2025\/01\/TdR-Estres-Alzheimer.png\" alt=\"\" width=\"200\" height=\"283\" srcset=\"https:\/\/serveiseducatius.xtec.cat\/pladelestany\/wp-content\/uploads\/usu771\/2025\/01\/TdR-Estres-Alzheimer.png 340w, https:\/\/serveiseducatius.xtec.cat\/pladelestany\/wp-content\/uploads\/usu771\/2025\/01\/TdR-Estres-Alzheimer-212x300.png 212w\" sizes=\"auto, (max-width: 200px) 100vw, 200px\" \/><\/td>\n<td style=\"width: 33%; vertical-align: top; border-style: none;\">\n<h4><a style=\"color: #2795b6;\" href=\"https:\/\/drive.google.com\/file\/d\/1LE8BH7aaHTD2qPx06uL6VNDuVPRk-Men\/view?usp=drivesdk\" target=\"_blank\" rel=\"noopener\"><strong>Estr\u00e8s i Alzheimer: Com l\u2019estil de vida pot causar dem\u00e8ncia<\/strong><\/a><\/h4>\n<ul>\n<li style=\"text-align: left;\"><span style=\"font-family: Arial; font-size: medium;\"><strong><span data-sheets-root=\"1\">J\u00falia Pont Bonet<\/span><\/strong><\/span><\/li>\n<li style=\"text-align: left;\"><span style=\"font-size: medium;\">Tutora:\u00a0<span data-sheets-root=\"1\">Maria Teresa Colomer<\/span><\/span><\/li>\n<li style=\"text-align: left;\"><span style=\"font-size: medium;\">Modalitat: Cient\u00edfic<\/span><\/li>\n<li style=\"text-align: left;\">Institut Josep Brugulat<\/li>\n<\/ul>\n<\/td>\n<\/tr>\n<tr>\n<td style=\"width: 16.5%; vertical-align: top; border-style: none;\"><img loading=\"lazy\" decoding=\"async\" class=\"alignnone wp-image-5944 size-full\" style=\"background-color: #f9f9f9; font-size: 16px; text-align: center;\" src=\"https:\/\/serveiseducatius.xtec.cat\/pladelestany\/wp-content\/uploads\/usu771\/2025\/01\/TdR-Neurofarmacs.png\" alt=\"\" width=\"200\" height=\"283\" srcset=\"https:\/\/serveiseducatius.xtec.cat\/pladelestany\/wp-content\/uploads\/usu771\/2025\/01\/TdR-Neurofarmacs.png 340w, https:\/\/serveiseducatius.xtec.cat\/pladelestany\/wp-content\/uploads\/usu771\/2025\/01\/TdR-Neurofarmacs-212x300.png 212w\" sizes=\"auto, (max-width: 200px) 100vw, 200px\" \/><\/td>\n<td style=\"width: 33%; vertical-align: top; border-style: none;\">\n<h4><a href=\"https:\/\/drive.google.com\/file\/d\/1kizy1Dl2GMSbmEljfEAAiZnn5dFhJAL-\/view?usp=drivesdk\" target=\"_blank\" rel=\"noopener\"><strong>Travessant barreres. Possible aplicaci\u00f3 dels nanof\u00e0rmacs per al tractament del glioblastoma.<\/strong><\/a><\/h4>\n<ul>\n<li style=\"text-align: left;\"><span style=\"font-family: Arial; font-size: medium;\"><strong><span data-sheets-root=\"1\">Cristina Batchell\u00ed Carandell<\/span><\/strong><\/span><\/li>\n<li style=\"text-align: left;\"><span style=\"font-size: medium;\">Tutores:\u00a0<span data-sheets-root=\"1\">\u00c0ngels Felip i Casab\u00f3 i Teresa Mas de Xarxars<\/span><\/span><\/li>\n<li style=\"text-align: left;\"><span style=\"font-size: medium;\">Modalitat: Cient\u00edfic<\/span><\/li>\n<li><span data-sheets-root=\"1\">Institut Pla de l\u2019Estany<\/span><\/li>\n<\/ul>\n<\/td>\n<td style=\"width: 16.5%; vertical-align: top; border-style: none;\"><img loading=\"lazy\" decoding=\"async\" class=\"alignnone wp-image-5950 size-full\" style=\"font-size: 16px; text-align: center;\" src=\"https:\/\/serveiseducatius.xtec.cat\/pladelestany\/wp-content\/uploads\/usu771\/2025\/01\/TdR-Ull-cinema.png\" alt=\"\" width=\"200\" height=\"283\" srcset=\"https:\/\/serveiseducatius.xtec.cat\/pladelestany\/wp-content\/uploads\/usu771\/2025\/01\/TdR-Ull-cinema.png 340w, https:\/\/serveiseducatius.xtec.cat\/pladelestany\/wp-content\/uploads\/usu771\/2025\/01\/TdR-Ull-cinema-212x300.png 212w\" sizes=\"auto, (max-width: 200px) 100vw, 200px\" \/><\/td>\n<td style=\"width: 33%; vertical-align: top; border-style: none;\">\n<h4><a style=\"color: #2795b6;\" href=\"https:\/\/drive.google.com\/file\/d\/1Sw2-xdbgZkDndZjPtpijXdcfkkgY4WcV\/view?usp=drivesdk\" target=\"_blank\" rel=\"noopener\"><strong>L\u2019ull del cinema, la fotografia cinematogr\u00e0fica.<\/strong><\/a><\/h4>\n<ul>\n<li style=\"text-align: left;\"><span style=\"font-family: Arial; font-size: medium;\"><strong><span data-sheets-root=\"1\">Sofia Morfulleda Rizza<\/span><\/strong><\/span><\/li>\n<li style=\"text-align: left;\"><span style=\"font-size: medium;\">Tutor:\u00a0<span data-sheets-root=\"1\">Jordi Bosch Cuenca<\/span><\/span><\/li>\n<li style=\"text-align: left;\"><span style=\"font-size: medium;\">Modalitat: Art\u00edstic<\/span><\/li>\n<li style=\"text-align: left;\"><span data-sheets-root=\"1\">Institut Pla de l\u2019Estany<\/span><\/li>\n<\/ul>\n<\/td>\n<\/tr>\n<tr>\n<td style=\"width: 16.5%; vertical-align: top; border-style: none;\"><img loading=\"lazy\" decoding=\"async\" class=\"alignnone wp-image-5942 size-full\" style=\"font-size: 16px; text-align: center; background-color: #ffffff;\" src=\"https:\/\/serveiseducatius.xtec.cat\/pladelestany\/wp-content\/uploads\/usu771\/2025\/01\/TdR-Escacs.png\" alt=\"\" width=\"200\" height=\"283\" srcset=\"https:\/\/serveiseducatius.xtec.cat\/pladelestany\/wp-content\/uploads\/usu771\/2025\/01\/TdR-Escacs.png 340w, https:\/\/serveiseducatius.xtec.cat\/pladelestany\/wp-content\/uploads\/usu771\/2025\/01\/TdR-Escacs-212x300.png 212w\" sizes=\"auto, (max-width: 200px) 100vw, 200px\" \/><\/td>\n<td style=\"width: 33%; vertical-align: top; border-style: none;\">\n<h4><a href=\"https:\/\/drive.google.com\/file\/d\/1VW2Lfy3mwoo1qE1Y63j-T2SKsqPMPZ_5\/view?usp=drivesdk\" target=\"_blank\" rel=\"noopener\"><strong>La influ\u00e8ncia dels escacs en l\u2019aprenentatge.<\/strong><\/a><\/h4>\n<ul>\n<li style=\"text-align: left;\"><span style=\"font-family: Arial; font-size: medium;\"><strong><span data-sheets-root=\"1\">Mart\u00ed Padr\u00e9s Masdemont<\/span><\/strong><\/span><\/li>\n<li style=\"text-align: left;\"><span style=\"font-size: medium;\">Tutor:\u00a0<span data-sheets-root=\"1\">Miquel Vil\u00e0 Renart<\/span><\/span><\/li>\n<li style=\"text-align: left;\"><span style=\"font-size: medium;\">Modalitat: Cient\u00edfic &#8211; tecnol\u00f2gic<\/span><\/li>\n<li><span data-sheets-root=\"1\">Institut Josep Brugulat<\/span><\/li>\n<\/ul>\n<\/td>\n<td style=\"width: 16.5%; vertical-align: top; border-style: none;\"><img loading=\"lazy\" decoding=\"async\" class=\"alignnone wp-image-5951 size-full\" style=\"font-size: 16px; text-align: center; background-color: #ffffff;\" src=\"https:\/\/serveiseducatius.xtec.cat\/pladelestany\/wp-content\/uploads\/usu771\/2025\/01\/TdR-VEUS-FRONTERES.png\" alt=\"\" width=\"200\" height=\"283\" srcset=\"https:\/\/serveiseducatius.xtec.cat\/pladelestany\/wp-content\/uploads\/usu771\/2025\/01\/TdR-VEUS-FRONTERES.png 340w, https:\/\/serveiseducatius.xtec.cat\/pladelestany\/wp-content\/uploads\/usu771\/2025\/01\/TdR-VEUS-FRONTERES-212x300.png 212w\" sizes=\"auto, (max-width: 200px) 100vw, 200px\" \/><\/td>\n<td style=\"width: 33%; vertical-align: top; border-style: none;\">\n<h4><a style=\"color: #2795b6;\" href=\"https:\/\/drive.google.com\/file\/d\/1zFgXZOV43E-cU_M6a43QAMdqPjoCUqB0\/view?usp=drivesdk\" target=\"_blank\" rel=\"noopener\"><strong>Veus que travessen fronteres. Donant veu a les persones que realitzen la ruta migrat\u00f2ria de l\u2019\u00c0frica a les can\u00e0ries.<\/strong><\/a><\/h4>\n<ul>\n<li style=\"text-align: left;\"><span style=\"font-family: Arial; font-size: medium;\"><strong><span data-sheets-root=\"1\">Violeta L\u00f3pez Mora<\/span><\/strong><\/span><\/li>\n<li style=\"text-align: left;\"><span style=\"font-size: medium;\">Tutor:\u00a0<span data-sheets-root=\"1\">Jordi Gal\u00ed Farr\u00e9s<\/span><\/span><\/li>\n<li style=\"text-align: left;\"><span style=\"font-size: medium;\">Modalitat: Human\u00edstic &#8211; social<\/span><\/li>\n<li>Institut Pere Alsius<\/li>\n<\/ul>\n<\/td>\n<\/tr>\n<\/tbody>\n<\/table>\n","protected":false},"excerpt":{"rendered":"<p>Podeu consultar els treballs que s&#8217;han seleccionat per a l&#8217;edici\u00f3 del curs 24-25. Correlaci\u00f3 entre l\u2019addici\u00f3 d\u2019un probi\u00f2tic i la [&hellip;]<\/p>\n","protected":false},"author":1,"featured_media":0,"comment_status":"closed","ping_status":"closed","sticky":false,"template":"","format":"standard","meta":{"site-sidebar-layout":"default","site-content-layout":"","ast-site-content-layout":"","site-content-style":"default","site-sidebar-style":"default","ast-global-header-display":"","ast-banner-title-visibility":"","ast-main-header-display":"","ast-hfb-above-header-display":"","ast-hfb-below-header-display":"","ast-hfb-mobile-header-display":"","site-post-title":"","ast-breadcrumbs-content":"","ast-featured-img":"","footer-sml-layout":"","theme-transparent-header-meta":"","adv-header-id-meta":"","stick-header-meta":"","header-above-stick-meta":"","header-main-stick-meta":"","header-below-stick-meta":"","astra-migrate-meta-layouts":"default","ast-page-background-enabled":"default","ast-page-background-meta":{"desktop":{"background-color":"var(--ast-global-color-4)","background-image":"","background-repeat":"repeat","background-position":"center center","background-size":"auto","background-attachment":"scroll","background-type":"","background-media":"","overlay-type":"","overlay-color":"","overlay-opacity":"","overlay-gradient":""},"tablet":{"background-color":"","background-image":"","background-repeat":"repeat","background-position":"center center","background-size":"auto","background-attachment":"scroll","background-type":"","background-media":"","overlay-type":"","overlay-color":"","overlay-opacity":"","overlay-gradient":""},"mobile":{"background-color":"","background-image":"","background-repeat":"repeat","background-position":"center center","background-size":"auto","background-attachment":"scroll","background-type":"","background-media":"","overlay-type":"","overlay-color":"","overlay-opacity":"","overlay-gradient":""}},"ast-content-background-meta":{"desktop":{"background-color":"var(--ast-global-color-5)","background-image":"","background-repeat":"repeat","background-position":"center center","background-size":"auto","background-attachment":"scroll","background-type":"","background-media":"","overlay-type":"","overlay-color":"","overlay-opacity":"","overlay-gradient":""},"tablet":{"background-color":"var(--ast-global-color-5)","background-image":"","background-repeat":"repeat","background-position":"center center","background-size":"auto","background-attachment":"scroll","background-type":"","background-media":"","overlay-type":"","overlay-color":"","overlay-opacity":"","overlay-gradient":""},"mobile":{"background-color":"var(--ast-global-color-5)","background-image":"","background-repeat":"repeat","background-position":"center center","background-size":"auto","background-attachment":"scroll","background-type":"","background-media":"","overlay-type":"","overlay-color":"","overlay-opacity":"","overlay-gradient":""}},"footnotes":""},"categories":[1,340,418],"tags":[220],"class_list":["post-6027","post","type-post","status-publish","format-standard","hentry","category-general","category-tdr-2","category-tdr-24-25","tag-tdr"],"post_mailing_queue_ids":[],"_links":{"self":[{"href":"https:\/\/serveiseducatius.xtec.cat\/pladelestany\/wp-json\/wp\/v2\/posts\/6027","targetHints":{"allow":["GET"]}}],"collection":[{"href":"https:\/\/serveiseducatius.xtec.cat\/pladelestany\/wp-json\/wp\/v2\/posts"}],"about":[{"href":"https:\/\/serveiseducatius.xtec.cat\/pladelestany\/wp-json\/wp\/v2\/types\/post"}],"author":[{"embeddable":true,"href":"https:\/\/serveiseducatius.xtec.cat\/pladelestany\/wp-json\/wp\/v2\/users\/1"}],"replies":[{"embeddable":true,"href":"https:\/\/serveiseducatius.xtec.cat\/pladelestany\/wp-json\/wp\/v2\/comments?post=6027"}],"version-history":[{"count":6,"href":"https:\/\/serveiseducatius.xtec.cat\/pladelestany\/wp-json\/wp\/v2\/posts\/6027\/revisions"}],"predecessor-version":[{"id":6050,"href":"https:\/\/serveiseducatius.xtec.cat\/pladelestany\/wp-json\/wp\/v2\/posts\/6027\/revisions\/6050"}],"wp:attachment":[{"href":"https:\/\/serveiseducatius.xtec.cat\/pladelestany\/wp-json\/wp\/v2\/media?parent=6027"}],"wp:term":[{"taxonomy":"category","embeddable":true,"href":"https:\/\/serveiseducatius.xtec.cat\/pladelestany\/wp-json\/wp\/v2\/categories?post=6027"},{"taxonomy":"post_tag","embeddable":true,"href":"https:\/\/serveiseducatius.xtec.cat\/pladelestany\/wp-json\/wp\/v2\/tags?post=6027"}],"curies":[{"name":"wp","href":"https:\/\/api.w.org\/{rel}","templated":true}]}}