{"id":5758,"date":"2024-11-12T15:26:48","date_gmt":"2024-11-12T14:26:48","guid":{"rendered":"https:\/\/serveiseducatius.xtec.cat\/pladelestany\/?p=5758"},"modified":"2024-11-12T15:26:48","modified_gmt":"2024-11-12T14:26:48","slug":"xerrades-obertes-del-seminari-de-professionals-que-fan-suport-a-la-inclusio","status":"publish","type":"post","link":"https:\/\/serveiseducatius.xtec.cat\/pladelestany\/portada\/xerrades-obertes-del-seminari-de-professionals-que-fan-suport-a-la-inclusio\/","title":{"rendered":"Xerrades obertes del seminari de professionals que fan suport a la inclusi\u00f3"},"content":{"rendered":"<p>En el seminari de professionals que fan suport a la inclusi\u00f3 oferim sessions obertes a tots els docents de la comarca.\u00a0\u00c9s el cas de la pr\u00f2xima xerrada.<\/p>\n<p>Xerrada sobre\u00a0<strong>PREVENCI\u00d3 DEL SU\u00cfCIDI<\/strong>, a c\u00e0rrec de la <b>Gl\u00f2ria Iniesta de l&#8217;<a href=\"https:\/\/www.apsas.org\/ca\/\" target=\"_blank\" rel=\"noopener\">associaci\u00f3 <\/a><\/b><b>APSAS<\/b> (associaci\u00f3 sense \u00e0nim de lucre, que pret\u00e9n sensibilitzar l\u2019opini\u00f3 p\u00fablica sobre el su\u00efcidi i recolzar les persones afectades), el pr\u00f2xim <b>DILLUNS 18 DE NOVEMBRE <\/b>a les <b>17h (lloc per confirmar).<\/b><\/p>\n<div>Per motius d&#8217;aforament necessitem que us inscriviu <strong><a href=\"https:\/\/forms.gle\/NAYVpZUbg18b24HF9\" target=\"_blank\" rel=\"noopener\">AQU\u00cd <\/a><\/strong><span style=\"color: #000000;\">(inscripcions obertes fins al pr\u00f2xim dijous 14 de novembre)<\/span><\/div>\n<div><\/div>\n<p>&nbsp;<\/p>\n<p>&nbsp;<\/p>\n","protected":false},"excerpt":{"rendered":"<p>En el seminari de professionals que fan suport a la inclusi\u00f3 oferim sessions obertes a tots els docents de la [&hellip;]<\/p>\n","protected":false},"author":5,"featured_media":5760,"comment_status":"closed","ping_status":"closed","sticky":false,"template":"","format":"standard","meta":{"site-sidebar-layout":"default","site-content-layout":"","ast-site-content-layout":"","site-content-style":"default","site-sidebar-style":"default","ast-global-header-display":"","ast-banner-title-visibility":"","ast-main-header-display":"","ast-hfb-above-header-display":"","ast-hfb-below-header-display":"","ast-hfb-mobile-header-display":"","site-post-title":"","ast-breadcrumbs-content":"","ast-featured-img":"","footer-sml-layout":"","theme-transparent-header-meta":"","adv-header-id-meta":"","stick-header-meta":"","header-above-stick-meta":"","header-main-stick-meta":"","header-below-stick-meta":"","astra-migrate-meta-layouts":"default","ast-page-background-enabled":"default","ast-page-background-meta":{"desktop":{"background-color":"var(--ast-global-color-4)","background-image":"","background-repeat":"repeat","background-position":"center center","background-size":"auto","background-attachment":"scroll","background-type":"","background-media":"","overlay-type":"","overlay-color":"","overlay-opacity":"","overlay-gradient":""},"tablet":{"background-color":"","background-image":"","background-repeat":"repeat","background-position":"center center","background-size":"auto","background-attachment":"scroll","background-type":"","background-media":"","overlay-type":"","overlay-color":"","overlay-opacity":"","overlay-gradient":""},"mobile":{"background-color":"","background-image":"","background-repeat":"repeat","background-position":"center center","background-size":"auto","background-attachment":"scroll","background-type":"","background-media":"","overlay-type":"","overlay-color":"","overlay-opacity":"","overlay-gradient":""}},"ast-content-background-meta":{"desktop":{"background-color":"var(--ast-global-color-5)","background-image":"","background-repeat":"repeat","background-position":"center center","background-size":"auto","background-attachment":"scroll","background-type":"","background-media":"","overlay-type":"","overlay-color":"","overlay-opacity":"","overlay-gradient":""},"tablet":{"background-color":"var(--ast-global-color-5)","background-image":"","background-repeat":"repeat","background-position":"center center","background-size":"auto","background-attachment":"scroll","background-type":"","background-media":"","overlay-type":"","overlay-color":"","overlay-opacity":"","overlay-gradient":""},"mobile":{"background-color":"var(--ast-global-color-5)","background-image":"","background-repeat":"repeat","background-position":"center center","background-size":"auto","background-attachment":"scroll","background-type":"","background-media":"","overlay-type":"","overlay-color":"","overlay-opacity":"","overlay-gradient":""}},"footnotes":""},"categories":[217,67,370,371,29],"tags":[],"class_list":["post-5758","post","type-post","status-publish","format-standard","has-post-thumbnail","hentry","category-conferencies","category-eap","category-escola-inclusiva","category-inclusio","category-portada"],"post_mailing_queue_ids":[],"_links":{"self":[{"href":"https:\/\/serveiseducatius.xtec.cat\/pladelestany\/wp-json\/wp\/v2\/posts\/5758","targetHints":{"allow":["GET"]}}],"collection":[{"href":"https:\/\/serveiseducatius.xtec.cat\/pladelestany\/wp-json\/wp\/v2\/posts"}],"about":[{"href":"https:\/\/serveiseducatius.xtec.cat\/pladelestany\/wp-json\/wp\/v2\/types\/post"}],"author":[{"embeddable":true,"href":"https:\/\/serveiseducatius.xtec.cat\/pladelestany\/wp-json\/wp\/v2\/users\/5"}],"replies":[{"embeddable":true,"href":"https:\/\/serveiseducatius.xtec.cat\/pladelestany\/wp-json\/wp\/v2\/comments?post=5758"}],"version-history":[{"count":1,"href":"https:\/\/serveiseducatius.xtec.cat\/pladelestany\/wp-json\/wp\/v2\/posts\/5758\/revisions"}],"predecessor-version":[{"id":5761,"href":"https:\/\/serveiseducatius.xtec.cat\/pladelestany\/wp-json\/wp\/v2\/posts\/5758\/revisions\/5761"}],"wp:featuredmedia":[{"embeddable":true,"href":"https:\/\/serveiseducatius.xtec.cat\/pladelestany\/wp-json\/wp\/v2\/media\/5760"}],"wp:attachment":[{"href":"https:\/\/serveiseducatius.xtec.cat\/pladelestany\/wp-json\/wp\/v2\/media?parent=5758"}],"wp:term":[{"taxonomy":"category","embeddable":true,"href":"https:\/\/serveiseducatius.xtec.cat\/pladelestany\/wp-json\/wp\/v2\/categories?post=5758"},{"taxonomy":"post_tag","embeddable":true,"href":"https:\/\/serveiseducatius.xtec.cat\/pladelestany\/wp-json\/wp\/v2\/tags?post=5758"}],"curies":[{"name":"wp","href":"https:\/\/api.w.org\/{rel}","templated":true}]}}