{"id":5732,"date":"2024-11-06T10:24:26","date_gmt":"2024-11-06T09:24:26","guid":{"rendered":"https:\/\/serveiseducatius.xtec.cat\/pladelestany\/?p=5732"},"modified":"2024-11-06T11:30:35","modified_gmt":"2024-11-06T10:30:35","slug":"recursos-per-treballar-la-dana-i-la-situacio-demergencia-natural-i-social-que-es-viu-al-pais-valencia","status":"publish","type":"post","link":"https:\/\/serveiseducatius.xtec.cat\/pladelestany\/portada\/recursos-per-treballar-la-dana-i-la-situacio-demergencia-natural-i-social-que-es-viu-al-pais-valencia\/","title":{"rendered":"Recursos per treballar la DANA i la situaci\u00f3 d&#8217;emerg\u00e8ncia natural i social que es viu al Pa\u00eds Valenci\u00e0"},"content":{"rendered":"<p>Compartim amb vosaltres una s\u00e8rie de recursos i propostes did\u00e0ctiques per treballar amb l\u2019alumnat la complexitat d\u2019aquest fet i donar resposta als neguits i preguntes que ha generat aquesta situaci\u00f3, preparat pel <strong>Cesire<\/strong>.<\/p>\n<p><strong><a href=\"https:\/\/serveiseducatius.xtec.cat\/cesire\/la-dana-del-pais-valencia\/\" target=\"_blank\" rel=\"noopener\">LA DANA DEL PA\u00cdS VALENCI\u00c0<\/a><\/strong><\/p>\n<p>&nbsp;<\/p>\n<p>Des de la secci\u00f3 d&#8217;Infantil, prim\u00e0ria, secund\u00e0ria, fp i formaci\u00f3 al llarg de la vida del <strong>IDP de la Universitat de Barcelona<\/strong> han creat tamb\u00e9 un recull de recursos per facilitar el treball en temes relacionats amb la DANA (Depressi\u00f3 A\u00efllada en Nivells Alts). Aquest recull inclou materials, guies i altres eines \u00fatils que esperem que siguin del vostre inter\u00e8s per treballar a l\u2019aula:<\/p>\n<p><a href=\"https:\/\/www.ub.edu\/idp-educacio\/2024\/11\/05\/recursos-per-treballar-la-dana-als-centres-educatius\/\" target=\"_blank\" rel=\"noopener\">Recursos per treballar la Dana als centres educatius<\/a><\/p>\n<p>&nbsp;<\/p>\n<p>Des de la fundaci\u00f3 FUHEM tamb\u00e9 comparteixen recursos, per infantil, prim\u00e0ria i secund\u00e0ria:<\/p>\n<p><a href=\"https:\/\/tiempodeactuar.es\/blog\/recursos-para-trabajar-la-dana-valenciana-en-clase\/?amp=1\" target=\"_blank\" rel=\"noopener\">Recursos para trabajar la DANA valenciana en clase<\/a><\/p>\n<p>&nbsp;<\/p>\n<p>&nbsp;<\/p>\n<p>&nbsp;<\/p>\n<p>Aprofitem tamb\u00e9 aquest espai per compartir amb vosaltres una formaci\u00f3 que organitza el <strong>Cesire<\/strong> sobre Ci\u00e8ncies Socials (Cicle superior i ESO) a Girona:<\/p>\n<p><strong><a href=\"https:\/\/serveiseducatius.xtec.cat\/cesire\/nova-formacio-en-ciencies-socials\/\" target=\"_blank\" rel=\"noopener\">PROGRAMEM AMB SENTIT CR\u00cdTIC LES CI\u00c8NCIES SOCIALS<\/a><\/strong><\/p>\n","protected":false},"excerpt":{"rendered":"<p>Compartim amb vosaltres una s\u00e8rie de recursos i propostes did\u00e0ctiques per treballar amb l\u2019alumnat la complexitat d\u2019aquest fet i donar [&hellip;]<\/p>\n","protected":false},"author":5,"featured_media":5739,"comment_status":"closed","ping_status":"closed","sticky":false,"template":"","format":"standard","meta":{"site-sidebar-layout":"default","site-content-layout":"","ast-site-content-layout":"","site-content-style":"default","site-sidebar-style":"default","ast-global-header-display":"","ast-banner-title-visibility":"","ast-main-header-display":"","ast-hfb-above-header-display":"","ast-hfb-below-header-display":"","ast-hfb-mobile-header-display":"","site-post-title":"","ast-breadcrumbs-content":"","ast-featured-img":"","footer-sml-layout":"","theme-transparent-header-meta":"","adv-header-id-meta":"","stick-header-meta":"","header-above-stick-meta":"","header-main-stick-meta":"","header-below-stick-meta":"","astra-migrate-meta-layouts":"default","ast-page-background-enabled":"default","ast-page-background-meta":{"desktop":{"background-color":"var(--ast-global-color-4)","background-image":"","background-repeat":"repeat","background-position":"center center","background-size":"auto","background-attachment":"scroll","background-type":"","background-media":"","overlay-type":"","overlay-color":"","overlay-opacity":"","overlay-gradient":""},"tablet":{"background-color":"","background-image":"","background-repeat":"repeat","background-position":"center center","background-size":"auto","background-attachment":"scroll","background-type":"","background-media":"","overlay-type":"","overlay-color":"","overlay-opacity":"","overlay-gradient":""},"mobile":{"background-color":"","background-image":"","background-repeat":"repeat","background-position":"center center","background-size":"auto","background-attachment":"scroll","background-type":"","background-media":"","overlay-type":"","overlay-color":"","overlay-opacity":"","overlay-gradient":""}},"ast-content-background-meta":{"desktop":{"background-color":"var(--ast-global-color-5)","background-image":"","background-repeat":"repeat","background-position":"center center","background-size":"auto","background-attachment":"scroll","background-type":"","background-media":"","overlay-type":"","overlay-color":"","overlay-opacity":"","overlay-gradient":""},"tablet":{"background-color":"var(--ast-global-color-5)","background-image":"","background-repeat":"repeat","background-position":"center center","background-size":"auto","background-attachment":"scroll","background-type":"","background-media":"","overlay-type":"","overlay-color":"","overlay-opacity":"","overlay-gradient":""},"mobile":{"background-color":"var(--ast-global-color-5)","background-image":"","background-repeat":"repeat","background-position":"center center","background-size":"auto","background-attachment":"scroll","background-type":"","background-media":"","overlay-type":"","overlay-color":"","overlay-opacity":"","overlay-gradient":""}},"footnotes":""},"categories":[242,404,29],"tags":[],"class_list":["post-5732","post","type-post","status-publish","format-standard","has-post-thumbnail","hentry","category-cs","category-eso","category-portada"],"post_mailing_queue_ids":[],"_links":{"self":[{"href":"https:\/\/serveiseducatius.xtec.cat\/pladelestany\/wp-json\/wp\/v2\/posts\/5732","targetHints":{"allow":["GET"]}}],"collection":[{"href":"https:\/\/serveiseducatius.xtec.cat\/pladelestany\/wp-json\/wp\/v2\/posts"}],"about":[{"href":"https:\/\/serveiseducatius.xtec.cat\/pladelestany\/wp-json\/wp\/v2\/types\/post"}],"author":[{"embeddable":true,"href":"https:\/\/serveiseducatius.xtec.cat\/pladelestany\/wp-json\/wp\/v2\/users\/5"}],"replies":[{"embeddable":true,"href":"https:\/\/serveiseducatius.xtec.cat\/pladelestany\/wp-json\/wp\/v2\/comments?post=5732"}],"version-history":[{"count":6,"href":"https:\/\/serveiseducatius.xtec.cat\/pladelestany\/wp-json\/wp\/v2\/posts\/5732\/revisions"}],"predecessor-version":[{"id":5740,"href":"https:\/\/serveiseducatius.xtec.cat\/pladelestany\/wp-json\/wp\/v2\/posts\/5732\/revisions\/5740"}],"wp:featuredmedia":[{"embeddable":true,"href":"https:\/\/serveiseducatius.xtec.cat\/pladelestany\/wp-json\/wp\/v2\/media\/5739"}],"wp:attachment":[{"href":"https:\/\/serveiseducatius.xtec.cat\/pladelestany\/wp-json\/wp\/v2\/media?parent=5732"}],"wp:term":[{"taxonomy":"category","embeddable":true,"href":"https:\/\/serveiseducatius.xtec.cat\/pladelestany\/wp-json\/wp\/v2\/categories?post=5732"},{"taxonomy":"post_tag","embeddable":true,"href":"https:\/\/serveiseducatius.xtec.cat\/pladelestany\/wp-json\/wp\/v2\/tags?post=5732"}],"curies":[{"name":"wp","href":"https:\/\/api.w.org\/{rel}","templated":true}]}}