{"id":5607,"date":"2024-09-12T10:12:03","date_gmt":"2024-09-12T08:12:03","guid":{"rendered":"https:\/\/serveiseducatius.xtec.cat\/pladelestany\/?p=5607"},"modified":"2024-09-12T10:46:29","modified_gmt":"2024-09-12T08:46:29","slug":"formacio-per-al-suport-a-la-inclusio","status":"publish","type":"post","link":"https:\/\/serveiseducatius.xtec.cat\/pladelestany\/portada\/formacio-per-al-suport-a-la-inclusio\/","title":{"rendered":"Formaci\u00f3 per al suport a la inclusi\u00f3"},"content":{"rendered":"<blockquote>\n<div style=\"text-align: center;\"><img loading=\"lazy\" decoding=\"async\" class=\"aligncenter size-full wp-image-5611\" src=\"https:\/\/serveiseducatius.xtec.cat\/pladelestany\/wp-content\/uploads\/usu771\/2024\/09\/DUA-e1726130511816.png\" alt=\"\" width=\"400\" height=\"185\" \/><\/div>\n<div><\/div>\n<div><span style=\"color: #000000;\">El Pla de formaci\u00f3 DUA pret\u00e9n donar a con\u00e8ixer el coneixement del Disseny Universal per a <span style=\"font-family: inherit; font-size: 1em;\">l&#8217;Aprenentatge, orientat a proporcionar elements introductoris a DUA per al desenvolupament <\/span><span style=\"font-family: inherit; font-size: 1em;\">professional, per mitj\u00e0 d&#8217;experi\u00e8ncies d&#8217;aprenentatge que afavoreixin els primers passos per a l <\/span><span style=\"font-family: inherit; font-size: 1em;\">implementaci\u00f3 de l&#8217;DUA i d&#8217;altres elements rellevants per a l&#8217;Educaci\u00f3 Inclusiva.<\/span><\/span><\/div>\n<\/blockquote>\n<div>\n<ul>\n<li style=\"list-style-type: none;\">\n<ul>\n<li><span style=\"color: #000000;\">Programa formatiu que acredita perfil de Diversitat, amb un total de 60 hores repartides en tres nivells de 20h cadasc\u00fa, que cal assolir per accedir al nivell superior.<\/span><br \/>\n<span style=\"color: #000000;\">o <strong>DUA B\u00e0sic<\/strong>.\u00a0<span style=\"color: #0000ff;\"><a style=\"color: #0000ff;\" href=\"https:\/\/aplicacions.gestioeducativa.gencat.cat\/pls\/soloas\/pk_for_mod_ins.p_for_cons_activitats?p_any=&amp;p_tipus_act=DUAB&amp;p_totes=N\" target=\"_blank\" rel=\"noopener\" data-saferedirecturl=\"https:\/\/www.google.com\/url?q=https:\/\/aplicacions.gestioeducativa.gencat.cat\/pls\/soloas\/pk_for_mod_ins.p_for_cons_activitats?p_any%3D%26p_tipus_act%3DDUAB%26p_totes%3DN&amp;source=gmail&amp;ust=1726211342264000&amp;usg=AOvVaw1eR-M-zqW46Crue-6vm7M1\">Acc\u00e9s a l&#8217;oferta formativa<\/a><\/span><\/span><br \/>\n<span style=\"color: #000000;\">o <strong>DUA Intermedi.<\/strong><span style=\"color: #0000ff;\">\u00a0<a style=\"color: #0000ff;\" href=\"https:\/\/aplicacions.gestioeducativa.gencat.cat\/pls\/soloas\/pk_for_mod_ins.p_for_cons_activitats?p_any=&amp;p_tipus_act=DUAI&amp;p_totes=N\" target=\"_blank\" rel=\"noopener\" data-saferedirecturl=\"https:\/\/www.google.com\/url?q=https:\/\/aplicacions.gestioeducativa.gencat.cat\/pls\/soloas\/pk_for_mod_ins.p_for_cons_activitats?p_any%3D%26p_tipus_act%3DDUAI%26p_totes%3DN&amp;source=gmail&amp;ust=1726211342264000&amp;usg=AOvVaw29hkSYnoVsYlsMKR3PkDzQ\">Acc\u00e9s a l&#8217;oferta formativa<\/a><\/span><\/span><br \/>\n<span style=\"color: #000000;\">o <strong>DUA Avan\u00e7at<\/strong>.\u00a0<span style=\"color: #0000ff;\"><a style=\"color: #0000ff;\" href=\"https:\/\/aplicacions.gestioeducativa.gencat.cat\/pls\/soloas\/pk_for_mod_ins.p_for_cons_activitats?p_any=&amp;p_tipus_act=DUAA&amp;p_totes=N\" target=\"_blank\" rel=\"noopener\" data-saferedirecturl=\"https:\/\/www.google.com\/url?q=https:\/\/aplicacions.gestioeducativa.gencat.cat\/pls\/soloas\/pk_for_mod_ins.p_for_cons_activitats?p_any%3D%26p_tipus_act%3DDUAA%26p_totes%3DN&amp;source=gmail&amp;ust=1726211342264000&amp;usg=AOvVaw0lf7TvwSxWURYWsBlub5x1\">Acc\u00e9s a l&#8217;oferta formativa<\/a><\/span><\/span><\/li>\n<li><span style=\"color: #000000;\">Formaci\u00f3 telem\u00e0tica amb sessions s\u00edncrones obligat\u00f2ries.<\/span><\/li>\n<\/ul>\n<\/li>\n<\/ul>\n<\/div>\n<blockquote>\n<div><span style=\"color: #000000;\">Per fer l&#8217;auto inscripci\u00f3 cal tenir present que l&#8217;oferta dels cursos es diversifica en diferents dies <span style=\"font-family: inherit; font-size: 1em;\">de la setmana, cal llegir la descripci\u00f3 de cada activitat per visualitzar el dia de la setmana d <\/span><span style=\"font-family: inherit; font-size: 1em;\">les sessions s\u00edncrones.\u00a0<\/span><\/span><\/div>\n<\/blockquote>\n<div>En aquest enlla\u00e7 hi podreu trobar les activitats de formaci\u00f3 al voltant de l&#8217;atenci\u00f3 a la diversitat i la inclusi\u00f3: <a href=\"https:\/\/xtec.gencat.cat\/ca\/formacio\/formaciogeneralprofessorat\/atencio_diversitat_inclusio\/suport-inclusio\/\" target=\"_blank\" rel=\"noopener\"><strong>Formaci\u00f3 per al suport a la inclusi\u00f3<\/strong><\/a><\/div>\n","protected":false},"excerpt":{"rendered":"<p>El Pla de formaci\u00f3 DUA pret\u00e9n donar a con\u00e8ixer el coneixement del Disseny Universal per a l&#8217;Aprenentatge, orientat a proporcionar [&hellip;]<\/p>\n","protected":false},"author":5,"featured_media":5611,"comment_status":"closed","ping_status":"closed","sticky":false,"template":"","format":"standard","meta":{"site-sidebar-layout":"default","site-content-layout":"","ast-site-content-layout":"","site-content-style":"default","site-sidebar-style":"default","ast-global-header-display":"","ast-banner-title-visibility":"","ast-main-header-display":"","ast-hfb-above-header-display":"","ast-hfb-below-header-display":"","ast-hfb-mobile-header-display":"","site-post-title":"","ast-breadcrumbs-content":"","ast-featured-img":"","footer-sml-layout":"","theme-transparent-header-meta":"","adv-header-id-meta":"","stick-header-meta":"","header-above-stick-meta":"","header-main-stick-meta":"","header-below-stick-meta":"","astra-migrate-meta-layouts":"default","ast-page-background-enabled":"default","ast-page-background-meta":{"desktop":{"background-color":"var(--ast-global-color-4)","background-image":"","background-repeat":"repeat","background-position":"center center","background-size":"auto","background-attachment":"scroll","background-type":"","background-media":"","overlay-type":"","overlay-color":"","overlay-opacity":"","overlay-gradient":""},"tablet":{"background-color":"","background-image":"","background-repeat":"repeat","background-position":"center center","background-size":"auto","background-attachment":"scroll","background-type":"","background-media":"","overlay-type":"","overlay-color":"","overlay-opacity":"","overlay-gradient":""},"mobile":{"background-color":"","background-image":"","background-repeat":"repeat","background-position":"center center","background-size":"auto","background-attachment":"scroll","background-type":"","background-media":"","overlay-type":"","overlay-color":"","overlay-opacity":"","overlay-gradient":""}},"ast-content-background-meta":{"desktop":{"background-color":"var(--ast-global-color-5)","background-image":"","background-repeat":"repeat","background-position":"center center","background-size":"auto","background-attachment":"scroll","background-type":"","background-media":"","overlay-type":"","overlay-color":"","overlay-opacity":"","overlay-gradient":""},"tablet":{"background-color":"var(--ast-global-color-5)","background-image":"","background-repeat":"repeat","background-position":"center center","background-size":"auto","background-attachment":"scroll","background-type":"","background-media":"","overlay-type":"","overlay-color":"","overlay-opacity":"","overlay-gradient":""},"mobile":{"background-color":"var(--ast-global-color-5)","background-image":"","background-repeat":"repeat","background-position":"center center","background-size":"auto","background-attachment":"scroll","background-type":"","background-media":"","overlay-type":"","overlay-color":"","overlay-opacity":"","overlay-gradient":""}},"footnotes":""},"categories":[370,371,29],"tags":[],"class_list":["post-5607","post","type-post","status-publish","format-standard","has-post-thumbnail","hentry","category-escola-inclusiva","category-inclusio","category-portada"],"post_mailing_queue_ids":[],"_links":{"self":[{"href":"https:\/\/serveiseducatius.xtec.cat\/pladelestany\/wp-json\/wp\/v2\/posts\/5607","targetHints":{"allow":["GET"]}}],"collection":[{"href":"https:\/\/serveiseducatius.xtec.cat\/pladelestany\/wp-json\/wp\/v2\/posts"}],"about":[{"href":"https:\/\/serveiseducatius.xtec.cat\/pladelestany\/wp-json\/wp\/v2\/types\/post"}],"author":[{"embeddable":true,"href":"https:\/\/serveiseducatius.xtec.cat\/pladelestany\/wp-json\/wp\/v2\/users\/5"}],"replies":[{"embeddable":true,"href":"https:\/\/serveiseducatius.xtec.cat\/pladelestany\/wp-json\/wp\/v2\/comments?post=5607"}],"version-history":[{"count":5,"href":"https:\/\/serveiseducatius.xtec.cat\/pladelestany\/wp-json\/wp\/v2\/posts\/5607\/revisions"}],"predecessor-version":[{"id":5613,"href":"https:\/\/serveiseducatius.xtec.cat\/pladelestany\/wp-json\/wp\/v2\/posts\/5607\/revisions\/5613"}],"wp:featuredmedia":[{"embeddable":true,"href":"https:\/\/serveiseducatius.xtec.cat\/pladelestany\/wp-json\/wp\/v2\/media\/5611"}],"wp:attachment":[{"href":"https:\/\/serveiseducatius.xtec.cat\/pladelestany\/wp-json\/wp\/v2\/media?parent=5607"}],"wp:term":[{"taxonomy":"category","embeddable":true,"href":"https:\/\/serveiseducatius.xtec.cat\/pladelestany\/wp-json\/wp\/v2\/categories?post=5607"},{"taxonomy":"post_tag","embeddable":true,"href":"https:\/\/serveiseducatius.xtec.cat\/pladelestany\/wp-json\/wp\/v2\/tags?post=5607"}],"curies":[{"name":"wp","href":"https:\/\/api.w.org\/{rel}","templated":true}]}}