{"id":5251,"date":"2023-12-11T15:59:40","date_gmt":"2023-12-11T14:59:40","guid":{"rendered":"https:\/\/serveiseducatius.xtec.cat\/pladelestany\/?p=5251"},"modified":"2023-12-11T15:59:40","modified_gmt":"2023-12-11T14:59:40","slug":"100tifiques-2024","status":"publish","type":"post","link":"https:\/\/serveiseducatius.xtec.cat\/pladelestany\/general\/100tifiques-2024\/","title":{"rendered":"#100t\u00edfiques 2024"},"content":{"rendered":"<p><img loading=\"lazy\" decoding=\"async\" class=\"size-full wp-image-4035 alignleft\" src=\"https:\/\/serveiseducatius.xtec.cat\/pladelestany\/wp-content\/uploads\/usu771\/2022\/01\/100tifiques_p.jpg\" alt=\"\" width=\"553\" height=\"270\" srcset=\"https:\/\/serveiseducatius.xtec.cat\/pladelestany\/wp-content\/uploads\/usu771\/2022\/01\/100tifiques_p.jpg 553w, https:\/\/serveiseducatius.xtec.cat\/pladelestany\/wp-content\/uploads\/usu771\/2022\/01\/100tifiques_p-300x146.jpg 300w\" sizes=\"auto, (max-width: 553px) 100vw, 553px\" \/>Us compartim informaci\u00f3 sobre la 6a edici\u00f3 de 100t\u00edfiques:<br \/>\n<a href=\"https:\/\/secure-web.cisco.com\/1kOMCQnAR9RPTRxbzrU_COrf0Ga1eK0PnvG6xtzl-K_6ca4i6AN2BIJn5OE5Vp6Jd9l9qafAUoDXnl-nzkMwlvWBPhx-GVmIAqgdWQYt6WN1OdDESyphLCsrsXS7Q_nlUegCxAWyHue2LD2eiBCLO_8_eCEVADzpKg4vhIgpSbfbx5DrZ5k2wsZyMcVN0_6qIaen6CEH1bZtjw8k6V0dLTmaTVmR5b5M7N9Lo7KFpEaIBs0XQ9A2uABYTleOPmjSAgC5QrEnKBeMY9uW_KAU2q8EpStV94B0JWV953y860rbetNdTItgDfKqnWEPbcFLBBJzAh2EWW2nQJEM2OOZqAMqSQrQIFMRu0JErivu1hMCwRqfEgE4_TwN_yEt8GCwmEwiW6-9OCFeVvTTUF2MTQ_LaOZpmQtHwoxyC6-WmmqC5_--rnmM7pPb2gedZVePqwv-i_aNRVHbztJGZubiOjyH2qga1rSp3t6hAoFEnV2vJlJ-HobbnsQSsnQnnZQjL8ubSZSFGm6VMPomoKT-Dvw\/https%3A%2F%2F100tifiques.cat%2F100tifiques-2024%2F\">Apunta\u2019t a la 6a edici\u00f3 de #100t\u00edfiques<\/a><\/p>\n<p>Enguany es celebrar\u00e0 el\u00a0<strong>dimecres 7 de febrer del 2024<\/strong>.<\/p>\n<p>Un any m\u00e9s, la Fundaci\u00f3 Catalana per a la Recerca i la Innovaci\u00f3 (FCRI) i el Barcelona Institute of Science and Technology (BIST), en col\u00b7laboraci\u00f3 amb el Departament d\u2019Educaci\u00f3, et conviden a participar al programa #100t\u00edfiques, per tal d\u2019inspirar nens i nenes i fomentar la passi\u00f3 per la ci\u00e8ncia a les aules.<a href=\"https:\/\/100tifiques.cat\/inscriute_escola\/\">\u00a0Inscriu-t\u2019hi abans del 12 de gener de 2024<\/a>.<\/p>\n","protected":false},"excerpt":{"rendered":"<p>Us compartim informaci\u00f3 sobre la 6a edici\u00f3 de 100t\u00edfiques: Apunta\u2019t a la 6a edici\u00f3 de #100t\u00edfiques Enguany es celebrar\u00e0 el\u00a0dimecres [&hellip;]<\/p>\n","protected":false},"author":5,"featured_media":4034,"comment_status":"closed","ping_status":"closed","sticky":false,"template":"","format":"standard","meta":{"site-sidebar-layout":"default","site-content-layout":"","ast-site-content-layout":"","site-content-style":"default","site-sidebar-style":"default","ast-global-header-display":"","ast-banner-title-visibility":"","ast-main-header-display":"","ast-hfb-above-header-display":"","ast-hfb-below-header-display":"","ast-hfb-mobile-header-display":"","site-post-title":"","ast-breadcrumbs-content":"","ast-featured-img":"","footer-sml-layout":"","theme-transparent-header-meta":"","adv-header-id-meta":"","stick-header-meta":"","header-above-stick-meta":"","header-main-stick-meta":"","header-below-stick-meta":"","astra-migrate-meta-layouts":"default","ast-page-background-enabled":"default","ast-page-background-meta":{"desktop":{"background-color":"var(--ast-global-color-4)","background-image":"","background-repeat":"repeat","background-position":"center center","background-size":"auto","background-attachment":"scroll","background-type":"","background-media":"","overlay-type":"","overlay-color":"","overlay-opacity":"","overlay-gradient":""},"tablet":{"background-color":"","background-image":"","background-repeat":"repeat","background-position":"center center","background-size":"auto","background-attachment":"scroll","background-type":"","background-media":"","overlay-type":"","overlay-color":"","overlay-opacity":"","overlay-gradient":""},"mobile":{"background-color":"","background-image":"","background-repeat":"repeat","background-position":"center center","background-size":"auto","background-attachment":"scroll","background-type":"","background-media":"","overlay-type":"","overlay-color":"","overlay-opacity":"","overlay-gradient":""}},"ast-content-background-meta":{"desktop":{"background-color":"var(--ast-global-color-5)","background-image":"","background-repeat":"repeat","background-position":"center center","background-size":"auto","background-attachment":"scroll","background-type":"","background-media":"","overlay-type":"","overlay-color":"","overlay-opacity":"","overlay-gradient":""},"tablet":{"background-color":"var(--ast-global-color-5)","background-image":"","background-repeat":"repeat","background-position":"center center","background-size":"auto","background-attachment":"scroll","background-type":"","background-media":"","overlay-type":"","overlay-color":"","overlay-opacity":"","overlay-gradient":""},"mobile":{"background-color":"var(--ast-global-color-5)","background-image":"","background-repeat":"repeat","background-position":"center center","background-size":"auto","background-attachment":"scroll","background-type":"","background-media":"","overlay-type":"","overlay-color":"","overlay-opacity":"","overlay-gradient":""}},"footnotes":""},"categories":[1,29],"tags":[],"class_list":["post-5251","post","type-post","status-publish","format-standard","has-post-thumbnail","hentry","category-general","category-portada"],"post_mailing_queue_ids":[],"_links":{"self":[{"href":"https:\/\/serveiseducatius.xtec.cat\/pladelestany\/wp-json\/wp\/v2\/posts\/5251","targetHints":{"allow":["GET"]}}],"collection":[{"href":"https:\/\/serveiseducatius.xtec.cat\/pladelestany\/wp-json\/wp\/v2\/posts"}],"about":[{"href":"https:\/\/serveiseducatius.xtec.cat\/pladelestany\/wp-json\/wp\/v2\/types\/post"}],"author":[{"embeddable":true,"href":"https:\/\/serveiseducatius.xtec.cat\/pladelestany\/wp-json\/wp\/v2\/users\/5"}],"replies":[{"embeddable":true,"href":"https:\/\/serveiseducatius.xtec.cat\/pladelestany\/wp-json\/wp\/v2\/comments?post=5251"}],"version-history":[{"count":1,"href":"https:\/\/serveiseducatius.xtec.cat\/pladelestany\/wp-json\/wp\/v2\/posts\/5251\/revisions"}],"predecessor-version":[{"id":5252,"href":"https:\/\/serveiseducatius.xtec.cat\/pladelestany\/wp-json\/wp\/v2\/posts\/5251\/revisions\/5252"}],"wp:featuredmedia":[{"embeddable":true,"href":"https:\/\/serveiseducatius.xtec.cat\/pladelestany\/wp-json\/wp\/v2\/media\/4034"}],"wp:attachment":[{"href":"https:\/\/serveiseducatius.xtec.cat\/pladelestany\/wp-json\/wp\/v2\/media?parent=5251"}],"wp:term":[{"taxonomy":"category","embeddable":true,"href":"https:\/\/serveiseducatius.xtec.cat\/pladelestany\/wp-json\/wp\/v2\/categories?post=5251"},{"taxonomy":"post_tag","embeddable":true,"href":"https:\/\/serveiseducatius.xtec.cat\/pladelestany\/wp-json\/wp\/v2\/tags?post=5251"}],"curies":[{"name":"wp","href":"https:\/\/api.w.org\/{rel}","templated":true}]}}