{"id":5247,"date":"2023-12-11T16:14:29","date_gmt":"2023-12-11T15:14:29","guid":{"rendered":"https:\/\/serveiseducatius.xtec.cat\/pladelestany\/?p=5247"},"modified":"2023-12-11T16:14:29","modified_gmt":"2023-12-11T15:14:29","slug":"balanc-dels-dos-primers-anys-de-les-unitats-dacompanyament-i-orientacio","status":"publish","type":"post","link":"https:\/\/serveiseducatius.xtec.cat\/pladelestany\/general\/balanc-dels-dos-primers-anys-de-les-unitats-dacompanyament-i-orientacio\/","title":{"rendered":"Balan\u00e7 dels dos primers anys de les Unitats d&#8217;Acompanyament i Orientaci\u00f3"},"content":{"rendered":"<p>Us compartim, a trav\u00e9s del seg\u00fcent <a href=\"https:\/\/projectes.xtec.cat\/educacioinclusiva\/general\/balanc-dels-dos-primers-anys-de-les-unitats-dacompanyament-i-orientacio-uao\/\" target=\"_blank\" rel=\"noopener\">article<\/a>, el balan\u00e7 que ha realitzat el Departament d&#8217;Educaci\u00f3 sobre l&#8217;actuaci\u00f3 realitzada per les UAO en els \u00faltims dos cursos, on podreu observar l&#8217;impacte positiu del seu treball millorant l&#8217;absentisme i l&#8217;abandonament escolar de l&#8217;alumnat.<\/p>\n<p>Per a m\u00e9s informaci\u00f3 sobre el servei UAO, podeu consultar el \u201c<a href=\"https:\/\/aplicacions.gestioeducativa.gencat.cat\/siteminderagent\/forms\/gicar2021\/loginCorpCmo2021v17.fcc?TYPE=33554433&amp;REALMOID=06-0006f912-d8fa-1192-92c3-802b0a340000&amp;GUID=&amp;SMAUTHREASON=0&amp;METHOD=GET&amp;SMAGENTNAME=-SM-JQBOjQHFW32qhaFzfRxvjZBRwb35kvzx9Hh2XI9ZV%2bvTKy0PMQ2oZJVwbVTWDc9d&amp;TARGET=-SM-HTTPS%3a%2f%2faplicacions%2eensenyament%2egencat%2ecat%2fidpe%2fprofile%2fSAML2%2fRedirect%2fSSO%3fSAMLRequest%3dfZJLa8MwEIT-%2fitDdll9pYuEYQkLB0BdJ6aE3RVo3AltytXKb-%2fPvKzikUctBlmdGnmVWFou8Gvhn9yezhewT0pNmtqVbRqhWZUmkZHSEpo2KRL6MVJGkklm2ZtGUroThS8gEOtTVrmsUJJQ3iCI1BL4wPoyTLozSNsvI9zXix4MVDvMiLT0p2gaON8LPz5P2AnDExdFoKGWYYg0EwF9GD8fEXGCl8HA7TagA2ONvqDthh8-%2fyUsT0o7UB6dji8UrK1kzGwR2e4FaiRm3ALci-%2f5pOfhmVxeRXw0OIDUrQZFybnvDPK5jvvugPdW2o7W1RzXXa33TQIR3BSX1lPcKa1qsVcyi-%2bWg8hjO3gkDN2EnBQu2Hy0BmXcj-%2bopdkXV13dtLADW7NxuKu5BH63pxJ3oap-%2fMk7LadpbcFbLrO-%2fm4dCA9rGmhACasr9v-%2bD1H8-%3d%26RelayState%3d86bd7dcf--78f6--46ee--a280--39ab4376b11d\" target=\"_blank\" rel=\"noopener\">Portal de centre<\/a>\u201d i els \u201c<a href=\"https:\/\/documents.espai.educacio.gencat.cat\/IPCNormativa\/DOIGC\/GEST_Educacio_inclusiva.pdf\" target=\"_blank\" rel=\"noopener\">Documents d&#8217;organitzaci\u00f3 i gesti\u00f3 de centres. Educaci\u00f3 Inclusiva<\/a>\u201d.<img loading=\"lazy\" decoding=\"async\" class=\"aligncenter wp-image-5248 size-full\" src=\"https:\/\/serveiseducatius.xtec.cat\/pladelestany\/wp-content\/uploads\/usu771\/2023\/11\/Sense-titol.png\" alt=\"\" width=\"1118\" height=\"238\" srcset=\"https:\/\/serveiseducatius.xtec.cat\/pladelestany\/wp-content\/uploads\/usu771\/2023\/11\/Sense-titol.png 1118w, https:\/\/serveiseducatius.xtec.cat\/pladelestany\/wp-content\/uploads\/usu771\/2023\/11\/Sense-titol-300x64.png 300w, https:\/\/serveiseducatius.xtec.cat\/pladelestany\/wp-content\/uploads\/usu771\/2023\/11\/Sense-titol-1024x218.png 1024w, https:\/\/serveiseducatius.xtec.cat\/pladelestany\/wp-content\/uploads\/usu771\/2023\/11\/Sense-titol-768x163.png 768w\" sizes=\"auto, (max-width: 1118px) 100vw, 1118px\" \/><\/p>\n","protected":false},"excerpt":{"rendered":"<p>Us compartim, a trav\u00e9s del seg\u00fcent article, el balan\u00e7 que ha realitzat el Departament d&#8217;Educaci\u00f3 sobre l&#8217;actuaci\u00f3 realitzada per les [&hellip;]<\/p>\n","protected":false},"author":5,"featured_media":5248,"comment_status":"closed","ping_status":"closed","sticky":false,"template":"","format":"standard","meta":{"site-sidebar-layout":"default","site-content-layout":"","ast-site-content-layout":"","site-content-style":"default","site-sidebar-style":"default","ast-global-header-display":"","ast-banner-title-visibility":"","ast-main-header-display":"","ast-hfb-above-header-display":"","ast-hfb-below-header-display":"","ast-hfb-mobile-header-display":"","site-post-title":"","ast-breadcrumbs-content":"","ast-featured-img":"","footer-sml-layout":"","theme-transparent-header-meta":"","adv-header-id-meta":"","stick-header-meta":"","header-above-stick-meta":"","header-main-stick-meta":"","header-below-stick-meta":"","astra-migrate-meta-layouts":"default","ast-page-background-enabled":"default","ast-page-background-meta":{"desktop":{"background-color":"var(--ast-global-color-4)","background-image":"","background-repeat":"repeat","background-position":"center center","background-size":"auto","background-attachment":"scroll","background-type":"","background-media":"","overlay-type":"","overlay-color":"","overlay-opacity":"","overlay-gradient":""},"tablet":{"background-color":"","background-image":"","background-repeat":"repeat","background-position":"center center","background-size":"auto","background-attachment":"scroll","background-type":"","background-media":"","overlay-type":"","overlay-color":"","overlay-opacity":"","overlay-gradient":""},"mobile":{"background-color":"","background-image":"","background-repeat":"repeat","background-position":"center center","background-size":"auto","background-attachment":"scroll","background-type":"","background-media":"","overlay-type":"","overlay-color":"","overlay-opacity":"","overlay-gradient":""}},"ast-content-background-meta":{"desktop":{"background-color":"var(--ast-global-color-5)","background-image":"","background-repeat":"repeat","background-position":"center center","background-size":"auto","background-attachment":"scroll","background-type":"","background-media":"","overlay-type":"","overlay-color":"","overlay-opacity":"","overlay-gradient":""},"tablet":{"background-color":"var(--ast-global-color-5)","background-image":"","background-repeat":"repeat","background-position":"center center","background-size":"auto","background-attachment":"scroll","background-type":"","background-media":"","overlay-type":"","overlay-color":"","overlay-opacity":"","overlay-gradient":""},"mobile":{"background-color":"var(--ast-global-color-5)","background-image":"","background-repeat":"repeat","background-position":"center center","background-size":"auto","background-attachment":"scroll","background-type":"","background-media":"","overlay-type":"","overlay-color":"","overlay-opacity":"","overlay-gradient":""}},"footnotes":""},"categories":[266,67,370,1],"tags":[],"class_list":["post-5247","post","type-post","status-publish","format-standard","has-post-thumbnail","hentry","category-coeducacio","category-eap","category-escola-inclusiva","category-general"],"post_mailing_queue_ids":[],"_links":{"self":[{"href":"https:\/\/serveiseducatius.xtec.cat\/pladelestany\/wp-json\/wp\/v2\/posts\/5247","targetHints":{"allow":["GET"]}}],"collection":[{"href":"https:\/\/serveiseducatius.xtec.cat\/pladelestany\/wp-json\/wp\/v2\/posts"}],"about":[{"href":"https:\/\/serveiseducatius.xtec.cat\/pladelestany\/wp-json\/wp\/v2\/types\/post"}],"author":[{"embeddable":true,"href":"https:\/\/serveiseducatius.xtec.cat\/pladelestany\/wp-json\/wp\/v2\/users\/5"}],"replies":[{"embeddable":true,"href":"https:\/\/serveiseducatius.xtec.cat\/pladelestany\/wp-json\/wp\/v2\/comments?post=5247"}],"version-history":[{"count":1,"href":"https:\/\/serveiseducatius.xtec.cat\/pladelestany\/wp-json\/wp\/v2\/posts\/5247\/revisions"}],"predecessor-version":[{"id":5249,"href":"https:\/\/serveiseducatius.xtec.cat\/pladelestany\/wp-json\/wp\/v2\/posts\/5247\/revisions\/5249"}],"wp:featuredmedia":[{"embeddable":true,"href":"https:\/\/serveiseducatius.xtec.cat\/pladelestany\/wp-json\/wp\/v2\/media\/5248"}],"wp:attachment":[{"href":"https:\/\/serveiseducatius.xtec.cat\/pladelestany\/wp-json\/wp\/v2\/media?parent=5247"}],"wp:term":[{"taxonomy":"category","embeddable":true,"href":"https:\/\/serveiseducatius.xtec.cat\/pladelestany\/wp-json\/wp\/v2\/categories?post=5247"},{"taxonomy":"post_tag","embeddable":true,"href":"https:\/\/serveiseducatius.xtec.cat\/pladelestany\/wp-json\/wp\/v2\/tags?post=5247"}],"curies":[{"name":"wp","href":"https:\/\/api.w.org\/{rel}","templated":true}]}}