{"id":5243,"date":"2023-11-16T17:53:55","date_gmt":"2023-11-16T16:53:55","guid":{"rendered":"https:\/\/serveiseducatius.xtec.cat\/pladelestany\/?p=5243"},"modified":"2023-11-16T17:53:55","modified_gmt":"2023-11-16T16:53:55","slug":"materials-de-la-jornada-el-benestar-de-lalumnat-i-les-situacions-de-violencia","status":"publish","type":"post","link":"https:\/\/serveiseducatius.xtec.cat\/pladelestany\/general\/materials-de-la-jornada-el-benestar-de-lalumnat-i-les-situacions-de-violencia\/","title":{"rendered":"Materials de la jornada El Benestar de l&#8217;Alumnat i les Situacions de Viol\u00e8ncia"},"content":{"rendered":"<p>Durant els mesos de setembre i octubre es va fer la<strong>\u00a0jornada\u00a0<\/strong><strong>El Benestar de l\u2019Alumnat i les Situacions de Viol\u00e8ncia<\/strong>\u00a0a cadascun dels serveis territorials, amb l\u2019objectiu de detallar la implementaci\u00f3 de la nova coordinaci\u00f3 de coeducaci\u00f3, conviv\u00e8ncia i benestar de l\u2019alumnat, presentar les novetats per a aquest curs 2023-2024 vinculades a l\u2019abordatge de les viol\u00e8ncies, i plantejar casos pr\u00e0ctics d\u2019acompanyament a l\u2019alumnat.<\/p>\n<p>Compartim amb vosaltres el material emprat a la jornada per si us resulta d\u2019utilitat:<\/p>\n<ul>\n<li><a href=\"https:\/\/objenv.gencat.cat\/v4\/public\/estadisticas\/link\/gencat_educacio\/412\/1\/245\/a063153fb1daad571ef51d4e724a0013\/\" data-saferedirecturl=\"https:\/\/www.google.com\/url?q=https:\/\/objenv.gencat.cat\/v4\/public\/estadisticas\/link\/gencat_educacio\/412\/1\/245\/a063153fb1daad571ef51d4e724a0013\/&amp;source=gmail&amp;ust=1700125447585000&amp;usg=AOvVaw3QpBKRIY_1QnxGjKXPP6v7\">El benestar de l\u2019alumnat i les situacions de viol\u00e8ncia<\/a>\u00a0(document)<\/li>\n<li><a href=\"https:\/\/objenv.gencat.cat\/v4\/public\/estadisticas\/link\/gencat_educacio\/412\/2\/245\/a063153fb1daad571ef51d4e724a0013\/\" data-saferedirecturl=\"https:\/\/www.google.com\/url?q=https:\/\/objenv.gencat.cat\/v4\/public\/estadisticas\/link\/gencat_educacio\/412\/2\/245\/a063153fb1daad571ef51d4e724a0013\/&amp;source=gmail&amp;ust=1700125447585000&amp;usg=AOvVaw1EtLhlR5-V4gZUpfjLb5qz\">Conversa amb Fran Villar \u201cEl benestar de l\u2019alumnat i les situacions de viol\u00e8ncia\u201d<\/a>\u00a0(v\u00eddeo)<\/li>\n<\/ul>\n<p>Aquests enlla\u00e7os estaran disponibles tamb\u00e9 a la p\u00e0gina de recursos en l\u00ednia de la web dels serveis educatius.<\/p>\n","protected":false},"excerpt":{"rendered":"<p>Durant els mesos de setembre i octubre es va fer la\u00a0jornada\u00a0El Benestar de l\u2019Alumnat i les Situacions de Viol\u00e8ncia\u00a0a cadascun [&hellip;]<\/p>\n","protected":false},"author":5,"featured_media":5244,"comment_status":"closed","ping_status":"closed","sticky":false,"template":"","format":"standard","meta":{"site-sidebar-layout":"default","site-content-layout":"","ast-site-content-layout":"","site-content-style":"default","site-sidebar-style":"default","ast-global-header-display":"","ast-banner-title-visibility":"","ast-main-header-display":"","ast-hfb-above-header-display":"","ast-hfb-below-header-display":"","ast-hfb-mobile-header-display":"","site-post-title":"","ast-breadcrumbs-content":"","ast-featured-img":"","footer-sml-layout":"","theme-transparent-header-meta":"","adv-header-id-meta":"","stick-header-meta":"","header-above-stick-meta":"","header-main-stick-meta":"","header-below-stick-meta":"","astra-migrate-meta-layouts":"default","ast-page-background-enabled":"default","ast-page-background-meta":{"desktop":{"background-color":"var(--ast-global-color-4)","background-image":"","background-repeat":"repeat","background-position":"center center","background-size":"auto","background-attachment":"scroll","background-type":"","background-media":"","overlay-type":"","overlay-color":"","overlay-opacity":"","overlay-gradient":""},"tablet":{"background-color":"","background-image":"","background-repeat":"repeat","background-position":"center center","background-size":"auto","background-attachment":"scroll","background-type":"","background-media":"","overlay-type":"","overlay-color":"","overlay-opacity":"","overlay-gradient":""},"mobile":{"background-color":"","background-image":"","background-repeat":"repeat","background-position":"center center","background-size":"auto","background-attachment":"scroll","background-type":"","background-media":"","overlay-type":"","overlay-color":"","overlay-opacity":"","overlay-gradient":""}},"ast-content-background-meta":{"desktop":{"background-color":"var(--ast-global-color-5)","background-image":"","background-repeat":"repeat","background-position":"center center","background-size":"auto","background-attachment":"scroll","background-type":"","background-media":"","overlay-type":"","overlay-color":"","overlay-opacity":"","overlay-gradient":""},"tablet":{"background-color":"var(--ast-global-color-5)","background-image":"","background-repeat":"repeat","background-position":"center center","background-size":"auto","background-attachment":"scroll","background-type":"","background-media":"","overlay-type":"","overlay-color":"","overlay-opacity":"","overlay-gradient":""},"mobile":{"background-color":"var(--ast-global-color-5)","background-image":"","background-repeat":"repeat","background-position":"center center","background-size":"auto","background-attachment":"scroll","background-type":"","background-media":"","overlay-type":"","overlay-color":"","overlay-opacity":"","overlay-gradient":""}},"footnotes":""},"categories":[1,29,372],"tags":[],"class_list":["post-5243","post","type-post","status-publish","format-standard","has-post-thumbnail","hentry","category-general","category-portada","category-prevencio-de-les-violencies"],"post_mailing_queue_ids":[],"_links":{"self":[{"href":"https:\/\/serveiseducatius.xtec.cat\/pladelestany\/wp-json\/wp\/v2\/posts\/5243","targetHints":{"allow":["GET"]}}],"collection":[{"href":"https:\/\/serveiseducatius.xtec.cat\/pladelestany\/wp-json\/wp\/v2\/posts"}],"about":[{"href":"https:\/\/serveiseducatius.xtec.cat\/pladelestany\/wp-json\/wp\/v2\/types\/post"}],"author":[{"embeddable":true,"href":"https:\/\/serveiseducatius.xtec.cat\/pladelestany\/wp-json\/wp\/v2\/users\/5"}],"replies":[{"embeddable":true,"href":"https:\/\/serveiseducatius.xtec.cat\/pladelestany\/wp-json\/wp\/v2\/comments?post=5243"}],"version-history":[{"count":1,"href":"https:\/\/serveiseducatius.xtec.cat\/pladelestany\/wp-json\/wp\/v2\/posts\/5243\/revisions"}],"predecessor-version":[{"id":5245,"href":"https:\/\/serveiseducatius.xtec.cat\/pladelestany\/wp-json\/wp\/v2\/posts\/5243\/revisions\/5245"}],"wp:featuredmedia":[{"embeddable":true,"href":"https:\/\/serveiseducatius.xtec.cat\/pladelestany\/wp-json\/wp\/v2\/media\/5244"}],"wp:attachment":[{"href":"https:\/\/serveiseducatius.xtec.cat\/pladelestany\/wp-json\/wp\/v2\/media?parent=5243"}],"wp:term":[{"taxonomy":"category","embeddable":true,"href":"https:\/\/serveiseducatius.xtec.cat\/pladelestany\/wp-json\/wp\/v2\/categories?post=5243"},{"taxonomy":"post_tag","embeddable":true,"href":"https:\/\/serveiseducatius.xtec.cat\/pladelestany\/wp-json\/wp\/v2\/tags?post=5243"}],"curies":[{"name":"wp","href":"https:\/\/api.w.org\/{rel}","templated":true}]}}