{"id":4999,"date":"2023-03-27T12:37:57","date_gmt":"2023-03-27T10:37:57","guid":{"rendered":"https:\/\/serveiseducatius.xtec.cat\/pladelestany\/?p=4999"},"modified":"2023-03-27T13:25:04","modified_gmt":"2023-03-27T11:25:04","slug":"publicada-la-resolucio-sobre-el-programa-faig","status":"publish","type":"post","link":"https:\/\/serveiseducatius.xtec.cat\/pladelestany\/general\/publicada-la-resolucio-sobre-el-programa-faig\/","title":{"rendered":"Publicada la resoluci\u00f3 sobre el programa FAIG"},"content":{"rendered":"<p><iframe loading=\"lazy\" src=\"https:\/\/drive.google.com\/file\/d\/1rugKVox3X9-2_48C3qgDnslMyv10FPdB\/preview\" width=\"640\" height=\"480\" data-mce-fragment=\"1\"><\/iframe><\/p>\n<p>Publicada la\u00a0<a href=\"https:\/\/dogc.gencat.cat\/ca\/document-del-dogc\/?documentId=955632\"><strong>RESOLUCI\u00d3 EDU\/911\/2023, de 15 de mar\u00e7<\/strong><\/a>, per la qual es crea el\u00a0<strong>programa experimental \u201cFent per aprendre, imaginant globalment \u2013 FAIG\u201d<\/strong>, i se n\u2019obre convocat\u00f2ria p\u00fablica per a la selecci\u00f3 de centres educatius participants.<\/p>\n<p>Trobareu la informaci\u00f3 relativa a la convocat\u00f2ria i als passos que heu de seguir per sol\u00b7licitar la vostra participaci\u00f3 en el programa FAIG, al\u00a0<strong>Portal de Centres<\/strong>\u00a0(<strong>I<\/strong><strong>nici \u2013 Gesti\u00f3 de centres \u2013 Innovaci\u00f3 pedag\u00f2gica \u2013 Suport a la Innovaci\u00f3 \u2013 Programa FAIG<\/strong>).<\/p>\n<p>El\u00a0<strong>termini per a la presentaci\u00f3 de sol\u00b7licituds<\/strong>\u00a0i documentaci\u00f3 per part dels centres interessats, \u00e9s el\u00a0<strong>21 d\u2019abril de 2023<\/strong>.<\/p>\n<p>Us adjuntem una <strong>presentaci\u00f3 que podreu compartir amb els vostres claustres\u00a0<\/strong>i tamb\u00e9 un enlla\u00e7 a un v\u00eddeo de l\u2019acte de llan\u00e7ament que es va realitzar el 9 de mar\u00e7, en el qual es presenten les idees essencials del programa: <a href=\"https:\/\/youtu.be\/kRQvlrI4DDc\" data-saferedirecturl=\"https:\/\/www.google.com\/url?q=https:\/\/youtu.be\/kRQvlrI4DDc&amp;source=gmail&amp;ust=1679753481547000&amp;usg=AOvVaw3iR7EonRqxu_9lwLdsxt8f\">https:\/\/youtu.be\/kRQvlrI4DDc<\/a><\/p>\n<p>Si hi esteu interessats, <strong>podeu assistir a una reuni\u00f3 telem\u00e0tica informativa amb l\u2019equip del CESIRE<\/strong>, en la qual s\u2019informar\u00e0 del programa, el proc\u00e9s a seguir per a la participaci\u00f3 i s\u2019atendran els dubtes que se us puguin generar.<\/p>\n<p><strong>Per facilitar la m\u00e0xima participaci\u00f3 s&#8217;ofereixen dues dates alternatives:<\/strong><\/p>\n<ul>\n<li><strong>Dilluns 27 de mar\u00e7 a les 16h:\u00a0<\/strong><a href=\"https:\/\/us06web.zoom.us\/j\/81584111071?pwd=c3R0WTYwV1d1ZnlNOC9DYU15KzNMZz09\" data-saferedirecturl=\"https:\/\/www.google.com\/url?q=https:\/\/us06web.zoom.us\/j\/81584111071?pwd%3Dc3R0WTYwV1d1ZnlNOC9DYU15KzNMZz09&amp;source=gmail&amp;ust=1679753481547000&amp;usg=AOvVaw2pawivSXJNH5lCJ5672aCu\">https:\/\/us06web.zoom.us\/j\/81584111071?pwd=c3R0WTYwV1d1ZnlNOC9DYU15KzNMZz09<\/a><\/li>\n<li><strong>Dimarts 11 d\u2019abril a les 11h: <\/strong><a href=\"https:\/\/us06web.zoom.us\/j\/83347781580?pwd=ZDN4ZlI2TnhrdnB5ZWZ4VDd1S2hzQT09\" data-saferedirecturl=\"https:\/\/www.google.com\/url?q=https:\/\/us06web.zoom.us\/j\/83347781580?pwd%3DZDN4ZlI2TnhrdnB5ZWZ4VDd1S2hzQT09&amp;source=gmail&amp;ust=1679753481547000&amp;usg=AOvVaw0NeOkz2LMBcYflZB5E3N86\">https:\/\/us06web.zoom.us\/j\/83347781580?pwd=ZDN4ZlI2TnhrdnB5ZWZ4VDd1S2hzQT09<\/a><\/li>\n<\/ul>\n<p>Si necessiteu aclariments o teniu dubtes i no podeu assistir a la reuni\u00f3 telem\u00e0tica, us podeu dirigir directament al correu:\u00a0<a href=\"mailto:faig@cesire.cat\">faig@cesire.cat<\/a><\/p>\n<p><iframe loading=\"lazy\" src=\"\/\/www.youtube.com\/embed\/kRQvlrI4DDc\" width=\"560\" height=\"314\" allowfullscreen=\"allowfullscreen\"><\/iframe><\/p>\n","protected":false},"excerpt":{"rendered":"<p>Oberta la convocat\u00f2ria p\u00fablica per a la selecci\u00f3 de centres participants al\u00a0programa experimental \u201cFent per aprendre, imaginant globalment \u2013 FAIG\u201d<\/p>\n","protected":false},"author":5,"featured_media":5006,"comment_status":"closed","ping_status":"closed","sticky":false,"template":"","format":"standard","meta":{"site-sidebar-layout":"default","site-content-layout":"","ast-site-content-layout":"","site-content-style":"default","site-sidebar-style":"default","ast-global-header-display":"","ast-banner-title-visibility":"","ast-main-header-display":"","ast-hfb-above-header-display":"","ast-hfb-below-header-display":"","ast-hfb-mobile-header-display":"","site-post-title":"","ast-breadcrumbs-content":"","ast-featured-img":"","footer-sml-layout":"","theme-transparent-header-meta":"","adv-header-id-meta":"","stick-header-meta":"","header-above-stick-meta":"","header-main-stick-meta":"","header-below-stick-meta":"","astra-migrate-meta-layouts":"default","ast-page-background-enabled":"default","ast-page-background-meta":{"desktop":{"background-color":"var(--ast-global-color-4)","background-image":"","background-repeat":"repeat","background-position":"center center","background-size":"auto","background-attachment":"scroll","background-type":"","background-media":"","overlay-type":"","overlay-color":"","overlay-opacity":"","overlay-gradient":""},"tablet":{"background-color":"","background-image":"","background-repeat":"repeat","background-position":"center center","background-size":"auto","background-attachment":"scroll","background-type":"","background-media":"","overlay-type":"","overlay-color":"","overlay-opacity":"","overlay-gradient":""},"mobile":{"background-color":"","background-image":"","background-repeat":"repeat","background-position":"center center","background-size":"auto","background-attachment":"scroll","background-type":"","background-media":"","overlay-type":"","overlay-color":"","overlay-opacity":"","overlay-gradient":""}},"ast-content-background-meta":{"desktop":{"background-color":"var(--ast-global-color-5)","background-image":"","background-repeat":"repeat","background-position":"center center","background-size":"auto","background-attachment":"scroll","background-type":"","background-media":"","overlay-type":"","overlay-color":"","overlay-opacity":"","overlay-gradient":""},"tablet":{"background-color":"var(--ast-global-color-5)","background-image":"","background-repeat":"repeat","background-position":"center center","background-size":"auto","background-attachment":"scroll","background-type":"","background-media":"","overlay-type":"","overlay-color":"","overlay-opacity":"","overlay-gradient":""},"mobile":{"background-color":"var(--ast-global-color-5)","background-image":"","background-repeat":"repeat","background-position":"center center","background-size":"auto","background-attachment":"scroll","background-type":"","background-media":"","overlay-type":"","overlay-color":"","overlay-opacity":"","overlay-gradient":""}},"footnotes":""},"categories":[1,223,29,224],"tags":[356,357,226,225],"class_list":["post-4999","post","type-post","status-publish","format-standard","has-post-thumbnail","hentry","category-general","category-innovacio","category-portada","category-programes-dinnovacio","tag-cesire","tag-faig","tag-innovacio","tag-programa-dinnovacio"],"post_mailing_queue_ids":[],"_links":{"self":[{"href":"https:\/\/serveiseducatius.xtec.cat\/pladelestany\/wp-json\/wp\/v2\/posts\/4999","targetHints":{"allow":["GET"]}}],"collection":[{"href":"https:\/\/serveiseducatius.xtec.cat\/pladelestany\/wp-json\/wp\/v2\/posts"}],"about":[{"href":"https:\/\/serveiseducatius.xtec.cat\/pladelestany\/wp-json\/wp\/v2\/types\/post"}],"author":[{"embeddable":true,"href":"https:\/\/serveiseducatius.xtec.cat\/pladelestany\/wp-json\/wp\/v2\/users\/5"}],"replies":[{"embeddable":true,"href":"https:\/\/serveiseducatius.xtec.cat\/pladelestany\/wp-json\/wp\/v2\/comments?post=4999"}],"version-history":[{"count":3,"href":"https:\/\/serveiseducatius.xtec.cat\/pladelestany\/wp-json\/wp\/v2\/posts\/4999\/revisions"}],"predecessor-version":[{"id":5009,"href":"https:\/\/serveiseducatius.xtec.cat\/pladelestany\/wp-json\/wp\/v2\/posts\/4999\/revisions\/5009"}],"wp:featuredmedia":[{"embeddable":true,"href":"https:\/\/serveiseducatius.xtec.cat\/pladelestany\/wp-json\/wp\/v2\/media\/5006"}],"wp:attachment":[{"href":"https:\/\/serveiseducatius.xtec.cat\/pladelestany\/wp-json\/wp\/v2\/media?parent=4999"}],"wp:term":[{"taxonomy":"category","embeddable":true,"href":"https:\/\/serveiseducatius.xtec.cat\/pladelestany\/wp-json\/wp\/v2\/categories?post=4999"},{"taxonomy":"post_tag","embeddable":true,"href":"https:\/\/serveiseducatius.xtec.cat\/pladelestany\/wp-json\/wp\/v2\/tags?post=4999"}],"curies":[{"name":"wp","href":"https:\/\/api.w.org\/{rel}","templated":true}]}}