{"id":4793,"date":"2023-01-24T13:05:47","date_gmt":"2023-01-24T12:05:47","guid":{"rendered":"https:\/\/serveiseducatius.xtec.cat\/pladelestany\/?p=4793"},"modified":"2024-10-16T13:19:35","modified_gmt":"2024-10-16T11:19:35","slug":"coneixes-els-nostres-recursos-digitals","status":"publish","type":"post","link":"https:\/\/serveiseducatius.xtec.cat\/pladelestany\/mediateca\/coneixes-els-nostres-recursos-digitals\/","title":{"rendered":"Coneixes els nostres recursos digitals?"},"content":{"rendered":"<p>A la Mediateca del SE hi pots trobar maletes pedag\u00f2giques per treballar a l&#8217;aula amb l&#8217;alumnat. Per\u00f2, sabies que tamb\u00e9 tens a la teva disposici\u00f3 algunes d&#8217;aquestes maletes en versi\u00f3 digital?<\/p>\n<p><a href=\"https:\/\/sites.google.com\/a\/xtec.cat\/dinamitzacio-bepe\/versos-vora-lestany?authuser=0\"><strong><img loading=\"lazy\" decoding=\"async\" class=\"wp-image-4795 alignleft\" src=\"https:\/\/serveiseducatius.xtec.cat\/pladelestany\/wp-content\/uploads\/usu771\/2023\/01\/titol-3-amb-foto.png\" alt=\"\" width=\"236\" height=\"71\" srcset=\"https:\/\/serveiseducatius.xtec.cat\/pladelestany\/wp-content\/uploads\/usu771\/2023\/01\/titol-3-amb-foto.png 836w, https:\/\/serveiseducatius.xtec.cat\/pladelestany\/wp-content\/uploads\/usu771\/2023\/01\/titol-3-amb-foto-300x90.png 300w, https:\/\/serveiseducatius.xtec.cat\/pladelestany\/wp-content\/uploads\/usu771\/2023\/01\/titol-3-amb-foto-768x231.png 768w\" sizes=\"auto, (max-width: 236px) 100vw, 236px\" \/><\/strong><\/a><a href=\"https:\/\/sites.google.com\/xtec.cat\/versosvoralestany\/versos-vora-lestany\" target=\"_blank\" rel=\"noopener\"><strong>Versos vora l&#8217;es<\/strong><strong>tany<\/strong><\/a>. Maleta per gaudir de la poesia. Hi trobar\u00e0s lectures, propostes d&#8217;activitats, \u00e0udios, base te\u00f2rica i una guia per aprendre a llegir poesia.<\/p>\n<p>&nbsp;<\/p>\n<p><a href=\"https:\/\/sites.google.com\/a\/xtec.cat\/se_pladelestany\/c%C3%B2mic-a-laula-versi%C3%B3-digital?authuser=0\"><strong><img loading=\"lazy\" decoding=\"async\" class=\"wp-image-4798 alignleft\" src=\"https:\/\/serveiseducatius.xtec.cat\/pladelestany\/wp-content\/uploads\/usu771\/2023\/01\/Sense-titol-1.png\" alt=\"\" width=\"117\" height=\"99\" srcset=\"https:\/\/serveiseducatius.xtec.cat\/pladelestany\/wp-content\/uploads\/usu771\/2023\/01\/Sense-titol-1.png 414w, https:\/\/serveiseducatius.xtec.cat\/pladelestany\/wp-content\/uploads\/usu771\/2023\/01\/Sense-titol-1-300x250.png 300w\" sizes=\"auto, (max-width: 117px) 100vw, 117px\" \/><\/strong><\/a><a href=\"https:\/\/sites.google.com\/xtec.cat\/comicalauladigital\/c%C3%B2mic-a-laula-versi%C3%B3-digital\" target=\"_blank\" rel=\"noopener\"><strong>C\u00f2mic a l&#8217;aula<\/strong><\/a>. Materials per analitzar i crear els teus propis c\u00f2mics a l&#8217;aula. Hi podr\u00e0s consultar eines digitals, una guia de treball amb una proposta did\u00e0ctica organitzada per sessions i lectures i m\u00e9s lectures.<\/p>\n<p>&nbsp;<\/p>\n<p><a style=\"color: #2795b6;\" href=\"https:\/\/sites.google.com\/a\/xtec.cat\/se_pladelestany\/c%C3%B2mic-a-laula-versi%C3%B3-digital?authuser=0\"><strong><img loading=\"lazy\" decoding=\"async\" class=\"wp-image-4796 alignleft\" src=\"https:\/\/serveiseducatius.xtec.cat\/pladelestany\/wp-content\/uploads\/usu771\/2023\/01\/Sense-titol.png\" alt=\"\" width=\"128\" height=\"88\" srcset=\"https:\/\/serveiseducatius.xtec.cat\/pladelestany\/wp-content\/uploads\/usu771\/2023\/01\/Sense-titol.png 473w, https:\/\/serveiseducatius.xtec.cat\/pladelestany\/wp-content\/uploads\/usu771\/2023\/01\/Sense-titol-300x206.png 300w\" sizes=\"auto, (max-width: 128px) 100vw, 128px\" \/><\/strong><\/a><\/p>\n<p><a href=\"https:\/\/sites.google.com\/xtec.cat\/experi-mat-digital\/experimat-digital\" target=\"_blank\" rel=\"noopener\"><strong>Exper-MAT<\/strong><\/a>. Recull de propostes per desenvolupar l&#8217;enginy matem\u00e0tic, la creativitat i altres recursos matem\u00e0tics. Tamb\u00e9 hi trobareu retallables de figures geom\u00e8triques, tangrams i enlla\u00e7os web a m\u00e9s recursos i materials.<\/p>\n<p>&nbsp;<\/p>\n<p><a href=\"https:\/\/sites.google.com\/xtec.cat\/text-periodistic-a-les-aules\/p%C3%A0gina-principal\"><strong><img loading=\"lazy\" decoding=\"async\" class=\"wp-image-4794 alignleft\" src=\"https:\/\/serveiseducatius.xtec.cat\/pladelestany\/wp-content\/uploads\/usu771\/2023\/01\/capcalera-1b.png\" alt=\"\" width=\"106\" height=\"123\" \/><\/strong><\/a><a href=\"https:\/\/sites.google.com\/xtec.cat\/text-periodistic-a-les-aules\/p%C3%A0gina-principal\" target=\"_blank\" rel=\"noopener\"><strong>EXTRA! EXTRA! El text period\u00edstic a les aules<\/strong><\/a>. Informaci\u00f3 i activitats per dissenyar i elaborar un diari escolar, amb les seves seccions, contingut i estil, com un diari professional. A m\u00e9s de tota la part te\u00f2rica i algunes propostes per anar creant el vostre diari, hi trobareu enlla\u00e7os a webs oficials de diaris d&#8217;arreu del m\u00f3n, diaris en pdf i diaris que no existeixen de deb\u00f2.<\/p>\n<p>&nbsp;<\/p>\n<p><a href=\"https:\/\/sites.google.com\/a\/xtec.cat\/inclusio_digital_pladelestany\/home\" target=\"_blank\" rel=\"noopener\"><strong>Inclusi\u00f3 digital. Eines per a tothom<\/strong><\/a>. Recull ordenat d&#8217;enlla\u00e7os i eines per treballar inclusivament a les aules.<span style=\"color: #2795b6;\"><b>\u00a0<\/b><\/span><a style=\"color: #2795b6;\" href=\"https:\/\/sites.google.com\/a\/xtec.cat\/inclusio_digital_pladelestany\/home\"><strong><img loading=\"lazy\" decoding=\"async\" class=\"wp-image-4799 alignleft\" src=\"https:\/\/serveiseducatius.xtec.cat\/pladelestany\/wp-content\/uploads\/usu771\/2023\/01\/Sense-titol-2.png\" alt=\"\" width=\"429\" height=\"55\" srcset=\"https:\/\/serveiseducatius.xtec.cat\/pladelestany\/wp-content\/uploads\/usu771\/2023\/01\/Sense-titol-2.png 687w, https:\/\/serveiseducatius.xtec.cat\/pladelestany\/wp-content\/uploads\/usu771\/2023\/01\/Sense-titol-2-300x38.png 300w\" sizes=\"auto, (max-width: 429px) 100vw, 429px\" \/><\/strong><\/a><\/p>\n","protected":false},"excerpt":{"rendered":"<p>A la Medieteca del SE hi pots trobar maletes pedag\u00f2giques per treballar a l&#8217;aula amb l&#8217;alumnat. Per\u00f2, sabies que tamb\u00e9 tens a la teva disposici\u00f3 algunes d&#8217;aquestes maletes en versi\u00f3 digital?<\/p>\n","protected":false},"author":5,"featured_media":5261,"comment_status":"closed","ping_status":"closed","sticky":true,"template":"","format":"standard","meta":{"site-sidebar-layout":"default","site-content-layout":"","ast-site-content-layout":"","site-content-style":"default","site-sidebar-style":"default","ast-global-header-display":"","ast-banner-title-visibility":"","ast-main-header-display":"","ast-hfb-above-header-display":"","ast-hfb-below-header-display":"","ast-hfb-mobile-header-display":"","site-post-title":"","ast-breadcrumbs-content":"","ast-featured-img":"","footer-sml-layout":"","theme-transparent-header-meta":"","adv-header-id-meta":"","stick-header-meta":"","header-above-stick-meta":"","header-main-stick-meta":"","header-below-stick-meta":"","astra-migrate-meta-layouts":"default","ast-page-background-enabled":"default","ast-page-background-meta":{"desktop":{"background-color":"var(--ast-global-color-4)","background-image":"","background-repeat":"repeat","background-position":"center center","background-size":"auto","background-attachment":"scroll","background-type":"","background-media":"","overlay-type":"","overlay-color":"","overlay-opacity":"","overlay-gradient":""},"tablet":{"background-color":"","background-image":"","background-repeat":"repeat","background-position":"center center","background-size":"auto","background-attachment":"scroll","background-type":"","background-media":"","overlay-type":"","overlay-color":"","overlay-opacity":"","overlay-gradient":""},"mobile":{"background-color":"","background-image":"","background-repeat":"repeat","background-position":"center center","background-size":"auto","background-attachment":"scroll","background-type":"","background-media":"","overlay-type":"","overlay-color":"","overlay-opacity":"","overlay-gradient":""}},"ast-content-background-meta":{"desktop":{"background-color":"var(--ast-global-color-5)","background-image":"","background-repeat":"repeat","background-position":"center center","background-size":"auto","background-attachment":"scroll","background-type":"","background-media":"","overlay-type":"","overlay-color":"","overlay-opacity":"","overlay-gradient":""},"tablet":{"background-color":"var(--ast-global-color-5)","background-image":"","background-repeat":"repeat","background-position":"center center","background-size":"auto","background-attachment":"scroll","background-type":"","background-media":"","overlay-type":"","overlay-color":"","overlay-opacity":"","overlay-gradient":""},"mobile":{"background-color":"var(--ast-global-color-5)","background-image":"","background-repeat":"repeat","background-position":"center center","background-size":"auto","background-attachment":"scroll","background-type":"","background-media":"","overlay-type":"","overlay-color":"","overlay-opacity":"","overlay-gradient":""}},"footnotes":""},"categories":[288],"tags":[248,231,41],"class_list":["post-4793","post","type-post","status-publish","format-standard","has-post-thumbnail","hentry","category-mediateca","tag-cultura-digital","tag-llengua","tag-matematiques"],"post_mailing_queue_ids":[],"_links":{"self":[{"href":"https:\/\/serveiseducatius.xtec.cat\/pladelestany\/wp-json\/wp\/v2\/posts\/4793","targetHints":{"allow":["GET"]}}],"collection":[{"href":"https:\/\/serveiseducatius.xtec.cat\/pladelestany\/wp-json\/wp\/v2\/posts"}],"about":[{"href":"https:\/\/serveiseducatius.xtec.cat\/pladelestany\/wp-json\/wp\/v2\/types\/post"}],"author":[{"embeddable":true,"href":"https:\/\/serveiseducatius.xtec.cat\/pladelestany\/wp-json\/wp\/v2\/users\/5"}],"replies":[{"embeddable":true,"href":"https:\/\/serveiseducatius.xtec.cat\/pladelestany\/wp-json\/wp\/v2\/comments?post=4793"}],"version-history":[{"count":6,"href":"https:\/\/serveiseducatius.xtec.cat\/pladelestany\/wp-json\/wp\/v2\/posts\/4793\/revisions"}],"predecessor-version":[{"id":5657,"href":"https:\/\/serveiseducatius.xtec.cat\/pladelestany\/wp-json\/wp\/v2\/posts\/4793\/revisions\/5657"}],"wp:featuredmedia":[{"embeddable":true,"href":"https:\/\/serveiseducatius.xtec.cat\/pladelestany\/wp-json\/wp\/v2\/media\/5261"}],"wp:attachment":[{"href":"https:\/\/serveiseducatius.xtec.cat\/pladelestany\/wp-json\/wp\/v2\/media?parent=4793"}],"wp:term":[{"taxonomy":"category","embeddable":true,"href":"https:\/\/serveiseducatius.xtec.cat\/pladelestany\/wp-json\/wp\/v2\/categories?post=4793"},{"taxonomy":"post_tag","embeddable":true,"href":"https:\/\/serveiseducatius.xtec.cat\/pladelestany\/wp-json\/wp\/v2\/tags?post=4793"}],"curies":[{"name":"wp","href":"https:\/\/api.w.org\/{rel}","templated":true}]}}